{"id":1998883,"date":"2026-06-19T06:00:34","date_gmt":"2026-06-19T03:00:34","guid":{"rendered":"https:\/\/analyse.optim.biz\/?p=1998883"},"modified":"2026-06-19T06:00:34","modified_gmt":"2026-06-19T03:00:34","slug":"primaria-muta-trei-statii-de-taxi-din-municipiu-la-cererea-tulcenilor-ziarul-delta-tulcea","status":"publish","type":"post","link":"https:\/\/analyse.optim.biz\/?p=1998883","title":{"rendered":"Prim\u0103ria mut\u0103 trei sta\u0163ii de taxi din municipiu la cererea tulcenilor &#8211; Ziarul Delta Tulcea"},"content":{"rendered":"<p>[analyse_image type=&#8221;featured&#8221; src=&#8221;https:\/\/ziaruldelta.ro\/wp-content\/uploads\/2026\/06\/primaria-muta.jpg&#8221;]<\/p>\n<article id=\"post-37108\" class=\"module single-post-module post-37108 post type-post status-publish format-standard has-post-thumbnail hentry category-stirea-zilei et-has-post-format-content et_post_format-et-post-format-standard\">\n<div class=\"post-header\">\n<h1 class=\"entry-title\">Prim\u0103ria mut\u0103 trei sta\u0163ii de taxi din municipiu la cererea tulcenilor<\/h1>\n<div class=\"post-meta vcard\">\n<p>Posted by <a href=\"https:\/\/ziaruldelta.ro\/author\/claudia-ionescu\/\" class=\"url fn\" title=\"Posts by Claudia Ionescu\" rel=\"author\">Claudia Ionescu<\/a> | <span class=\"updated\">Jun 19, 2026<\/span> | <a href=\"https:\/\/ziaruldelta.ro\/category\/stirea-zilei\/\" rel=\"tag\">Stirea Zilei<\/a> | <\/p>\n<\/div>\n<\/div>\n<div class=\"post-thumbnail header\"><img decoding=\"async\" src=\"https:\/\/ziaruldelta.ro\/wp-content\/uploads\/2026\/06\/primaria-muta.jpg\" alt=\"Prim\u0103ria mut\u0103 trei sta\u0163ii de taxi din municipiu la cererea tulcenilor\"><\/div>\n<div class=\"post-wrap\">\n<div class=\"post-content entry-content\">\n<p>Prim\u0103ria municipiului Tulcea a pus \u00een dezbatere public\u0103 un proiect de hot\u0103r\u00e2re care prevede relocarea mai multor sta\u0163ii de taxi din ora\u015f, precum \u015fi actualizarea num\u0103rului de locuri disponibile \u00een anumite zone.<\/p>\n<p>Potrivit proiectului, cele \u015fase locuri de a\u015fteptare pentru taxi aflate pe strada Babadag, \u00een fa\u0163a Institutului Na\u0163ional de Cercetare-Dezvoltare Delta Dun\u0103rii (INCDDD), urmeaz\u0103 s\u0103 fie mutate pe strada Comer\u0163ului, \u00een spatele cl\u0103dirii ANAF. De asemenea, cinci locuri de a\u015fteptare de la intersec\u0163ia str\u0103zilor Gr\u0103dinarilor \u015fi Prislav vor fi relocate pe strada Gr\u0103dinarilor nr. 9. Totodat\u0103, sta\u0163ia de taxi cu opt locuri aflat\u0103 pe strada Isaccei, \u00een zona ITA, urmeaz\u0103 s\u0103 fie desfiin\u0163at\u0103, iar cele opt locuri vor fi relocate la sta\u0163ia de taxi de pe strada Isaccei, vizavi de Alum S.A. O alt\u0103 modificare este suplimentarea num\u0103rului de locuri \u00een anumite sta\u0163ii de taxi. Astfel, \u00een unele sta\u0163ii unde existau opt locuri, ar urma s\u0103 fie nou\u0103 locuri.<\/p>\n<p>Pre\u015fedintele Camerei Taximetri\u015ftilor \u2013 Filiala Tulcea, Daniel Trofim, ne-a declarat c\u0103 majoritatea acestor modific\u0103ri au fost solicitate chiar de taximetri\u015fti, \u00een urma problemelor ap\u0103rute \u00een teren, \u015fi a explicat care au fost motivele exacte ce au stat la baza propunerilor pentru aceste modific\u0103ri.<\/p>\n<blockquote>\n<p><img loading=\"lazy\" decoding=\"async\" class=\"size-full wp-image-37110 aligncenter\" src=\"https:\/\/ziaruldelta.ro\/wp-content\/uploads\/2026\/06\/Daniel-Trofim.jpg\" alt width=\"600\" height=\"450\">\u201eO parte dintre aceste reloc\u0103ri au fost f\u0103cute la solicitarea mea \u015fi a colegilor taximetri\u015fti, fiindc\u0103 se vor desfiin\u0163a din anumite zone. De exemplu, \u00een zona ANAF de pe strada Babadag, trotuarul a fost reabilitat \u015fi \u00eengustat, \u015fi nu se mai poate folosi acel spa\u0163iu. Din acest motiv, sta\u0163ia va fi mutat\u0103 \u00een fa\u0163a Liceului Pedagogic. Este mai bine, fiindc\u0103 sunt \u015fi copii acolo, care folosesc frecvent taxiul. Urm\u0103toarea sta\u0163ie care se modific\u0103 este cea de la noul sens giratoriu, din apropiere de strada Taberei. Acolo existau doar trei locuri, amplasate chiar \u00een intersec\u0163ie. Spa\u0163iul a devenit foarte restr\u00e2ns, a\u015fa c\u0103, \u00een colaborare cu Prim\u0103ria, am cerut mutarea sta\u0163iei vizavi de Alum\u201d, ne-a declarat Daniel Trofim.<\/p>\n<\/blockquote>\n<p>\u00cen ceea ce prive\u015fte sta\u0163ia de la intersec\u0163ia str\u0103zilor Gr\u0103dinarilor \u015fi Prislav, Daniel Trofim a explicat c\u0103 relocarea a fost solicitat\u0103 \u015fi de agen\u0163ii economici din zon\u0103.<\/p>\n<blockquote>\n<p>\u201eSta\u0163ia era aproape de sensul giratoriu, \u00een fa\u0163a unui agent economic. La solicitarea acestuia \u015fi a mai multor agen\u0163i din zon\u0103, ar urma ca sta\u0163ia s\u0103 fie mutat\u0103 mai \u00een fa\u0163\u0103, l\u00e2ng\u0103 benzin\u0103rie, \u00een apropiere de trecerea bac. Este o actualizare benefic\u0103 pentru to\u0163i, \u015fi pentru noi, taximetri\u015ftii, dar \u015fi pentru clien\u0163ii Tulcei\u201d, a spus acesta.<\/p>\n<\/blockquote>\n<p>Pe l\u00e2ng\u0103 relocarea sta\u0163iilor, taximetri\u015ftii solicit\u0103 \u015fi actualizarea num\u0103rului de locuri \u00een anumite puncte din ora\u015f.<\/p>\n<blockquote>\n<p>\u201e Am cerut \u015fi actualizarea num\u0103rului de locuri \u00een anumite sta\u0163ii. Sunt situa\u0163ii \u00een care un loc este l\u0103sat liber, de\u015fi spa\u0163iul permite folosirea lui. De exemplu, sunt probleme la sta\u0163iile de la Big \u015fi Pelican. Tehnic, sunt nou\u0103 locuri disponibile, dar noi taximetri\u015ftii avem doar opt locuri. Cel din fa\u0163\u0103 r\u0103m\u00e2ne liber \u015fi e un disconfort pentru noi. S\u0103 vedem \u00een timp cum o s\u0103 fie. Poate mai actualiz\u0103m sta\u0163iile de taxi de la Neptun, fiindc\u0103 \u015fi acolo sunt probleme, dar \u00een timp\u201d, a precizat Daniel Trofim.<\/p>\n<\/blockquote>\n<p>Propuneri, sugestii, opinii cu valoare de recomandare privind proiectul de act normativ supus procedurii de transparen\u0163\u0103 decizional\u0103 se pot depune p\u00e2n\u0103 la data de 30 iunie.<\/p>\n<p>Pentru cei interesa\u0163i, exist\u0103 \u015fi posibilitatea organiz\u0103rii unei \u00eent\u00e2lniri \u00een care s\u0103 se dezbat\u0103 public proiectul de act normativ, \u00een cazul \u00een care acest lucru este cerut \u00een scris de c\u0103tre o asocia\u0163ie legal constituit\u0103 sau de c\u0103tre o alt\u0103 autoritate sau institu\u0163ie public\u0103 p\u00e2n\u0103 la data de 30 iunie.<\/p>\n<\/div>\n<\/div>\n<div class=\"post-footer\">\n<div class=\"social-icons ed-social-share-icons\">\n<p class=\"share-title\">Share:<\/p>\n<\/div>\n<div class=\"rating-stars\">\n<p id=\"rate-title\" class=\"rate-title\">Rate:<\/p>\n<\/div>\n<\/div>\n<\/article>\n<div class=\"post-content entry-content\">\n<p>Prim\u0103ria municipiului Tulcea a pus \u00een dezbatere public\u0103 un proiect de hot\u0103r\u00e2re care prevede relocarea mai multor sta\u0163ii de taxi din ora\u015f, precum \u015fi actualizarea num\u0103rului de locuri disponibile \u00een anumite zone.<\/p>\n<p>Potrivit proiectului, cele \u015fase locuri de a\u015fteptare pentru taxi aflate pe strada Babadag, \u00een fa\u0163a Institutului Na\u0163ional de Cercetare-Dezvoltare Delta Dun\u0103rii (INCDDD), urmeaz\u0103 s\u0103 fie mutate pe strada Comer\u0163ului, \u00een spatele cl\u0103dirii ANAF. De asemenea, cinci locuri de a\u015fteptare de la intersec\u0163ia str\u0103zilor Gr\u0103dinarilor \u015fi Prislav vor fi relocate pe strada Gr\u0103dinarilor nr. 9. Totodat\u0103, sta\u0163ia de taxi cu opt locuri aflat\u0103 pe strada Isaccei, \u00een zona ITA, urmeaz\u0103 s\u0103 fie desfiin\u0163at\u0103, iar cele opt locuri vor fi relocate la sta\u0163ia de taxi de pe strada Isaccei, vizavi de Alum S.A. O alt\u0103 modificare este suplimentarea num\u0103rului de locuri \u00een anumite sta\u0163ii de taxi. Astfel, \u00een unele sta\u0163ii unde existau opt locuri, ar urma s\u0103 fie nou\u0103 locuri.<\/p>\n<p>Pre\u015fedintele Camerei Taximetri\u015ftilor \u2013 Filiala Tulcea, Daniel Trofim, ne-a declarat c\u0103 majoritatea acestor modific\u0103ri au fost solicitate chiar de taximetri\u015fti, \u00een urma problemelor ap\u0103rute \u00een teren, \u015fi a explicat care au fost motivele exacte ce au stat la baza propunerilor pentru aceste modific\u0103ri.<\/p>\n<blockquote>\n<p><img loading=\"lazy\" decoding=\"async\" class=\"size-full wp-image-37110 aligncenter\" src=\"https:\/\/ziaruldelta.ro\/wp-content\/uploads\/2026\/06\/Daniel-Trofim.jpg\" alt width=\"600\" height=\"450\">\u201eO parte dintre aceste reloc\u0103ri au fost f\u0103cute la solicitarea mea \u015fi a colegilor taximetri\u015fti, fiindc\u0103 se vor desfiin\u0163a din anumite zone. De exemplu, \u00een zona ANAF de pe strada Babadag, trotuarul a fost reabilitat \u015fi \u00eengustat, \u015fi nu se mai poate folosi acel spa\u0163iu. Din acest motiv, sta\u0163ia va fi mutat\u0103 \u00een fa\u0163a Liceului Pedagogic. Este mai bine, fiindc\u0103 sunt \u015fi copii acolo, care folosesc frecvent taxiul. Urm\u0103toarea sta\u0163ie care se modific\u0103 este cea de la noul sens giratoriu, din apropiere de strada Taberei. Acolo existau doar trei locuri, amplasate chiar \u00een intersec\u0163ie. Spa\u0163iul a devenit foarte restr\u00e2ns, a\u015fa c\u0103, \u00een colaborare cu Prim\u0103ria, am cerut mutarea sta\u0163iei vizavi de Alum\u201d, ne-a declarat Daniel Trofim.<\/p>\n<\/blockquote>\n<p>\u00cen ceea ce prive\u015fte sta\u0163ia de la intersec\u0163ia str\u0103zilor Gr\u0103dinarilor \u015fi Prislav, Daniel Trofim a explicat c\u0103 relocarea a fost solicitat\u0103 \u015fi de agen\u0163ii economici din zon\u0103.<\/p>\n<blockquote>\n<p>\u201eSta\u0163ia era aproape de sensul giratoriu, \u00een fa\u0163a unui agent economic. La solicitarea acestuia \u015fi a mai multor agen\u0163i din zon\u0103, ar urma ca sta\u0163ia s\u0103 fie mutat\u0103 mai \u00een fa\u0163\u0103, l\u00e2ng\u0103 benzin\u0103rie, \u00een apropiere de trecerea bac. Este o actualizare benefic\u0103 pentru to\u0163i, \u015fi pentru noi, taximetri\u015ftii, dar \u015fi pentru clien\u0163ii Tulcei\u201d, a spus acesta.<\/p>\n<\/blockquote>\n<p>Pe l\u00e2ng\u0103 relocarea sta\u0163iilor, taximetri\u015ftii solicit\u0103 \u015fi actualizarea num\u0103rului de locuri \u00een anumite puncte din ora\u015f.<\/p>\n<blockquote>\n<p>\u201e Am cerut \u015fi actualizarea num\u0103rului de locuri \u00een anumite sta\u0163ii. Sunt situa\u0163ii \u00een care un loc este l\u0103sat liber, de\u015fi spa\u0163iul permite folosirea lui. De exemplu, sunt probleme la sta\u0163iile de la Big \u015fi Pelican. Tehnic, sunt nou\u0103 locuri disponibile, dar noi taximetri\u015ftii avem doar opt locuri. Cel din fa\u0163\u0103 r\u0103m\u00e2ne liber \u015fi e un disconfort pentru noi. S\u0103 vedem \u00een timp cum o s\u0103 fie. Poate mai actualiz\u0103m sta\u0163iile de taxi de la Neptun, fiindc\u0103 \u015fi acolo sunt probleme, dar \u00een timp\u201d, a precizat Daniel Trofim.<\/p>\n<\/blockquote>\n<p>Propuneri, sugestii, opinii cu valoare de recomandare privind proiectul de act normativ supus procedurii de transparen\u0163\u0103 decizional\u0103 se pot depune p\u00e2n\u0103 la data de 30 iunie.<\/p>\n<p>Pentru cei interesa\u0163i, exist\u0103 \u015fi posibilitatea organiz\u0103rii unei \u00eent\u00e2lniri \u00een care s\u0103 se dezbat\u0103 public proiectul de act normativ, \u00een cazul \u00een care acest lucru este cerut \u00een scris de c\u0103tre o asocia\u0163ie legal constituit\u0103 sau de c\u0103tre o alt\u0103 autoritate sau institu\u0163ie public\u0103 p\u00e2n\u0103 la data de 30 iunie.<\/p>\n<\/div>\n<div class=\"post-content entry-content\">\n<p>Prim\u0103ria municipiului Tulcea a pus \u00een dezbatere public\u0103 un proiect de hot\u0103r\u00e2re care prevede relocarea mai multor sta\u0163ii de taxi din ora\u015f, precum \u015fi actualizarea num\u0103rului de locuri disponibile \u00een anumite zone.<\/p>\n<p>Potrivit proiectului, cele \u015fase locuri de a\u015fteptare pentru taxi aflate pe strada Babadag, \u00een fa\u0163a Institutului Na\u0163ional de Cercetare-Dezvoltare Delta Dun\u0103rii (INCDDD), urmeaz\u0103 s\u0103 fie mutate pe strada Comer\u0163ului, \u00een spatele cl\u0103dirii ANAF. De asemenea, cinci locuri de a\u015fteptare de la intersec\u0163ia str\u0103zilor Gr\u0103dinarilor \u015fi Prislav vor fi relocate pe strada Gr\u0103dinarilor nr. 9. Totodat\u0103, sta\u0163ia de taxi cu opt locuri aflat\u0103 pe strada Isaccei, \u00een zona ITA, urmeaz\u0103 s\u0103 fie desfiin\u0163at\u0103, iar cele opt locuri vor fi relocate la sta\u0163ia de taxi de pe strada Isaccei, vizavi de Alum S.A. O alt\u0103 modificare este suplimentarea num\u0103rului de locuri \u00een anumite sta\u0163ii de taxi. Astfel, \u00een unele sta\u0163ii unde existau opt locuri, ar urma s\u0103 fie nou\u0103 locuri.<\/p>\n<p>Pre\u015fedintele Camerei Taximetri\u015ftilor \u2013 Filiala Tulcea, Daniel Trofim, ne-a declarat c\u0103 majoritatea acestor modific\u0103ri au fost solicitate chiar de taximetri\u015fti, \u00een urma problemelor ap\u0103rute \u00een teren, \u015fi a explicat care au fost motivele exacte ce au stat la baza propunerilor pentru aceste modific\u0103ri.<\/p>\n<blockquote>\n<p><img loading=\"lazy\" decoding=\"async\" class=\"size-full wp-image-37110 aligncenter\" src=\"https:\/\/ziaruldelta.ro\/wp-content\/uploads\/2026\/06\/Daniel-Trofim.jpg\" alt width=\"600\" height=\"450\">\u201eO parte dintre aceste reloc\u0103ri au fost f\u0103cute la solicitarea mea \u015fi a colegilor taximetri\u015fti, fiindc\u0103 se vor desfiin\u0163a din anumite zone. De exemplu, \u00een zona ANAF de pe strada Babadag, trotuarul a fost reabilitat \u015fi \u00eengustat, \u015fi nu se mai poate folosi acel spa\u0163iu. Din acest motiv, sta\u0163ia va fi mutat\u0103 \u00een fa\u0163a Liceului Pedagogic. Este mai bine, fiindc\u0103 sunt \u015fi copii acolo, care folosesc frecvent taxiul. Urm\u0103toarea sta\u0163ie care se modific\u0103 este cea de la noul sens giratoriu, din apropiere de strada Taberei. Acolo existau doar trei locuri, amplasate chiar \u00een intersec\u0163ie. Spa\u0163iul a devenit foarte restr\u00e2ns, a\u015fa c\u0103, \u00een colaborare cu Prim\u0103ria, am cerut mutarea sta\u0163iei vizavi de Alum\u201d, ne-a declarat Daniel Trofim.<\/p>\n<\/blockquote>\n<p>\u00cen ceea ce prive\u015fte sta\u0163ia de la intersec\u0163ia str\u0103zilor Gr\u0103dinarilor \u015fi Prislav, Daniel Trofim a explicat c\u0103 relocarea a fost solicitat\u0103 \u015fi de agen\u0163ii economici din zon\u0103.<\/p>\n<blockquote>\n<p>\u201eSta\u0163ia era aproape de sensul giratoriu, \u00een fa\u0163a unui agent economic. La solicitarea acestuia \u015fi a mai multor agen\u0163i din zon\u0103, ar urma ca sta\u0163ia s\u0103 fie mutat\u0103 mai \u00een fa\u0163\u0103, l\u00e2ng\u0103 benzin\u0103rie, \u00een apropiere de trecerea bac. Este o actualizare benefic\u0103 pentru to\u0163i, \u015fi pentru noi, taximetri\u015ftii, dar \u015fi pentru clien\u0163ii Tulcei\u201d, a spus acesta.<\/p>\n<\/blockquote>\n<p>Pe l\u00e2ng\u0103 relocarea sta\u0163iilor, taximetri\u015ftii solicit\u0103 \u015fi actualizarea num\u0103rului de locuri \u00een anumite puncte din ora\u015f.<\/p>\n<blockquote>\n<p>\u201e Am cerut \u015fi actualizarea num\u0103rului de locuri \u00een anumite sta\u0163ii. Sunt situa\u0163ii \u00een care un loc este l\u0103sat liber, de\u015fi spa\u0163iul permite folosirea lui. De exemplu, sunt probleme la sta\u0163iile de la Big \u015fi Pelican. Tehnic, sunt nou\u0103 locuri disponibile, dar noi taximetri\u015ftii avem doar opt locuri. Cel din fa\u0163\u0103 r\u0103m\u00e2ne liber \u015fi e un disconfort pentru noi. S\u0103 vedem \u00een timp cum o s\u0103 fie. Poate mai actualiz\u0103m sta\u0163iile de taxi de la Neptun, fiindc\u0103 \u015fi acolo sunt probleme, dar \u00een timp\u201d, a precizat Daniel Trofim.<\/p>\n<\/blockquote>\n<p>Propuneri, sugestii, opinii cu valoare de recomandare privind proiectul de act normativ supus procedurii de transparen\u0163\u0103 decizional\u0103 se pot depune p\u00e2n\u0103 la data de 30 iunie.<\/p>\n<p>Pentru cei interesa\u0163i, exist\u0103 \u015fi posibilitatea organiz\u0103rii unei \u00eent\u00e2lniri \u00een care s\u0103 se dezbat\u0103 public proiectul de act normativ, \u00een cazul \u00een care acest lucru este cerut \u00een scris de c\u0103tre o asocia\u0163ie legal constituit\u0103 sau de c\u0103tre o alt\u0103 autoritate sau institu\u0163ie public\u0103 p\u00e2n\u0103 la data de 30 iunie.<\/p>\n<\/div>\n<p>[analyse_source url=&#8221;https:\/\/ziaruldelta.ro\/2026\/06\/19\/primaria-muta-trei-statii-de-taxi-din-municipiu-la-cererea-tulcenilor\/&#8221;]<\/p>\n","protected":false},"excerpt":{"rendered":"<p>[analyse_image type=&#8221;featured&#8221; src=&#8221;https:\/\/ziaruldelta.ro\/wp-content\/uploads\/2026\/06\/primaria-muta.jpg&#8221;] Prim\u0103ria mut\u0103 trei sta\u0163ii de taxi din municipiu la cererea tulcenilor Posted by Claudia Ionescu | Jun 19, 2026 | Stirea Zilei | Prim\u0103ria municipiului Tulcea a pus \u00een dezbatere public\u0103 un proiect de hot\u0103r\u00e2re care prevede relocarea mai multor sta\u0163ii de taxi din ora\u015f, precum \u015fi actualizarea num\u0103rului de locuri disponibile [&hellip;]<\/p>\n","protected":false},"author":1,"featured_media":0,"comment_status":"open","ping_status":"","sticky":false,"template":"","format":"standard","meta":{"footnotes":""},"categories":[89],"tags":[226,206],"class_list":["post-1998883","post","type-post","status-publish","format-standard","hentry","category-romania","tag-crawlmanager","tag-ziaruldelta-ro"],"_links":{"self":[{"href":"https:\/\/analyse.optim.biz\/index.php?rest_route=\/wp\/v2\/posts\/1998883","targetHints":{"allow":["GET"]}}],"collection":[{"href":"https:\/\/analyse.optim.biz\/index.php?rest_route=\/wp\/v2\/posts"}],"about":[{"href":"https:\/\/analyse.optim.biz\/index.php?rest_route=\/wp\/v2\/types\/post"}],"author":[{"embeddable":true,"href":"https:\/\/analyse.optim.biz\/index.php?rest_route=\/wp\/v2\/users\/1"}],"replies":[{"embeddable":true,"href":"https:\/\/analyse.optim.biz\/index.php?rest_route=%2Fwp%2Fv2%2Fcomments&post=1998883"}],"version-history":[{"count":0,"href":"https:\/\/analyse.optim.biz\/index.php?rest_route=\/wp\/v2\/posts\/1998883\/revisions"}],"wp:attachment":[{"href":"https:\/\/analyse.optim.biz\/index.php?rest_route=%2Fwp%2Fv2%2Fmedia&parent=1998883"}],"wp:term":[{"taxonomy":"category","embeddable":true,"href":"https:\/\/analyse.optim.biz\/index.php?rest_route=%2Fwp%2Fv2%2Fcategories&post=1998883"},{"taxonomy":"post_tag","embeddable":true,"href":"https:\/\/analyse.optim.biz\/index.php?rest_route=%2Fwp%2Fv2%2Ftags&post=1998883"}],"curies":[{"name":"wp","href":"https:\/\/api.w.org\/{rel}","templated":true}]}}