{"id":1998865,"date":"2026-06-19T06:00:19","date_gmt":"2026-06-19T03:00:19","guid":{"rendered":"https:\/\/analyse.optim.biz\/?p=1998865"},"modified":"2026-06-19T06:00:19","modified_gmt":"2026-06-19T03:00:19","slug":"tulcea-reprezentata-de-doua-echipe-la-campionatul-national-al-firmelor-si-institutiilor-ziarul-delta-tulcea","status":"publish","type":"post","link":"https:\/\/analyse.optim.biz\/?p=1998865","title":{"rendered":"Tulcea, reprezentat\u0103 de dou\u0103 echipe la Campionatul Na\u0163ional al Firmelor \u015fi Institu\u0163iilor &#8211; Ziarul Delta Tulcea"},"content":{"rendered":"<p>[analyse_image type=&#8221;featured&#8221; src=&#8221;https:\/\/ziaruldelta.ro\/wp-content\/uploads\/2026\/06\/Tulcea-reprezentata.jpg&#8221;]<\/p>\n<article id=\"post-37113\" class=\"module single-post-module post-37113 post type-post status-publish format-standard has-post-thumbnail hentry category-sport et-has-post-format-content et_post_format-et-post-format-standard\">\n<div class=\"post-header\">\n<h1 class=\"entry-title\">Tulcea, reprezentat\u0103 de dou\u0103 echipe la Campionatul Na\u0163ional al Firmelor \u015fi Institu\u0163iilor<\/h1>\n<div class=\"post-meta vcard\">\n<p>Posted by <a href=\"https:\/\/ziaruldelta.ro\/author\/nicoleta-urmuz\/\" class=\"url fn\" title=\"Posts by Nicoleta URMUZ\" rel=\"author\">Nicoleta URMUZ<\/a> | <span class=\"updated\">Jun 19, 2026<\/span> | <a href=\"https:\/\/ziaruldelta.ro\/category\/sport\/\" rel=\"tag\">Sport<\/a> | <\/p>\n<\/div>\n<\/div>\n<div class=\"post-thumbnail header\"><img decoding=\"async\" src=\"https:\/\/ziaruldelta.ro\/wp-content\/uploads\/2026\/06\/Tulcea-reprezentata.jpg\" alt=\"Tulcea, reprezentat\u0103 de dou\u0103 echipe la Campionatul Na\u0163ional al Firmelor \u015fi Institu\u0163iilor\"><\/div>\n<div class=\"post-wrap\">\n<div class=\"post-content entry-content\">\n<p>Tulcea va avea dou\u0103 reprezentante la edi\u0163ia din acest an a Campionatului Na\u0163ional al Firmelor \u015fi Institu\u0163iilor, competi\u0163ie care se va desf\u0103\u015fura \u00een perioada 19-21 iunie la T\u00e2rgu Mure\u015f. Este vorba despre Vard Tulcea \u015fi Fan Courier Tulcea, dou\u0103 forma\u0163ii care vor \u00eencerca s\u0103 ob\u0163in\u0103 rezultate c\u00e2t mai bune \u00een confrunt\u0103rile cu unele dintre cele mai puternice echipe ale companiilor \u015fi institu\u0163iilor din Rom\u00e2nia. Vard Tulcea a fost repartizat\u0103 \u00een Grupa D, al\u0103turi de IPA 2 Bihor, Depogaz Ploie\u015fti \u015fi Art Club T\u00e2rn\u0103veni. Forma\u0163ia tulcean\u0103 va debuta ast\u0103zi, 19 iunie, de la ora 10:00, \u00een partida cu Depogaz Ploie\u015fti.<\/p>\n<p>\u00cen aceea\u015fi zi, de la ora 17:00, Vard va \u00eent\u00e2lni Art Club T\u00e2rn\u0103veni.<\/p>\n<p>Citi\u0163i continuarea \u00een edi\u0163ia tip\u0103rit\u0103 a ziarului Delta.<\/p>\n<\/div>\n<\/div>\n<div class=\"post-footer\">\n<div class=\"social-icons ed-social-share-icons\">\n<p class=\"share-title\">Share:<\/p>\n<\/div>\n<div class=\"rating-stars\">\n<p id=\"rate-title\" class=\"rate-title\">Rate:<\/p>\n<\/div>\n<\/div>\n<\/article>\n<div class=\"post-content entry-content\">\n<p>Tulcea va avea dou\u0103 reprezentante la edi\u0163ia din acest an a Campionatului Na\u0163ional al Firmelor \u015fi Institu\u0163iilor, competi\u0163ie care se va desf\u0103\u015fura \u00een perioada 19-21 iunie la T\u00e2rgu Mure\u015f. Este vorba despre Vard Tulcea \u015fi Fan Courier Tulcea, dou\u0103 forma\u0163ii care vor \u00eencerca s\u0103 ob\u0163in\u0103 rezultate c\u00e2t mai bune \u00een confrunt\u0103rile cu unele dintre cele mai puternice echipe ale companiilor \u015fi institu\u0163iilor din Rom\u00e2nia. Vard Tulcea a fost repartizat\u0103 \u00een Grupa D, al\u0103turi de IPA 2 Bihor, Depogaz Ploie\u015fti \u015fi Art Club T\u00e2rn\u0103veni. Forma\u0163ia tulcean\u0103 va debuta ast\u0103zi, 19 iunie, de la ora 10:00, \u00een partida cu Depogaz Ploie\u015fti.<\/p>\n<p>\u00cen aceea\u015fi zi, de la ora 17:00, Vard va \u00eent\u00e2lni Art Club T\u00e2rn\u0103veni.<\/p>\n<p>Citi\u0163i continuarea \u00een edi\u0163ia tip\u0103rit\u0103 a ziarului Delta.<\/p>\n<\/div>\n<div class=\"post-content entry-content\">\n<p>Tulcea va avea dou\u0103 reprezentante la edi\u0163ia din acest an a Campionatului Na\u0163ional al Firmelor \u015fi Institu\u0163iilor, competi\u0163ie care se va desf\u0103\u015fura \u00een perioada 19-21 iunie la T\u00e2rgu Mure\u015f. Este vorba despre Vard Tulcea \u015fi Fan Courier Tulcea, dou\u0103 forma\u0163ii care vor \u00eencerca s\u0103 ob\u0163in\u0103 rezultate c\u00e2t mai bune \u00een confrunt\u0103rile cu unele dintre cele mai puternice echipe ale companiilor \u015fi institu\u0163iilor din Rom\u00e2nia. Vard Tulcea a fost repartizat\u0103 \u00een Grupa D, al\u0103turi de IPA 2 Bihor, Depogaz Ploie\u015fti \u015fi Art Club T\u00e2rn\u0103veni. Forma\u0163ia tulcean\u0103 va debuta ast\u0103zi, 19 iunie, de la ora 10:00, \u00een partida cu Depogaz Ploie\u015fti.<\/p>\n<p>\u00cen aceea\u015fi zi, de la ora 17:00, Vard va \u00eent\u00e2lni Art Club T\u00e2rn\u0103veni.<\/p>\n<p>Citi\u0163i continuarea \u00een edi\u0163ia tip\u0103rit\u0103 a ziarului Delta.<\/p>\n<\/div>\n<p>[analyse_source url=&#8221;https:\/\/ziaruldelta.ro\/2026\/06\/19\/tulcea-reprezentata-de-doua-echipe-la-campionatul-national-al-firmelor-si-institutiilor\/&#8221;]<\/p>\n","protected":false},"excerpt":{"rendered":"<p>[analyse_image type=&#8221;featured&#8221; src=&#8221;https:\/\/ziaruldelta.ro\/wp-content\/uploads\/2026\/06\/Tulcea-reprezentata.jpg&#8221;] Tulcea, reprezentat\u0103 de dou\u0103 echipe la Campionatul Na\u0163ional al Firmelor \u015fi Institu\u0163iilor Posted by Nicoleta URMUZ | Jun 19, 2026 | Sport | Tulcea va avea dou\u0103 reprezentante la edi\u0163ia din acest an a Campionatului Na\u0163ional al Firmelor \u015fi Institu\u0163iilor, competi\u0163ie care se va desf\u0103\u015fura \u00een perioada 19-21 iunie la T\u00e2rgu Mure\u015f. [&hellip;]<\/p>\n","protected":false},"author":1,"featured_media":0,"comment_status":"open","ping_status":"","sticky":false,"template":"","format":"standard","meta":{"footnotes":""},"categories":[89],"tags":[226,206],"class_list":["post-1998865","post","type-post","status-publish","format-standard","hentry","category-romania","tag-crawlmanager","tag-ziaruldelta-ro"],"_links":{"self":[{"href":"https:\/\/analyse.optim.biz\/index.php?rest_route=\/wp\/v2\/posts\/1998865","targetHints":{"allow":["GET"]}}],"collection":[{"href":"https:\/\/analyse.optim.biz\/index.php?rest_route=\/wp\/v2\/posts"}],"about":[{"href":"https:\/\/analyse.optim.biz\/index.php?rest_route=\/wp\/v2\/types\/post"}],"author":[{"embeddable":true,"href":"https:\/\/analyse.optim.biz\/index.php?rest_route=\/wp\/v2\/users\/1"}],"replies":[{"embeddable":true,"href":"https:\/\/analyse.optim.biz\/index.php?rest_route=%2Fwp%2Fv2%2Fcomments&post=1998865"}],"version-history":[{"count":0,"href":"https:\/\/analyse.optim.biz\/index.php?rest_route=\/wp\/v2\/posts\/1998865\/revisions"}],"wp:attachment":[{"href":"https:\/\/analyse.optim.biz\/index.php?rest_route=%2Fwp%2Fv2%2Fmedia&parent=1998865"}],"wp:term":[{"taxonomy":"category","embeddable":true,"href":"https:\/\/analyse.optim.biz\/index.php?rest_route=%2Fwp%2Fv2%2Fcategories&post=1998865"},{"taxonomy":"post_tag","embeddable":true,"href":"https:\/\/analyse.optim.biz\/index.php?rest_route=%2Fwp%2Fv2%2Ftags&post=1998865"}],"curies":[{"name":"wp","href":"https:\/\/api.w.org\/{rel}","templated":true}]}}