{"id":1998855,"date":"2026-06-19T06:00:36","date_gmt":"2026-06-19T03:00:36","guid":{"rendered":"https:\/\/analyse.optim.biz\/?p=1998855"},"modified":"2026-06-19T06:00:36","modified_gmt":"2026-06-19T03:00:36","slug":"start-la-parcul-din-ceamurlia-de-sus-primarul-liliana-marinescu-82-de-copii-merita-sa-aiba-un-loc-al-lor","status":"publish","type":"post","link":"https:\/\/analyse.optim.biz\/?p=1998855","title":{"rendered":"Start la parcul din Ceamurlia de Sus. Primarul Liliana Marinescu: \u201e82 de copii merit\u0103 s\u0103 aib\u0103 un loc al lor\u201d"},"content":{"rendered":"<p>[analyse_image type=&#8221;featured&#8221; src=&#8221;https:\/\/ziaruldelta.ro\/wp-content\/uploads\/2026\/06\/start-la-parcul.jpg&#8221;]<\/p>\n<article id=\"post-37117\" class=\"module single-post-module post-37117 post type-post status-publish format-standard has-post-thumbnail hentry category-politica-administratie et-has-post-format-content et_post_format-et-post-format-standard\">\n<div class=\"post-header\">\n<h1 class=\"entry-title\">Start la parcul din Ceamurlia de Sus. Primarul Liliana Marinescu: \u201e82 de copii merit\u0103 s\u0103 aib\u0103 un loc al lor\u201d<\/h1>\n<div class=\"post-meta vcard\">\n<p>Posted by <a href=\"https:\/\/ziaruldelta.ro\/author\/nicoleta-urmuz\/\" class=\"url fn\" title=\"Posts by Nicoleta URMUZ\" rel=\"author\">Nicoleta URMUZ<\/a> | <span class=\"updated\">Jun 19, 2026<\/span> | <a href=\"https:\/\/ziaruldelta.ro\/category\/politica-administratie\/\" rel=\"tag\">Politica &#8211; Administratie<\/a> | <\/p>\n<\/div>\n<\/div>\n<div class=\"post-thumbnail header\"><img decoding=\"async\" src=\"https:\/\/ziaruldelta.ro\/wp-content\/uploads\/2026\/06\/start-la-parcul.jpg\" alt=\"Start la parcul din Ceamurlia de Sus. Primarul Liliana Marinescu: \u201e82 de copii merit\u0103 s\u0103 aib\u0103 un loc al lor\u201d\"><\/div>\n<div class=\"post-wrap\">\n<div class=\"post-content entry-content\">\n<p>Primarul comunei Baia, Liliana Marinescu, a anun\u0163at demararea lucr\u0103rilor de amenajare a parcului din Ceamurlia de Sus, un proiect declarat ca fiind dedicat comunit\u0103\u0163ii locale. Potrivit declara\u0163iilor acesteia, investi\u0163ia vine \u00een contextul \u00een care, de-a lungul anilor, satul nu ar fi beneficiat de proiecte importante de infrastructur\u0103 sau spa\u0163ii publice de recreere. \u00cen prezent, \u00een Ceamurlia de Sus locuiesc 82 de copii, iar proiectul este prezentat ca fiind destinat acestora, oferindu-le un loc de joac\u0103 sigur, precum \u015fi un spa\u0163iu de relaxare pentru seniorii comunit\u0103\u0163ii. Zona \u00een care se realizeaz\u0103 amenajarea este situat\u0103 la \u015fosea, fiind una vizibil\u0103 pentru cei care tranziteaz\u0103 localitatea. Autorit\u0103\u0163ile locale sus\u0163in c\u0103 aspectul actual al spa\u0163iului nu reflecta imaginea dorit\u0103 pentru comunitate \u015fi c\u0103 proiectul urm\u0103re\u015fte \u00eembun\u0103t\u0103\u0163irea acesteia.<\/p>\n<blockquote>\n<p><img loading=\"lazy\" decoding=\"async\" class=\" wp-image-35109 alignleft\" src=\"https:\/\/ziaruldelta.ro\/wp-content\/uploads\/2026\/01\/Liliana-Marinescu.jpg\" alt width=\"403\" height=\"375\">\u201eAm promis \u015fi m\u0103 \u0163in de cuv\u00e2nt! Ast\u0103zi am demarat lucr\u0103rile de amenajare a parcului din Ceamurlia de Sus, un proiect pe care mi l-am dorit din suflet pentru comunitatea noastr\u0103. Ani la r\u00e2nd, satul nostru a fost privat de investi\u0163ii importante. \u00cen tot acest timp, copiii no\u015ftri au crescut f\u0103r\u0103 un loc adecvat de joac\u0103, iar seniorii comunit\u0103\u0163ii nu au avut un spa\u0163iu unde s\u0103 se relaxeze \u015fi s\u0103 petreac\u0103 timp \u00een aer liber. Ast\u0103zi, \u00een Ceamurlia de Sus sunt 82 de copii care merit\u0103 s\u0103 aib\u0103 un loc al lor, unde s\u0103 se joace \u00een siguran\u0163\u0103, s\u0103 r\u00e2d\u0103 \u015fi s\u0103 creeze amintiri frumoase. Mai mult dec\u00e2t at\u00e2t, zona pe care o amenaj\u0103m este situat\u0103 la \u015fosea, fiind v\u0103zut\u0103 zilnic de to\u0163i cei care tranziteaz\u0103 localitatea. Imaginea de p\u00e2n\u0103 acum nu ne reprezenta \u015fi nu reflecta respectul pe care \u00eel purt\u0103m comunit\u0103\u0163ii noastre\u201d, a declarat primarul comunei Baia, Liliana Marinescu.<\/p>\n<\/blockquote>\n<p>Parcul nu va \u00eensemna doar alei, b\u0103nci \u015fi spa\u0163ii verzi, ci este prezentat ca un proiect\u00a0 menit s\u0103 transmit\u0103 respect pentru copii, grij\u0103 pentru v\u00e2rstnici \u015fi \u00eencredere \u00eentr-un viitor mai bun pentru Ceamurlia de Sus.<\/p>\n<blockquote>\n<p>\u201eCa primar, am f\u0103cut o promisiune: s\u0103 schimb \u00een bine fa\u0163a comunei \u015fi s\u0103 aduc investi\u0163ii acolo unde este nevoie. Nu fac promisiuni de dragul promisiunilor. C\u00e2nd spun c\u0103 fac un lucru \u00eel fac. Acest parc nu \u00eenseamn\u0103 doar alei, b\u0103nci \u015fi spa\u0163ii verzi. \u00censeamn\u0103 respect pentru copii, grij\u0103 pentru v\u00e2rstnici \u015fi \u00eencredere \u00eentr-un viitor mai bun pentru Ceamurlia de Sus. Mul\u0163umesc tuturor celor care au \u00eencredere \u00een acest proiect. Continu\u0103m munca, pas cu pas, pentru o comun\u0103 de care sa fim m\u00e2ndri cu to\u0163ii. Ceamurlia de Sus merit\u0103 mai mult, iar \u00eempreun\u0103 vom construit acel &lt;&lt;mai mult&gt;&gt;\u201d, a subliniat Liliana Marinescu.<\/p>\n<\/blockquote>\n<\/div>\n<\/div>\n<div class=\"post-footer\">\n<div class=\"social-icons ed-social-share-icons\">\n<p class=\"share-title\">Share:<\/p>\n<\/div>\n<div class=\"rating-stars\">\n<p id=\"rate-title\" class=\"rate-title\">Rate:<\/p>\n<\/div>\n<\/div>\n<\/article>\n<div class=\"post-content entry-content\">\n<p>Primarul comunei Baia, Liliana Marinescu, a anun\u0163at demararea lucr\u0103rilor de amenajare a parcului din Ceamurlia de Sus, un proiect declarat ca fiind dedicat comunit\u0103\u0163ii locale. Potrivit declara\u0163iilor acesteia, investi\u0163ia vine \u00een contextul \u00een care, de-a lungul anilor, satul nu ar fi beneficiat de proiecte importante de infrastructur\u0103 sau spa\u0163ii publice de recreere. \u00cen prezent, \u00een Ceamurlia de Sus locuiesc 82 de copii, iar proiectul este prezentat ca fiind destinat acestora, oferindu-le un loc de joac\u0103 sigur, precum \u015fi un spa\u0163iu de relaxare pentru seniorii comunit\u0103\u0163ii. Zona \u00een care se realizeaz\u0103 amenajarea este situat\u0103 la \u015fosea, fiind una vizibil\u0103 pentru cei care tranziteaz\u0103 localitatea. Autorit\u0103\u0163ile locale sus\u0163in c\u0103 aspectul actual al spa\u0163iului nu reflecta imaginea dorit\u0103 pentru comunitate \u015fi c\u0103 proiectul urm\u0103re\u015fte \u00eembun\u0103t\u0103\u0163irea acesteia.<\/p>\n<blockquote>\n<p><img loading=\"lazy\" decoding=\"async\" class=\" wp-image-35109 alignleft\" src=\"https:\/\/ziaruldelta.ro\/wp-content\/uploads\/2026\/01\/Liliana-Marinescu.jpg\" alt width=\"403\" height=\"375\">\u201eAm promis \u015fi m\u0103 \u0163in de cuv\u00e2nt! Ast\u0103zi am demarat lucr\u0103rile de amenajare a parcului din Ceamurlia de Sus, un proiect pe care mi l-am dorit din suflet pentru comunitatea noastr\u0103. Ani la r\u00e2nd, satul nostru a fost privat de investi\u0163ii importante. \u00cen tot acest timp, copiii no\u015ftri au crescut f\u0103r\u0103 un loc adecvat de joac\u0103, iar seniorii comunit\u0103\u0163ii nu au avut un spa\u0163iu unde s\u0103 se relaxeze \u015fi s\u0103 petreac\u0103 timp \u00een aer liber. Ast\u0103zi, \u00een Ceamurlia de Sus sunt 82 de copii care merit\u0103 s\u0103 aib\u0103 un loc al lor, unde s\u0103 se joace \u00een siguran\u0163\u0103, s\u0103 r\u00e2d\u0103 \u015fi s\u0103 creeze amintiri frumoase. Mai mult dec\u00e2t at\u00e2t, zona pe care o amenaj\u0103m este situat\u0103 la \u015fosea, fiind v\u0103zut\u0103 zilnic de to\u0163i cei care tranziteaz\u0103 localitatea. Imaginea de p\u00e2n\u0103 acum nu ne reprezenta \u015fi nu reflecta respectul pe care \u00eel purt\u0103m comunit\u0103\u0163ii noastre\u201d, a declarat primarul comunei Baia, Liliana Marinescu.<\/p>\n<\/blockquote>\n<p>Parcul nu va \u00eensemna doar alei, b\u0103nci \u015fi spa\u0163ii verzi, ci este prezentat ca un proiect\u00a0 menit s\u0103 transmit\u0103 respect pentru copii, grij\u0103 pentru v\u00e2rstnici \u015fi \u00eencredere \u00eentr-un viitor mai bun pentru Ceamurlia de Sus.<\/p>\n<blockquote>\n<p>\u201eCa primar, am f\u0103cut o promisiune: s\u0103 schimb \u00een bine fa\u0163a comunei \u015fi s\u0103 aduc investi\u0163ii acolo unde este nevoie. Nu fac promisiuni de dragul promisiunilor. C\u00e2nd spun c\u0103 fac un lucru \u00eel fac. Acest parc nu \u00eenseamn\u0103 doar alei, b\u0103nci \u015fi spa\u0163ii verzi. \u00censeamn\u0103 respect pentru copii, grij\u0103 pentru v\u00e2rstnici \u015fi \u00eencredere \u00eentr-un viitor mai bun pentru Ceamurlia de Sus. Mul\u0163umesc tuturor celor care au \u00eencredere \u00een acest proiect. Continu\u0103m munca, pas cu pas, pentru o comun\u0103 de care sa fim m\u00e2ndri cu to\u0163ii. Ceamurlia de Sus merit\u0103 mai mult, iar \u00eempreun\u0103 vom construit acel &lt;&lt;mai mult&gt;&gt;\u201d, a subliniat Liliana Marinescu.<\/p>\n<\/blockquote>\n<\/div>\n<div class=\"post-content entry-content\">\n<p>Primarul comunei Baia, Liliana Marinescu, a anun\u0163at demararea lucr\u0103rilor de amenajare a parcului din Ceamurlia de Sus, un proiect declarat ca fiind dedicat comunit\u0103\u0163ii locale. Potrivit declara\u0163iilor acesteia, investi\u0163ia vine \u00een contextul \u00een care, de-a lungul anilor, satul nu ar fi beneficiat de proiecte importante de infrastructur\u0103 sau spa\u0163ii publice de recreere. \u00cen prezent, \u00een Ceamurlia de Sus locuiesc 82 de copii, iar proiectul este prezentat ca fiind destinat acestora, oferindu-le un loc de joac\u0103 sigur, precum \u015fi un spa\u0163iu de relaxare pentru seniorii comunit\u0103\u0163ii. Zona \u00een care se realizeaz\u0103 amenajarea este situat\u0103 la \u015fosea, fiind una vizibil\u0103 pentru cei care tranziteaz\u0103 localitatea. Autorit\u0103\u0163ile locale sus\u0163in c\u0103 aspectul actual al spa\u0163iului nu reflecta imaginea dorit\u0103 pentru comunitate \u015fi c\u0103 proiectul urm\u0103re\u015fte \u00eembun\u0103t\u0103\u0163irea acesteia.<\/p>\n<blockquote>\n<p><img loading=\"lazy\" decoding=\"async\" class=\" wp-image-35109 alignleft\" src=\"https:\/\/ziaruldelta.ro\/wp-content\/uploads\/2026\/01\/Liliana-Marinescu.jpg\" alt width=\"403\" height=\"375\">\u201eAm promis \u015fi m\u0103 \u0163in de cuv\u00e2nt! Ast\u0103zi am demarat lucr\u0103rile de amenajare a parcului din Ceamurlia de Sus, un proiect pe care mi l-am dorit din suflet pentru comunitatea noastr\u0103. Ani la r\u00e2nd, satul nostru a fost privat de investi\u0163ii importante. \u00cen tot acest timp, copiii no\u015ftri au crescut f\u0103r\u0103 un loc adecvat de joac\u0103, iar seniorii comunit\u0103\u0163ii nu au avut un spa\u0163iu unde s\u0103 se relaxeze \u015fi s\u0103 petreac\u0103 timp \u00een aer liber. Ast\u0103zi, \u00een Ceamurlia de Sus sunt 82 de copii care merit\u0103 s\u0103 aib\u0103 un loc al lor, unde s\u0103 se joace \u00een siguran\u0163\u0103, s\u0103 r\u00e2d\u0103 \u015fi s\u0103 creeze amintiri frumoase. Mai mult dec\u00e2t at\u00e2t, zona pe care o amenaj\u0103m este situat\u0103 la \u015fosea, fiind v\u0103zut\u0103 zilnic de to\u0163i cei care tranziteaz\u0103 localitatea. Imaginea de p\u00e2n\u0103 acum nu ne reprezenta \u015fi nu reflecta respectul pe care \u00eel purt\u0103m comunit\u0103\u0163ii noastre\u201d, a declarat primarul comunei Baia, Liliana Marinescu.<\/p>\n<\/blockquote>\n<p>Parcul nu va \u00eensemna doar alei, b\u0103nci \u015fi spa\u0163ii verzi, ci este prezentat ca un proiect\u00a0 menit s\u0103 transmit\u0103 respect pentru copii, grij\u0103 pentru v\u00e2rstnici \u015fi \u00eencredere \u00eentr-un viitor mai bun pentru Ceamurlia de Sus.<\/p>\n<blockquote>\n<p>\u201eCa primar, am f\u0103cut o promisiune: s\u0103 schimb \u00een bine fa\u0163a comunei \u015fi s\u0103 aduc investi\u0163ii acolo unde este nevoie. Nu fac promisiuni de dragul promisiunilor. C\u00e2nd spun c\u0103 fac un lucru \u00eel fac. Acest parc nu \u00eenseamn\u0103 doar alei, b\u0103nci \u015fi spa\u0163ii verzi. \u00censeamn\u0103 respect pentru copii, grij\u0103 pentru v\u00e2rstnici \u015fi \u00eencredere \u00eentr-un viitor mai bun pentru Ceamurlia de Sus. Mul\u0163umesc tuturor celor care au \u00eencredere \u00een acest proiect. Continu\u0103m munca, pas cu pas, pentru o comun\u0103 de care sa fim m\u00e2ndri cu to\u0163ii. Ceamurlia de Sus merit\u0103 mai mult, iar \u00eempreun\u0103 vom construit acel &lt;&lt;mai mult&gt;&gt;\u201d, a subliniat Liliana Marinescu.<\/p>\n<\/blockquote>\n<\/div>\n<p>[analyse_source url=&#8221;https:\/\/ziaruldelta.ro\/2026\/06\/19\/start-la-parcul-din-ceamurlia-de-sus-primarul-liliana-marinescu-82-de-copii-merita-sa-aiba-un-loc-al-lor\/&#8221;]<\/p>\n","protected":false},"excerpt":{"rendered":"<p>[analyse_image type=&#8221;featured&#8221; src=&#8221;https:\/\/ziaruldelta.ro\/wp-content\/uploads\/2026\/06\/start-la-parcul.jpg&#8221;] Start la parcul din Ceamurlia de Sus. Primarul Liliana Marinescu: \u201e82 de copii merit\u0103 s\u0103 aib\u0103 un loc al lor\u201d Posted by Nicoleta URMUZ | Jun 19, 2026 | Politica &#8211; Administratie | Primarul comunei Baia, Liliana Marinescu, a anun\u0163at demararea lucr\u0103rilor de amenajare a parcului din Ceamurlia de Sus, un proiect [&hellip;]<\/p>\n","protected":false},"author":1,"featured_media":0,"comment_status":"open","ping_status":"","sticky":false,"template":"","format":"standard","meta":{"footnotes":""},"categories":[89],"tags":[226,206],"class_list":["post-1998855","post","type-post","status-publish","format-standard","hentry","category-romania","tag-crawlmanager","tag-ziaruldelta-ro"],"_links":{"self":[{"href":"https:\/\/analyse.optim.biz\/index.php?rest_route=\/wp\/v2\/posts\/1998855","targetHints":{"allow":["GET"]}}],"collection":[{"href":"https:\/\/analyse.optim.biz\/index.php?rest_route=\/wp\/v2\/posts"}],"about":[{"href":"https:\/\/analyse.optim.biz\/index.php?rest_route=\/wp\/v2\/types\/post"}],"author":[{"embeddable":true,"href":"https:\/\/analyse.optim.biz\/index.php?rest_route=\/wp\/v2\/users\/1"}],"replies":[{"embeddable":true,"href":"https:\/\/analyse.optim.biz\/index.php?rest_route=%2Fwp%2Fv2%2Fcomments&post=1998855"}],"version-history":[{"count":0,"href":"https:\/\/analyse.optim.biz\/index.php?rest_route=\/wp\/v2\/posts\/1998855\/revisions"}],"wp:attachment":[{"href":"https:\/\/analyse.optim.biz\/index.php?rest_route=%2Fwp%2Fv2%2Fmedia&parent=1998855"}],"wp:term":[{"taxonomy":"category","embeddable":true,"href":"https:\/\/analyse.optim.biz\/index.php?rest_route=%2Fwp%2Fv2%2Fcategories&post=1998855"},{"taxonomy":"post_tag","embeddable":true,"href":"https:\/\/analyse.optim.biz\/index.php?rest_route=%2Fwp%2Fv2%2Ftags&post=1998855"}],"curies":[{"name":"wp","href":"https:\/\/api.w.org\/{rel}","templated":true}]}}