{"id":199759,"date":"2014-08-05T17:57:34","date_gmt":"2014-08-05T14:57:34","guid":{"rendered":"https:\/\/analyse.optim.biz\/?p=199759"},"modified":"2014-08-05T17:57:34","modified_gmt":"2014-08-05T14:57:34","slug":"traian-basescu-pe-unii-dintre-candidati-ii-voi-dezbraca-public","status":"publish","type":"post","link":"https:\/\/analyse.optim.biz\/?p=199759","title":{"rendered":"Traian B\u0103sescu: \u201ePe unii dintre candida\u021bi \u00eei voi dezbr\u0103ca public\u201d"},"content":{"rendered":"<div class=\"entry data-app-meta data-app-meta-article\" data-embed-base-url-canonical=\"https:\/\/www.digi24.ro\/embed\/stiri\/actualitate\/politica\/traian-basescu-pe-unii-dintre-candidati-ii-voi-dezbraca-public-277774\">\n<p data-index=\"1\"><img decoding=\"async\" src=\"https:\/\/analyse.optim.biz\/wp-content\/uploads\/2024\/09\/jnc9odawjmhhc2g9yzewnzhmzgzjytyznze3oda1mtfhndjimje2nmuznmy-thumb_.jpg\" data-skip-htmlfix=\"1\" title=\"jnc9odawjmhhc2g9yzewnzhmzgzjytyznze3oda1mtfhndjimje2nmuznmy-thumb_\"><\/p>\n<p data-index=\"2\">\u201e<span>Pe unii dintre ei \u00eei voi dezbr\u0103ca public, \u00eei asigur de asta. \u015etiu unii candida\u0163i care au lucruri ascunse \u00een CV-ul lor. Sunt lucruri pe care le t\u0103inuiesc, pe care nu le spun. Cet\u0103\u0163enii trebuie s\u0103 \u015ftie tot ce e important\u201d, a spus Traian B\u0103sescu \u00eentr-un interviu pentru Evenimentul Zilei.<\/span><\/p>\n<p data-index=\"3\">\u201e\u00ce<span>n aceast\u0103 campanie le voi spune pe toate la to\u021bi, c\u0103 eu nu candidez\u201d, a ad\u0103ugat el.<\/span><\/p>\n<p data-index=\"4\">\u201e<span>C<\/span>et\u0103\u021benii trebuie s\u0103 \u0219tie despre orice candidat tot ce e importat, nu vorbesc de rela\u021bia din familie, rela\u021biile private, dar c\u00e2nd ai apar\u021binut de anumite institu\u021bii \u0219i nu \u00ee\u021bi treci acest lucru \u00een CV \u0219i vrei s\u0103 devii pre\u0219edintele Rom\u00e2niei, acest lucru nu ai voie s\u0103 \u00eel faci\u201d, a mai spus Traian B\u0103sescu.<\/p>\n<\/div>\n<p> Source URL: https:\/\/www.digi24.ro\/stiri\/actualitate\/politica\/traian-basescu-pe-unii-dintre-candidati-ii-voi-dezbraca-public-277774<\/p>\n","protected":false},"excerpt":{"rendered":"<p>\u201ePe unii dintre ei \u00eei voi dezbr\u0103ca public, \u00eei asigur de asta. \u015etiu unii candida\u0163i care au lucruri ascunse \u00een CV-ul lor. Sunt lucruri pe care le t\u0103inuiesc, pe care nu le spun. Cet\u0103\u0163enii trebuie s\u0103 \u015ftie tot ce e important\u201d, a spus Traian B\u0103sescu \u00eentr-un interviu pentru Evenimentul Zilei. \u201e\u00cen aceast\u0103 campanie le voi [&hellip;]<\/p>\n","protected":false},"author":1,"featured_media":199760,"comment_status":"open","ping_status":"","sticky":false,"template":"","format":"standard","meta":{"footnotes":""},"categories":[2],"tags":[11],"class_list":["post-199759","post","type-post","status-publish","format-standard","has-post-thumbnail","hentry","category-politics","tag-digi24"],"_links":{"self":[{"href":"https:\/\/analyse.optim.biz\/index.php?rest_route=\/wp\/v2\/posts\/199759","targetHints":{"allow":["GET"]}}],"collection":[{"href":"https:\/\/analyse.optim.biz\/index.php?rest_route=\/wp\/v2\/posts"}],"about":[{"href":"https:\/\/analyse.optim.biz\/index.php?rest_route=\/wp\/v2\/types\/post"}],"author":[{"embeddable":true,"href":"https:\/\/analyse.optim.biz\/index.php?rest_route=\/wp\/v2\/users\/1"}],"replies":[{"embeddable":true,"href":"https:\/\/analyse.optim.biz\/index.php?rest_route=%2Fwp%2Fv2%2Fcomments&post=199759"}],"version-history":[{"count":0,"href":"https:\/\/analyse.optim.biz\/index.php?rest_route=\/wp\/v2\/posts\/199759\/revisions"}],"wp:featuredmedia":[{"embeddable":true,"href":"https:\/\/analyse.optim.biz\/index.php?rest_route=\/wp\/v2\/media\/199760"}],"wp:attachment":[{"href":"https:\/\/analyse.optim.biz\/index.php?rest_route=%2Fwp%2Fv2%2Fmedia&parent=199759"}],"wp:term":[{"taxonomy":"category","embeddable":true,"href":"https:\/\/analyse.optim.biz\/index.php?rest_route=%2Fwp%2Fv2%2Fcategories&post=199759"},{"taxonomy":"post_tag","embeddable":true,"href":"https:\/\/analyse.optim.biz\/index.php?rest_route=%2Fwp%2Fv2%2Ftags&post=199759"}],"curies":[{"name":"wp","href":"https:\/\/api.w.org\/{rel}","templated":true}]}}