{"id":199732,"date":"2014-08-06T02:53:47","date_gmt":"2014-08-05T23:53:47","guid":{"rendered":"https:\/\/analyse.optim.biz\/?p=199732"},"modified":"2014-08-06T02:53:47","modified_gmt":"2014-08-05T23:53:47","slug":"traian-basescu-monica-macovei-a-fost-in-stare-de-profunde-compromisuri-in-pdl-si-sigur-venim-si-la-prezidentiale-ca-vrem-sa-ne-jucam","status":"publish","type":"post","link":"https:\/\/analyse.optim.biz\/?p=199732","title":{"rendered":"Traian B\u0103sescu: Monica Macovei \u201ea fost \u00een stare de profunde compromisuri \u00een PDL. \u015ei sigur, venim \u015fi la preziden\u0163iale, c\u0103 vrem s\u0103 ne juc\u0103m\u201d"},"content":{"rendered":"<div class=\"entry data-app-meta data-app-meta-article\" data-embed-base-url-canonical=\"https:\/\/www.digi24.ro\/embed\/stiri\/actualitate\/politica\/traian-basescu-monica-macovei-a-fost-in-stare-de-profunde-compromisuri-in-pdl-si-sigur-venim-si-la-prezidentiale-ca-vrem-sa-ne-jucam-277871\">\n<p data-index=\"1\"><span><strong>Pre\u015fedintele Traian B\u0103sescu a f\u0103cut mar\u0163i sear\u0103 declara\u0163ii \u015fi \u00eenainte, \u015fi dup\u0103 <a href=\"http:\/\/bit.ly\/1ukhNjc\" target=\"_blank\" data-skip-linkfix=\"1\" rel=\"noopener\">anun\u0163ul candidaturii Monic\u0103i Macovei la alegerile preziden\u0163iale din toamn\u0103<\/a>.<\/strong><\/span><\/p>\n<p data-index=\"2\"><img decoding=\"async\" src=\"https:\/\/analyse.optim.biz\/wp-content\/uploads\/2024\/09\/lmpwzyz3ptgwmczoyxnopwm1zgexyjflndzhmgu1yjexy2uwnjbmnjawnzfmyzqy-thumb_.jpg\" data-skip-htmlfix=\"1\" title=\"lmpwzyz3ptgwmczoyxnopwm1zgexyjflndzhmgu1yjexy2uwnjbmnjawnzfmyzqy-thumb_\"><\/p>\n<p data-index=\"3\">Cu pu\u0163in \u00eenainte ca <a href=\"http:\/\/bit.ly\/1ukhNjc\" data-skip-linkfix=\"1\"><strong>Monica Macovei s\u0103 \u00ee\u015fi anun\u0163e inten\u0163ia de a se \u00eenscrie \u00een alegerile preziden\u0163iale<\/strong><\/a>, \u015feful statului aprecia c\u0103 aceasta nu are \u015fanse de \u00eezb\u00e2nd\u0103 \u00een acest scrutin, cu toate c\u0103 \u201e<em><strong>are toate datele pentru un bun candidat<\/strong><\/em>\u201d. Mai t\u00e2rziu, c\u00e2nd anun\u0163ul s-a f\u0103cut oficial pe site-ul <a href=\"http:\/\/macoveipresedinte.ro\/\" data-skip-linkfix=\"1\"><strong>Macoveipresedinte.ro<\/strong><\/a>, el a completat: \u201e<em><strong>Pentru mine nu e nici o surpriz\u0103, \u015ftiam c\u0103 \u015fi-o va anun\u0163a<\/strong><\/em>\u201d, a declarat \u015feful statului la <a href=\"http:\/\/www.b1.ro\/\" data-skip-linkfix=\"1\"><strong>B1TV<\/strong><\/a>.<\/p>\n<p data-index=\"4\">Pre\u015fedintele \u00eel sus\u0163ine pe candidatul <strong>Partidului Mi\u015fcarea Popular\u0103<\/strong>, <strong>Cristian Diaconescu<\/strong>.<\/p>\n<p data-index=\"5\">\u00centrebat dac\u0103 s-a \u00eemp\u0103cat cu Macovei, pre\u015fedintele a r\u0103spuns: \u201e<em><strong>Nu, pentru c\u0103 aici ea \u00eemi spunea cum l-am tr\u0103dat eu pe Morar.<\/strong><\/em>\u201d \u201e<em><strong>Nu po\u0163i s\u0103 fii at\u00e2t de demagog \u00eenc\u00e2t s\u0103 m\u0103 acuzi de ceva ce tu \u015ftii c\u0103-i scris de un ministru al Justi\u0163iei, modul cum se numesc procurorii. \u015ei asta mi-a ar\u0103tat carierism. Cum nu pot s\u0103 nu observ c\u0103 a fost \u00een stare de profunde compromisuri \u00een interiorul PDL ca s\u0103-\u015fi ating\u0103 obiectivul de a fi europarlamentar. Acum are garantat\u0103 pensia de 4000 de euro dup\u0103 ce termin\u0103 \u015fi al doilea mandat \u015fi sigur venim \u015fi la preziden\u0163iale &#8211; c\u0103 vrem s\u0103 ne juc\u0103m<\/strong><\/em>\u201d, a spus B\u0103sescu, acuz\u00e2nd-o pe Macovei de lips\u0103 de caracter.<\/p>\n<p data-index=\"6\">Traian B\u0103sescu a continuat prin a o acuza \u015fi de demagogie: \u201e<em><strong>Un om care a fost doi ani ministrul Justi\u0163iei&#8230; c\u00e2nd \u00eel cau\u0163i &#8211; este salvatorul justi\u0163iei. Nu-i adev\u0103rat! Justi\u0163ia a fost salvat\u0103 de judec\u0103tori \u015fi procurori, de cei 3000 de judec\u0103tori \u015fi procurori noi, pentru care am semnat decrete de intrare \u00een magistratur\u0103. \u00cen rest, c\u0103 venim \u015fi ne cocolo\u015fim pe aici: eu am salvat justi\u0163ia, eu i-am f\u0103cut nu \u015ftiu ce. Pardon s-avem, nu oamenii politici au salvat justi\u0163ia. Singurul lucru pe care mi-l asum este c\u0103 am protejat justi\u0163ia de numiri negociate cu partidele.<\/strong><\/em>\u201d<\/p>\n<\/div>\n<p> Source URL: https:\/\/www.digi24.ro\/stiri\/actualitate\/politica\/traian-basescu-monica-macovei-a-fost-in-stare-de-profunde-compromisuri-in-pdl-si-sigur-venim-si-la-prezidentiale-ca-vrem-sa-ne-jucam-277871<\/p>\n","protected":false},"excerpt":{"rendered":"<p>Pre\u015fedintele Traian B\u0103sescu a f\u0103cut mar\u0163i sear\u0103 declara\u0163ii \u015fi \u00eenainte, \u015fi dup\u0103 anun\u0163ul candidaturii Monic\u0103i Macovei la alegerile preziden\u0163iale din toamn\u0103. Cu pu\u0163in \u00eenainte ca Monica Macovei s\u0103 \u00ee\u015fi anun\u0163e inten\u0163ia de a se \u00eenscrie \u00een alegerile preziden\u0163iale, \u015feful statului aprecia c\u0103 aceasta nu are \u015fanse de \u00eezb\u00e2nd\u0103 \u00een acest scrutin, cu toate c\u0103 \u201eare [&hellip;]<\/p>\n","protected":false},"author":1,"featured_media":199733,"comment_status":"open","ping_status":"","sticky":false,"template":"","format":"standard","meta":{"footnotes":""},"categories":[2],"tags":[11],"class_list":["post-199732","post","type-post","status-publish","format-standard","has-post-thumbnail","hentry","category-politics","tag-digi24"],"_links":{"self":[{"href":"https:\/\/analyse.optim.biz\/index.php?rest_route=\/wp\/v2\/posts\/199732","targetHints":{"allow":["GET"]}}],"collection":[{"href":"https:\/\/analyse.optim.biz\/index.php?rest_route=\/wp\/v2\/posts"}],"about":[{"href":"https:\/\/analyse.optim.biz\/index.php?rest_route=\/wp\/v2\/types\/post"}],"author":[{"embeddable":true,"href":"https:\/\/analyse.optim.biz\/index.php?rest_route=\/wp\/v2\/users\/1"}],"replies":[{"embeddable":true,"href":"https:\/\/analyse.optim.biz\/index.php?rest_route=%2Fwp%2Fv2%2Fcomments&post=199732"}],"version-history":[{"count":0,"href":"https:\/\/analyse.optim.biz\/index.php?rest_route=\/wp\/v2\/posts\/199732\/revisions"}],"wp:featuredmedia":[{"embeddable":true,"href":"https:\/\/analyse.optim.biz\/index.php?rest_route=\/wp\/v2\/media\/199733"}],"wp:attachment":[{"href":"https:\/\/analyse.optim.biz\/index.php?rest_route=%2Fwp%2Fv2%2Fmedia&parent=199732"}],"wp:term":[{"taxonomy":"category","embeddable":true,"href":"https:\/\/analyse.optim.biz\/index.php?rest_route=%2Fwp%2Fv2%2Fcategories&post=199732"},{"taxonomy":"post_tag","embeddable":true,"href":"https:\/\/analyse.optim.biz\/index.php?rest_route=%2Fwp%2Fv2%2Ftags&post=199732"}],"curies":[{"name":"wp","href":"https:\/\/api.w.org\/{rel}","templated":true}]}}