{"id":199720,"date":"2014-08-06T06:43:54","date_gmt":"2014-08-06T03:43:54","guid":{"rendered":"https:\/\/analyse.optim.biz\/?p=199720"},"modified":"2014-08-06T06:43:54","modified_gmt":"2014-08-06T03:43:54","slug":"speranta-lui-traian-basescu-poate-rozalia-biro-si-claudiu-manda-nu-vor-sa-fie-respinsi-cu-eticheta-necorespunzator-si-se-retrag","status":"publish","type":"post","link":"https:\/\/analyse.optim.biz\/?p=199720","title":{"rendered":"Speran\u0163a lui Traian B\u0103sescu: Poate Rozalia Biro \u015fi Claudiu Manda nu vor s\u0103 fie respin\u015fi cu eticheta \u201enecorespunz\u0103tor\u201d \u015fi se retrag"},"content":{"rendered":"<div class=\"entry data-app-meta data-app-meta-article\" data-embed-base-url-canonical=\"https:\/\/www.digi24.ro\/embed\/stiri\/actualitate\/politica\/speranta-lui-traian-basescu-poate-rozalia-biro-si-claudiu-manda-nu-vor-sa-fie-respinsi-cu-eticheta-necorespunzator-si-se-retrag-277889\">\n<p data-index=\"1\"><span><strong>Pre\u015fedintele Traian B\u0103sescu ia miercuri o decizie \u00een leg\u0103tur\u0103 cu propunerile premierului pentru func\u0163iile de ministru delegat pentru Buget \u015fi ministru al Culturii. \u015eeful statului a anun\u0163at \u00eentr-un interviu televizat c\u0103, cel mai probabil, va respinge propunerile dac\u0103 vor r\u0103m\u00e2ne neschimbate. Pre\u015fedintele a precizat \u015fi c\u0103 sper\u0103 ca cei doi, Claudiu Manda \u015fi Rozalia Biro, s\u0103 \u00ee\u015fi dea seama c\u0103 nu sunt potrivi\u0163i pentru cele dou\u0103 demnit\u0103\u0163i \u015fi s\u0103 renun\u0163e.<\/strong><\/span><\/p>\n<p data-index=\"2\"><span><span><img decoding=\"async\" src=\"https:\/\/analyse.optim.biz\/wp-content\/uploads\/2024\/09\/mzk4ytrhy2u2mddimtbhnwyyngmwzju2yji4njfjyg-thumb_.jpg\" data-skip-htmlfix=\"1\" title=\"mzk4ytrhy2u2mddimtbhnwyyngmwzju2yji4njfjyg-thumb_\"><\/span><\/span><\/p>\n<p data-index=\"3\"><span><span>Victor Ponta i-a nominalizat pe cei doi pentru a face parte din Guvern \u00een urm\u0103 cu o s\u0103pt\u0103m\u00e2n\u0103. \u00cen aceea\u015fi zi, Traian B\u0103sescu spunea de la Cotroceni c\u0103 nu va semna numirile; tot atunci, pre\u015fedintele \u00eei d\u0103dea premierului c\u00e2teva zile pentru a reveni asupra propunerilor. Victor Ponta spune \u00eens\u0103 c\u0103 a\u015fteapt\u0103 ca pre\u015fedintele s\u0103 \u00eei resping\u0103 oficial pe cei doi.<\/span><\/span><\/p>\n<p data-index=\"4\"><span>\u201e<\/span><span><span><strong>Dac\u0103 Victor Ponta nu vrea s\u0103 \u00een\u0163eleag\u0103 c\u0103 un guvern nu poate s\u0103 aib\u0103 ca ministru al Bugetului un domn care se ocupa de Casa de Cultur\u0103 a Studen\u0163ilor \u015fi o doamn\u0103 la Cultur\u0103 care nu vorbe\u015fte sau nu \u00een\u0163elege bine limba rom\u00e2n\u0103, eu nu voi avea ce s\u0103 fac<\/strong><\/span><\/span>\u201d, a spus Traian B\u0103sescu. <strong><a href=\"https:\/\/www.digi24.ro\/Stiri\/Digi24\/Actualitate\/Politica\/Traian+Basescu+asteapta+ca+Victor+Ponta+sa+retraga+propunerile+p\" target=\"_blank\" data-skip-linkfix=\"1\" rel=\"noopener\">\u201ePoate ace\u015fti oameni nu vor s\u0103 fie respin\u015fi cu eticheta &#8216;<\/a><a href=\"https:\/\/www.digi24.ro\/Stiri\/Digi24\/Actualitate\/Politica\/Traian+Basescu+asteapta+ca+Victor+Ponta+sa+retraga+propunerile+p\" target=\"_blank\" data-skip-linkfix=\"1\" rel=\"noopener\"><span><em>necorespunz\u0103tor<\/em><\/span><span>&#8216; \u015fi \u00ee\u015fi retrag candidatura\u201d<\/span><\/a><\/strong>, a ad\u0103ugat el.<\/p>\n<p data-index=\"5\">\u00cen ziua \u00een care a primit propunerile premierului pentru func\u0163iile de ministru delegat pentru Buget \u015fi ministru al Culturii, pe 1 august, pre\u015fedintele a anun\u0163at c\u0103 Claudiu Manda \u015fi Rozalia Biro sunt nepotrivi\u0163i pentru aceste pozi\u0163ii.<\/p>\n<p data-index=\"6\"><span>\u201e<\/span><span><span><strong>Doamna Rozalia Biro&#8230; de la ea a aflat toat\u0103 Rom\u00e2nia c\u0103 nu are nici un biped \u00een familie \u015fi de asemenea, tot de la domnia sa am aflat c\u0103 \u00een Rom\u00e2nia se nasc tot mai pu\u0163ini bipezi<\/strong><\/span><\/span><span><span>\u201d, <strong><a href=\"https:\/\/www.digi24.ro\/Stiri\/Digi24\/Actualitate\/Politica\/Traian+Basescu+face+o+declaratie+de+presa+la+ora+17+00\" target=\"_blank\" data-skip-linkfix=\"1\" rel=\"noopener\">a comentat atunci pre\u015fedintele<\/a><\/strong>. C\u00e2t prive\u015fte portofoliul Bugetului, \u201e<\/span><\/span><span><span><strong>Cea mai complex\u0103 experien\u0163\u0103 a lui Manda este legat\u0103 de func\u0163ia de director la Casa Studen\u0163ilor din Craiova. Oameni buni, singurul calcul economic de acolo este valoarea biletelor rupte \u00eentr-o zi de s\u00e2mb\u0103t\u0103<\/strong><\/span><\/span><span><span>\u201d, a \u0163inut s\u0103 explice Traian B\u0103sescu.<\/span><\/span><\/p>\n<p data-index=\"7\">Premierul Victor Ponta a catalogat interven\u0163ia de la Cotroceni ca <a href=\"https:\/\/www.digi24.ro\/Stiri\/Digi24\/Actualitate\/Politica\/Victor+Ponta+mentine+nominalizarile+la+Cultura+si+Buget+Discursu\" target=\"_blank\" data-skip-linkfix=\"1\" rel=\"noopener\">\u201e<em><strong>declara\u0163ii de c\u00e2rcium\u0103<\/strong><\/em>\u201d<\/a> \u015fi <a href=\"https:\/\/www.digi24.ro\/Stiri\/Digi24\/Actualitate\/Politica\/Traian+Basescu+Ministrii+propusi+la+Cultura+si+Buget+nepotriviti\" target=\"_blank\" data-skip-linkfix=\"1\" rel=\"noopener\"><strong>\u00ee\u015fi men\u0163ine propunerile<\/strong><\/a>. \u201e<strong>Argumenta\u0163ia domnului B\u0103sescu este absurd\u0103<\/strong>\u201d, spune el. \u201e<strong>Pre\u015fedintele fie face formalit\u0103\u0163ile de depunere a jur\u0103m\u00e2ntului, fie s\u0103 \u00eei resping\u0103. Are voie s\u0103 resping\u0103 o dat\u0103 \u015fi, \u00een m\u0103sura \u00een care o va face \u00een scris, oficial, atunci voi nominaliza alte dou\u0103 persoane. Eu fac propunerile. UDMR mi-a propus-o pe Biro, PSD pe Manda. \u00cendeplinesc condi\u0163iile legale, cred c\u0103 am\u00e2ndoi sunt oameni care \u00ee\u015fi pot face datoria<\/strong>\u201d, a spus premierul.<\/p>\n<p data-index=\"8\">Pre\u015fedintele Traian B\u0103sescu nu este la prima respingere a unui ministru. \u00cen 2007 \u015fi \u00een 2008 au avut aceea\u015fi soart\u0103 propunerile premierului <a href=\"https:\/\/www.digi24.ro\/Stiri\/Digi24\/Actualitate\/Politica\/Victor+Ponta+CP+Tariceanu+2006+Nu+avem+ce+oua+sa+ii+numaram\" target=\"_blank\" data-skip-linkfix=\"1\" rel=\"noopener\"><strong>C\u0103lin Popescu T\u0103riceanu<\/strong><\/a>: <strong>Adrian Cioroianu<\/strong>, propus ministru de Externe, \u015fi <strong>Norica Nicolai<\/strong>, propus\u0103 la Justi\u0163ie.<\/p>\n<\/div>\n<p> Source URL: https:\/\/www.digi24.ro\/stiri\/actualitate\/politica\/speranta-lui-traian-basescu-poate-rozalia-biro-si-claudiu-manda-nu-vor-sa-fie-respinsi-cu-eticheta-necorespunzator-si-se-retrag-277889<\/p>\n","protected":false},"excerpt":{"rendered":"<p>Pre\u015fedintele Traian B\u0103sescu ia miercuri o decizie \u00een leg\u0103tur\u0103 cu propunerile premierului pentru func\u0163iile de ministru delegat pentru Buget \u015fi ministru al Culturii. \u015eeful statului a anun\u0163at \u00eentr-un interviu televizat c\u0103, cel mai probabil, va respinge propunerile dac\u0103 vor r\u0103m\u00e2ne neschimbate. Pre\u015fedintele a precizat \u015fi c\u0103 sper\u0103 ca cei doi, Claudiu Manda \u015fi Rozalia Biro, [&hellip;]<\/p>\n","protected":false},"author":1,"featured_media":199721,"comment_status":"open","ping_status":"","sticky":false,"template":"","format":"standard","meta":{"footnotes":""},"categories":[2],"tags":[11],"class_list":["post-199720","post","type-post","status-publish","format-standard","has-post-thumbnail","hentry","category-politics","tag-digi24"],"_links":{"self":[{"href":"https:\/\/analyse.optim.biz\/index.php?rest_route=\/wp\/v2\/posts\/199720","targetHints":{"allow":["GET"]}}],"collection":[{"href":"https:\/\/analyse.optim.biz\/index.php?rest_route=\/wp\/v2\/posts"}],"about":[{"href":"https:\/\/analyse.optim.biz\/index.php?rest_route=\/wp\/v2\/types\/post"}],"author":[{"embeddable":true,"href":"https:\/\/analyse.optim.biz\/index.php?rest_route=\/wp\/v2\/users\/1"}],"replies":[{"embeddable":true,"href":"https:\/\/analyse.optim.biz\/index.php?rest_route=%2Fwp%2Fv2%2Fcomments&post=199720"}],"version-history":[{"count":0,"href":"https:\/\/analyse.optim.biz\/index.php?rest_route=\/wp\/v2\/posts\/199720\/revisions"}],"wp:featuredmedia":[{"embeddable":true,"href":"https:\/\/analyse.optim.biz\/index.php?rest_route=\/wp\/v2\/media\/199721"}],"wp:attachment":[{"href":"https:\/\/analyse.optim.biz\/index.php?rest_route=%2Fwp%2Fv2%2Fmedia&parent=199720"}],"wp:term":[{"taxonomy":"category","embeddable":true,"href":"https:\/\/analyse.optim.biz\/index.php?rest_route=%2Fwp%2Fv2%2Fcategories&post=199720"},{"taxonomy":"post_tag","embeddable":true,"href":"https:\/\/analyse.optim.biz\/index.php?rest_route=%2Fwp%2Fv2%2Ftags&post=199720"}],"curies":[{"name":"wp","href":"https:\/\/api.w.org\/{rel}","templated":true}]}}