{"id":199709,"date":"2014-08-06T10:16:31","date_gmt":"2014-08-06T07:16:31","guid":{"rendered":"https:\/\/analyse.optim.biz\/?p=199709"},"modified":"2014-08-06T10:16:31","modified_gmt":"2014-08-06T07:16:31","slug":"candidatul-dreptei-la-prezidentiale-va-fi-desemnat-luni","status":"publish","type":"post","link":"https:\/\/analyse.optim.biz\/?p=199709","title":{"rendered":"Candidatul dreptei la preziden\u021biale va fi desemnat luni"},"content":{"rendered":"<div class=\"entry data-app-meta data-app-meta-article\" data-embed-base-url-canonical=\"https:\/\/www.digi24.ro\/embed\/stiri\/actualitate\/politica\/candidatul-dreptei-la-prezidentiale-va-fi-desemnat-luni-277945\">\n<p data-index=\"1\">\u201e<em><strong><span>Am decis s\u0103 convoc\u0103m forurile de conducere ale Alian\u021bei Cre\u0219tin-Liberale \u0219i ale noului Partid Na\u021bional Liberal pentru luni, c\u00e2nd vom face desemnarea candidatului dreptei pentru cursa preziden\u021bial\u0103.\u00a0<\/span>De luni, vom fi sut\u0103 la sut\u0103 \u00een precampanie. \u00cencepem ac\u021biunea de str\u00e2ngere de semn\u0103turi pentru candidatul care va fi desemnat luni<\/strong><\/em>\u201d, a declarat Klaus Iohannis.<\/p>\n<p data-index=\"2\">Pe 31 august va avea loc la Ia\u0219i reuniunea grupurilor parlamentare reunite ale Alian\u021bei Cre\u0219tin-Liberale, c\u00e2nd vor fi prezentate ini\u021biativele legislative pentru noua sesiune, iar \u00een 5-6 septembrie, la Bra\u0219ov, va avea loc liga ale\u0219ilor locali, a anun\u021bat Vasile Blaga.<\/p>\n<p data-index=\"3\">\u201e<span>Convingerea noastr\u0103 este c\u0103 vom avea candidatul care va c\u00e2\u0219tiga alegerile preziden\u021biale din Rom\u00e2nia\u201d, a punctat el.<\/span><\/p>\n<p data-index=\"4\">Vasile Blaga nu a ratat ocazia s\u0103 \u00eel critice pe Victor Ponta.<\/p>\n<p data-index=\"5\">\u201e<span>Guverneaz\u0103 prost, ca s\u0103 nu spun c\u0103 nu guverneaz\u0103\u201d, a spus el, ad\u0103ug\u00e2nd c\u0103 \u201eVictor Ponta nu \u0219tie cum s\u0103 fug\u0103 din func\u021bia de premier\u201d.<\/span><\/p>\n<p data-index=\"6\">Liderul PDL a precizat nu a semnat niciun document secret Klaus Iohannis:\u00a0\u201e<span>Tot ceea ce am semnat este public \u0219i de ieri \u00een instan\u021b\u0103\u201d.<\/span>\u00a0<\/p>\n<p data-index=\"7\"><a href=\"https:\/\/www.digi24.ro\/Stiri\/Digi24\/Actualitate\/Politica\/PNL+si+PDL+au+depus+documentele+de+fuziune+Liberalii+nu+au+anula\" data-skip-linkfix=\"1\">PNL \u015fi PDL au depus ieri<\/a> la tribunal documentele pentru oficializarea fuziunii celor dou\u0103 partide. Surse politice spun c\u0103 procedura ar putea dura o jum\u0103tate de an, iar \u00een aceste condi\u0163ii viitorul candidat comun la preziden\u0163iale, care va fi ales \u00een urma sondajelor de opinie \u00eentre Klaus Iohannis \u0219i C\u0103t\u0103lin Predoiu, va participa la alegerile din toamn\u0103 sub sigla Alian\u0163ei Cre\u015ftin-Liberale.<\/p>\n<\/div>\n<p> Source URL: https:\/\/www.digi24.ro\/stiri\/actualitate\/politica\/candidatul-dreptei-la-prezidentiale-va-fi-desemnat-luni-277945<\/p>\n","protected":false},"excerpt":{"rendered":"<p>\u201eAm decis s\u0103 convoc\u0103m forurile de conducere ale Alian\u021bei Cre\u0219tin-Liberale \u0219i ale noului Partid Na\u021bional Liberal pentru luni, c\u00e2nd vom face desemnarea candidatului dreptei pentru cursa preziden\u021bial\u0103.\u00a0De luni, vom fi sut\u0103 la sut\u0103 \u00een precampanie. \u00cencepem ac\u021biunea de str\u00e2ngere de semn\u0103turi pentru candidatul care va fi desemnat luni\u201d, a declarat Klaus Iohannis. Pe 31 august [&hellip;]<\/p>\n","protected":false},"author":1,"featured_media":199710,"comment_status":"open","ping_status":"","sticky":false,"template":"","format":"standard","meta":{"footnotes":""},"categories":[2],"tags":[11],"class_list":["post-199709","post","type-post","status-publish","format-standard","has-post-thumbnail","hentry","category-politics","tag-digi24"],"_links":{"self":[{"href":"https:\/\/analyse.optim.biz\/index.php?rest_route=\/wp\/v2\/posts\/199709","targetHints":{"allow":["GET"]}}],"collection":[{"href":"https:\/\/analyse.optim.biz\/index.php?rest_route=\/wp\/v2\/posts"}],"about":[{"href":"https:\/\/analyse.optim.biz\/index.php?rest_route=\/wp\/v2\/types\/post"}],"author":[{"embeddable":true,"href":"https:\/\/analyse.optim.biz\/index.php?rest_route=\/wp\/v2\/users\/1"}],"replies":[{"embeddable":true,"href":"https:\/\/analyse.optim.biz\/index.php?rest_route=%2Fwp%2Fv2%2Fcomments&post=199709"}],"version-history":[{"count":0,"href":"https:\/\/analyse.optim.biz\/index.php?rest_route=\/wp\/v2\/posts\/199709\/revisions"}],"wp:featuredmedia":[{"embeddable":true,"href":"https:\/\/analyse.optim.biz\/index.php?rest_route=\/wp\/v2\/media\/199710"}],"wp:attachment":[{"href":"https:\/\/analyse.optim.biz\/index.php?rest_route=%2Fwp%2Fv2%2Fmedia&parent=199709"}],"wp:term":[{"taxonomy":"category","embeddable":true,"href":"https:\/\/analyse.optim.biz\/index.php?rest_route=%2Fwp%2Fv2%2Fcategories&post=199709"},{"taxonomy":"post_tag","embeddable":true,"href":"https:\/\/analyse.optim.biz\/index.php?rest_route=%2Fwp%2Fv2%2Ftags&post=199709"}],"curies":[{"name":"wp","href":"https:\/\/api.w.org\/{rel}","templated":true}]}}