{"id":199698,"date":"2014-08-06T13:05:07","date_gmt":"2014-08-06T10:05:07","guid":{"rendered":"https:\/\/analyse.optim.biz\/?p=199698"},"modified":"2014-08-06T13:05:07","modified_gmt":"2014-08-06T10:05:07","slug":"13-consilieri-locali-din-sfantu-gheorghe-au-semnat-o-petitie-pentru-autonomie","status":"publish","type":"post","link":"https:\/\/analyse.optim.biz\/?p=199698","title":{"rendered":"13 consilieri locali din Sf\u00e2ntu Gheorghe au semnat o peti\u021bie pentru autonomie"},"content":{"rendered":"<div class=\"entry data-app-meta data-app-meta-article\" data-embed-base-url-canonical=\"https:\/\/www.digi24.ro\/embed\/stiri\/actualitate\/politica\/13-consilieri-locali-din-sfantu-gheorghe-au-semnat-o-petitie-pentru-autonomie-278040\">\n<p data-index=\"1\">Proiectul privind autonomia \u0162inutului Secuiesc<a href=\"https:\/\/www.digi24.ro\/Stiri\/Digi24\/Actualitate\/Politica\/Consiliu+Local+Sfantu+Gheorghe+autonomie+Tinutul+Secuiesc\" target=\"_blank\" data-skip-linkfix=\"1\" rel=\"noopener\"> a fost ultimul punct de pe ordinea de zi a sedin\u0163ei extraordinare a Consiliului Local din Sf\u00e2ntu Gheorghe<\/a>. Consilierii rom\u00e2ni au cerut \u00eens\u0103 retragerea proiectului, pe motiv c\u0103 juri\u015ftii prim\u0103riei au declarat hot\u0103r\u00e2rea nelegal\u0103.<\/p>\n<p data-index=\"2\">\u201eAv\u00e2nd \u00een vedere neconstitu\u0163ionalitatea lui, eu personal \u015fi probabil \u015fi colegii, propun scoaterea lui de pe ordinea de zi\u201d, a spus unul dintre consilieri.<\/p>\n<p data-index=\"3\">Primarul Antal Arpad a propus imediat ca proiectul s\u0103 fie votat sub forma unei peti\u0163ii. El a spus c\u0103 este necesar ca acesta s\u0103 ajung\u0103 la Guvern \u015fi la mai multe foruri interna\u0163ionale, mai ales c\u0103 \u00een aceste zile se lucreaz\u0103 \u015fi la crearea statutului \u0162inutul Secuiesc.<\/p>\n<p data-index=\"4\">\u201eConsider\u0103m c\u0103 putem s\u0103 ne p\u0103str\u0103m identitatea, cultura, religia, dac\u0103 avem un statut special. Pentru c\u0103 suntem diferi\u0163i avem nevoie de acest statut special\u201d, a declarat Antal Arpad, primarul municipiului Sf\u00e2ntu Gheorghe, UDMR.<\/p>\n<p data-index=\"5\">Consilierii s-au consultat aproape o or\u0103 p\u00e2n\u0103 s\u0103 ia decizia final\u0103.<\/p>\n<p data-index=\"6\">\u201eNoi, cei care suntem ale\u015fii cet\u0103\u0163enilor muncipiului Sf\u00e2ntu Gheorghe, trebuie s\u0103 ne exprim\u0103m opinia, dac\u0103 dorim sau ne-ar pl\u0103cea ca Sf\u00e2ntu Gheorghe s\u0103 fie apartenet regiunii autonome a \u0162inutului Secuiesc\u201d, a motivat Balint Iosif, ini\u0163iator proiect, consilier local din partea PCM.<\/p>\n<p data-index=\"7\">Pe motiv c\u0103 nu se reg\u0103sesc \u00een acest proiect, consilierii locali de la PNL \u015fi PSD au \u00eenchis aparatele de vot, astfel \u00eenc\u00e2t refuzul lor s\u0103 fie evident.<\/p>\n<p data-index=\"8\">\u201eEu personal \u015fi probabil \u015fi colegii mei vor lua cuv\u00e2ntul \u015fi \u00ee\u015fi vor spune punctul de vedere, nu voi vota cu NU, rog s\u0103 se consemneze acest lucru \u00een procesul verbal, ci voi refuza s\u0103 votez, pentru c\u0103 nu pot s\u0103 votez cu nu ceva care este neconstitu\u0163ional\u201d, a argumentat Rodica P\u00e2rvan, consilier local PSD.<\/p>\n<p data-index=\"9\">\u201eCu siguran\u0163\u0103 nu putem vota ceva nelegal\u201d, a completat M\u0103d\u0103lin Guruianu, consilier local PNL.<\/p>\n<p data-index=\"10\">\u00cen final, proiectul a fost aprobat cu 13 voturi, adic\u0103 to\u0163i consilierii maghiari care se aflau \u00een sal\u0103 au votat pentru.<\/p>\n<p data-index=\"11\">\u201eDup\u0103 mine, autonomie nu trebuie numai pentru noi, pentru secui, autonomie trebuie \u00een toat\u0103 \u0163ara, adic\u0103 pentru olteni sau, nu \u015ftiu\u201d, a spus un localnic.<\/p>\n<p data-index=\"12\">Prefectul jude\u0163ului Covasna, Marius Popica, a declarat c\u0103 va analiza peti\u0163ia \u015fi, \u00een cazul \u00een care o va considera ilegal\u0103, o va ataca \u00een instan\u0163\u0103.<\/p>\n<\/div>\n<p> Source URL: https:\/\/www.digi24.ro\/stiri\/actualitate\/politica\/13-consilieri-locali-din-sfantu-gheorghe-au-semnat-o-petitie-pentru-autonomie-278040<\/p>\n","protected":false},"excerpt":{"rendered":"<p>Proiectul privind autonomia \u0162inutului Secuiesc a fost ultimul punct de pe ordinea de zi a sedin\u0163ei extraordinare a Consiliului Local din Sf\u00e2ntu Gheorghe. Consilierii rom\u00e2ni au cerut \u00eens\u0103 retragerea proiectului, pe motiv c\u0103 juri\u015ftii prim\u0103riei au declarat hot\u0103r\u00e2rea nelegal\u0103. \u201eAv\u00e2nd \u00een vedere neconstitu\u0163ionalitatea lui, eu personal \u015fi probabil \u015fi colegii, propun scoaterea lui de pe [&hellip;]<\/p>\n","protected":false},"author":1,"featured_media":199699,"comment_status":"open","ping_status":"","sticky":false,"template":"","format":"standard","meta":{"footnotes":""},"categories":[2],"tags":[11],"class_list":["post-199698","post","type-post","status-publish","format-standard","has-post-thumbnail","hentry","category-politics","tag-digi24"],"_links":{"self":[{"href":"https:\/\/analyse.optim.biz\/index.php?rest_route=\/wp\/v2\/posts\/199698","targetHints":{"allow":["GET"]}}],"collection":[{"href":"https:\/\/analyse.optim.biz\/index.php?rest_route=\/wp\/v2\/posts"}],"about":[{"href":"https:\/\/analyse.optim.biz\/index.php?rest_route=\/wp\/v2\/types\/post"}],"author":[{"embeddable":true,"href":"https:\/\/analyse.optim.biz\/index.php?rest_route=\/wp\/v2\/users\/1"}],"replies":[{"embeddable":true,"href":"https:\/\/analyse.optim.biz\/index.php?rest_route=%2Fwp%2Fv2%2Fcomments&post=199698"}],"version-history":[{"count":0,"href":"https:\/\/analyse.optim.biz\/index.php?rest_route=\/wp\/v2\/posts\/199698\/revisions"}],"wp:featuredmedia":[{"embeddable":true,"href":"https:\/\/analyse.optim.biz\/index.php?rest_route=\/wp\/v2\/media\/199699"}],"wp:attachment":[{"href":"https:\/\/analyse.optim.biz\/index.php?rest_route=%2Fwp%2Fv2%2Fmedia&parent=199698"}],"wp:term":[{"taxonomy":"category","embeddable":true,"href":"https:\/\/analyse.optim.biz\/index.php?rest_route=%2Fwp%2Fv2%2Fcategories&post=199698"},{"taxonomy":"post_tag","embeddable":true,"href":"https:\/\/analyse.optim.biz\/index.php?rest_route=%2Fwp%2Fv2%2Ftags&post=199698"}],"curies":[{"name":"wp","href":"https:\/\/api.w.org\/{rel}","templated":true}]}}