{"id":199687,"date":"2014-08-06T14:54:57","date_gmt":"2014-08-06T11:54:57","guid":{"rendered":"https:\/\/analyse.optim.biz\/?p=199687"},"modified":"2014-08-06T14:54:57","modified_gmt":"2014-08-06T11:54:57","slug":"victor-ponta-nu-renunta-la-nominalizarile-pentru-portofoliile-culturii-si-bugetului","status":"publish","type":"post","link":"https:\/\/analyse.optim.biz\/?p=199687","title":{"rendered":"Victor Ponta nu renun\u021b\u0103 la nominaliz\u0103rile pentru portofoliile Culturii \u0219i Bugetului"},"content":{"rendered":"<div class=\"entry data-app-meta data-app-meta-article\" data-embed-base-url-canonical=\"https:\/\/www.digi24.ro\/embed\/stiri\/actualitate\/politica\/victor-ponta-nu-renunta-la-nominalizarile-pentru-portofoliile-culturii-si-bugetului-278151\">\n<p data-index=\"1\">Liderul UDMR, Kelemen Hunor, spune c\u0103 mandatul noilor mini\u015ftri de la Cultur\u0103 \u015fi Buget ar putea fi scurt, pentru c\u0103 ar urma o remaniere dup\u0103 alegerile preziden\u0163iale.<\/p>\n<p data-index=\"2\">\u201eVom vedea ce se va \u00eent\u00e2mpla cu noul guvern, indiferent dac\u0103 c\u00e2\u0219tig\u0103 Victor Ponta sau nu c\u00e2\u0219tig\u0103 Victor Ponta. Dup\u0103 alegerile preziden\u021biale, proabil c\u0103 \u0219i din acest punct de vedere vor fi schimb\u0103ri\u201d, a declarat Kelemen Hunor, la RFI.<\/p>\n<p data-index=\"3\">Victor Ponta a anun\u0163at c\u0103 a\u015fteapt\u0103 decizia oficial\u0103 de respingere, apoi va \u00eenainta pre\u015fedintelui alte propuneri. El a ironizat \u015fi noile atacuri ale pre\u015fedintelui la adresa propunerilor sale.<\/p>\n<p data-index=\"4\">\u201e<span>Ca s\u0103 fiu sigur c\u0103 le accept\u0103 B\u0103sescu, o s-o propun pe EBA, pe Elena B\u0103sescu, la Cultur\u0103 \u015fi pe Sorin Blejnar la Buget\u201d, a spus Victor Ponta.<\/span><\/p>\n<p data-index=\"5\">Replica pentru Victor Ponta a venit din partea fiicei pre\u015fedintelui, direct vizat\u0103 de afirma\u0163iile premierului. \u201ePentru c\u0103 are predilec\u0163ie pentru un guvern de rubedenii, \u00eei sugerez lui Dottore Victor Viorel Ponta s\u0103 o propun\u0103 pe so\u0163ia sa, Daciana S\u00e2rbu, la Ministerul Bugetului&#8221;, a scris Elena B\u0103sescu, pe Facebook.<\/p>\n<p data-index=\"6\">Pre\u015fedintele Traian B\u0103sescu a anun\u0163at c\u0103 va respinge propunerile \u00eenaintate de Victor Ponta pentru noii titulari ai posturilor de ministru al Culturii \u015fi ministru delegat pentru Buget.<\/p>\n<p data-index=\"7\">\u0218eful statului nu este la prima respingere a unui ministru. \u00cen 2007 \u015fi \u00een 2008 au avut aceea\u015fi soart\u0103 nominaliz\u0103rile premierului C\u0103lin Popescu T\u0103riceanu: Adrian Cioroianu, propus ministru de Externe, \u015fI Norica Nicolai, propus\u0103 la Justi\u0163ie. \u00a0<\/p>\n<\/div>\n<p> Source URL: https:\/\/www.digi24.ro\/stiri\/actualitate\/politica\/victor-ponta-nu-renunta-la-nominalizarile-pentru-portofoliile-culturii-si-bugetului-278151<\/p>\n","protected":false},"excerpt":{"rendered":"<p>Liderul UDMR, Kelemen Hunor, spune c\u0103 mandatul noilor mini\u015ftri de la Cultur\u0103 \u015fi Buget ar putea fi scurt, pentru c\u0103 ar urma o remaniere dup\u0103 alegerile preziden\u0163iale. \u201eVom vedea ce se va \u00eent\u00e2mpla cu noul guvern, indiferent dac\u0103 c\u00e2\u0219tig\u0103 Victor Ponta sau nu c\u00e2\u0219tig\u0103 Victor Ponta. Dup\u0103 alegerile preziden\u021biale, proabil c\u0103 \u0219i din acest punct [&hellip;]<\/p>\n","protected":false},"author":1,"featured_media":199688,"comment_status":"open","ping_status":"","sticky":false,"template":"","format":"standard","meta":{"footnotes":""},"categories":[2],"tags":[11],"class_list":["post-199687","post","type-post","status-publish","format-standard","has-post-thumbnail","hentry","category-politics","tag-digi24"],"_links":{"self":[{"href":"https:\/\/analyse.optim.biz\/index.php?rest_route=\/wp\/v2\/posts\/199687","targetHints":{"allow":["GET"]}}],"collection":[{"href":"https:\/\/analyse.optim.biz\/index.php?rest_route=\/wp\/v2\/posts"}],"about":[{"href":"https:\/\/analyse.optim.biz\/index.php?rest_route=\/wp\/v2\/types\/post"}],"author":[{"embeddable":true,"href":"https:\/\/analyse.optim.biz\/index.php?rest_route=\/wp\/v2\/users\/1"}],"replies":[{"embeddable":true,"href":"https:\/\/analyse.optim.biz\/index.php?rest_route=%2Fwp%2Fv2%2Fcomments&post=199687"}],"version-history":[{"count":0,"href":"https:\/\/analyse.optim.biz\/index.php?rest_route=\/wp\/v2\/posts\/199687\/revisions"}],"wp:featuredmedia":[{"embeddable":true,"href":"https:\/\/analyse.optim.biz\/index.php?rest_route=\/wp\/v2\/media\/199688"}],"wp:attachment":[{"href":"https:\/\/analyse.optim.biz\/index.php?rest_route=%2Fwp%2Fv2%2Fmedia&parent=199687"}],"wp:term":[{"taxonomy":"category","embeddable":true,"href":"https:\/\/analyse.optim.biz\/index.php?rest_route=%2Fwp%2Fv2%2Fcategories&post=199687"},{"taxonomy":"post_tag","embeddable":true,"href":"https:\/\/analyse.optim.biz\/index.php?rest_route=%2Fwp%2Fv2%2Ftags&post=199687"}],"curies":[{"name":"wp","href":"https:\/\/api.w.org\/{rel}","templated":true}]}}