{"id":199420,"date":"2014-08-12T11:17:22","date_gmt":"2014-08-12T08:17:22","guid":{"rendered":"https:\/\/analyse.optim.biz\/?p=199420"},"modified":"2014-08-12T11:17:22","modified_gmt":"2014-08-12T08:17:22","slug":"vasile-blaga-seful-de-campanie-al-lui-klaus-iohannis","status":"publish","type":"post","link":"https:\/\/analyse.optim.biz\/?p=199420","title":{"rendered":"Vasile Blaga, \u015feful de campanie al lui Klaus Iohannis"},"content":{"rendered":"<div class=\"entry data-app-meta data-app-meta-article\" data-embed-base-url-canonical=\"https:\/\/www.digi24.ro\/embed\/stiri\/actualitate\/politica\/vasile-blaga-seful-de-campanie-al-lui-klaus-iohannis-280121\">\n<p data-index=\"1\">\u00a0<img decoding=\"async\" src=\"https:\/\/analyse.optim.biz\/wp-content\/uploads\/2024\/09\/dz04mdamagfzad02mtq3mgu3ztyzzdm5ngzjnwm0zjizm2y2nmy4yzk2za-thumb_.jpg\" data-skip-htmlfix=\"1\" title=\"dz04mdamagfzad02mtq3mgu3ztyzzdm5ngzjnwm0zjizm2y2nmy4yzk2za-thumb_\"><\/p>\n<p data-index=\"2\"><strong>(FOTO: Facebook Klaus Iohannis)<\/strong><\/p>\n<p data-index=\"3\">&#8220;Am avut ast\u0103zi prima \u015fedin\u0163\u0103 mare de preg\u0103tire a campaniei electorale. \u00cemi face mare pl\u0103cere s\u0103 anun\u0163 public c\u0103 l-am rugat pe domnul co-pre\u015fedinte Blaga s\u0103 fie \u015feful campaniei electorale \u015fi domnul Blaga a acceptat, \u00een continuare va conduce echipa de campanie&#8221;, a precizat<a href=\"https:\/\/www.digi24.ro\/Stiri\/Digi24\/Actualitate\/Politica\/Klaus+Iohannis+candidatul+la+prezidentiale+al+Aliantei+Crestin-L\" target=\"_blank\" data-skip-linkfix=\"1\" rel=\"noopener\"><strong>Klaus Iohannis.<\/strong><\/a><\/p>\n<p data-index=\"4\">La r\u00e2ndul s\u0103u, liderul PDL <strong>Vasile Blaga<\/strong> \u015fi copre\u015fedinte al ACL a precizat c\u0103 &#8220;a acceptat cu pl\u0103cere&#8221; aceast\u0103 atribu\u0163ie \u015fi crede c\u0103 are experien\u0163a necesar\u0103 pentru a coordona echipa de campanie.<\/p>\n<p data-index=\"5\">&#8220;Mul\u0163umesc domnului Iohannis pentru \u00eencredere. Am acceptat cu pl\u0103cere. Nu e o sarcin\u0103 u\u015foar\u0103. Cred c\u0103 am experien\u0163a necesar\u0103 pentru a coordona echipa de campanie&#8221;, a precizat Blaga.<\/p>\n<p data-index=\"6\">\u00cent\u00e2lnirea conducerilor PDL \u015fi PNL a avut loc \u00een sediul PDL din Modrogan 22.<\/p>\n<\/div>\n<p> Source URL: https:\/\/www.digi24.ro\/stiri\/actualitate\/politica\/vasile-blaga-seful-de-campanie-al-lui-klaus-iohannis-280121<\/p>\n","protected":false},"excerpt":{"rendered":"<p>\u00a0 (FOTO: Facebook Klaus Iohannis) &#8220;Am avut ast\u0103zi prima \u015fedin\u0163\u0103 mare de preg\u0103tire a campaniei electorale. \u00cemi face mare pl\u0103cere s\u0103 anun\u0163 public c\u0103 l-am rugat pe domnul co-pre\u015fedinte Blaga s\u0103 fie \u015feful campaniei electorale \u015fi domnul Blaga a acceptat, \u00een continuare va conduce echipa de campanie&#8221;, a precizatKlaus Iohannis. La r\u00e2ndul s\u0103u, liderul PDL [&hellip;]<\/p>\n","protected":false},"author":1,"featured_media":199421,"comment_status":"open","ping_status":"","sticky":false,"template":"","format":"standard","meta":{"footnotes":""},"categories":[2],"tags":[11],"class_list":["post-199420","post","type-post","status-publish","format-standard","has-post-thumbnail","hentry","category-politics","tag-digi24"],"_links":{"self":[{"href":"https:\/\/analyse.optim.biz\/index.php?rest_route=\/wp\/v2\/posts\/199420","targetHints":{"allow":["GET"]}}],"collection":[{"href":"https:\/\/analyse.optim.biz\/index.php?rest_route=\/wp\/v2\/posts"}],"about":[{"href":"https:\/\/analyse.optim.biz\/index.php?rest_route=\/wp\/v2\/types\/post"}],"author":[{"embeddable":true,"href":"https:\/\/analyse.optim.biz\/index.php?rest_route=\/wp\/v2\/users\/1"}],"replies":[{"embeddable":true,"href":"https:\/\/analyse.optim.biz\/index.php?rest_route=%2Fwp%2Fv2%2Fcomments&post=199420"}],"version-history":[{"count":0,"href":"https:\/\/analyse.optim.biz\/index.php?rest_route=\/wp\/v2\/posts\/199420\/revisions"}],"wp:featuredmedia":[{"embeddable":true,"href":"https:\/\/analyse.optim.biz\/index.php?rest_route=\/wp\/v2\/media\/199421"}],"wp:attachment":[{"href":"https:\/\/analyse.optim.biz\/index.php?rest_route=%2Fwp%2Fv2%2Fmedia&parent=199420"}],"wp:term":[{"taxonomy":"category","embeddable":true,"href":"https:\/\/analyse.optim.biz\/index.php?rest_route=%2Fwp%2Fv2%2Fcategories&post=199420"},{"taxonomy":"post_tag","embeddable":true,"href":"https:\/\/analyse.optim.biz\/index.php?rest_route=%2Fwp%2Fv2%2Ftags&post=199420"}],"curies":[{"name":"wp","href":"https:\/\/api.w.org\/{rel}","templated":true}]}}