{"id":199409,"date":"2014-08-12T11:31:45","date_gmt":"2014-08-12T08:31:45","guid":{"rendered":"https:\/\/analyse.optim.biz\/?p=199409"},"modified":"2014-08-12T11:31:45","modified_gmt":"2014-08-12T08:31:45","slug":"klaus-iohannis-ultima-intalnire-cu-traian-basescu-a-fost-undeva-in-2008-de-atunci-nu-ne-am-mai-cautat","status":"publish","type":"post","link":"https:\/\/analyse.optim.biz\/?p=199409","title":{"rendered":"Klaus Iohannis: Ultima \u00eent\u00e2lnire cu Traian B\u0103sescu a fost undeva \u00een 2008. De atunci nu ne-am mai c\u0103utat"},"content":{"rendered":"<div class=\"entry data-app-meta data-app-meta-article\" data-embed-base-url-canonical=\"https:\/\/www.digi24.ro\/embed\/stiri\/actualitate\/politica\/klaus-iohannis-ultima-intalnire-cu-traian-basescu-a-fost-undeva-in-2008-de-atunci-nu-ne-am-mai-cautat-280136\">\n<p data-index=\"1\">&#8220;Nu am fost nici sunat, nici contactat, <strong>ultima \u00eent\u00e2lnire pe care am avut-o cu pre\u015fedintele B\u0103sescu a fost, dac\u0103 bine \u00eemi amintesc, undeva la \u00eenceputul anului 2008. De atunci, nu ne-am mai \u00eent\u00e2lnit, nici nu ne-am mai c\u0103utat!<\/strong>&#8220;, a precizat Iohannis, r\u0103spunz\u00e2nd la o \u00eentrebare pe aceast\u0103 tem\u0103.<\/p>\n<p data-index=\"2\">Klaus Iohannis a dezmin\u0163it faptul c\u0103 s-ar fi \u00eent\u00e2lnit cu pre\u015fedintele Traian B\u0103sescu atunci c\u00e2nd a fost filmat\u0103 ma\u015fina liderului PNL \u00een zona re\u015fedin\u0163ei preziden\u0163iale \u015fi a spus c\u0103 este vorba &#8220;despre de o confuzie regretabil\u0103&#8221;.<\/p>\n<p data-index=\"3\">&#8220;A\u015f vrea \u00een mod excep\u0163ional s\u0103 fac o precizare legat\u0103 de o informa\u0163ie: eu nu m-am \u00eent\u00e2lnit cu pre\u015fedintele Traian B\u0103sescu, evenimentul la care a fost fotografiat\u0103 sau filmat\u0103 ma\u015fina mea a fost un eveniment care a fost \u00een zon\u0103 la vila Dante, unde am participat la o \u00eent\u00e2lnire nepublic\u0103, \u00eent\u00e2lnire de adio pentru vechiul \u00eens\u0103rcinat cu afaceri al SUA. Este o confuzie regretabil\u0103 \u015fi pot s\u0103 v\u0103 spun c\u0103 atunci c\u00e2nd vor avea loc \u00eent\u00e2lniri de interes public v\u0103 voi spune eu acest lucru&#8221;, le-a spus Iohannis jurnali\u015ftilor.<\/p>\n<\/div>\n<p> Source URL: https:\/\/www.digi24.ro\/stiri\/actualitate\/politica\/klaus-iohannis-ultima-intalnire-cu-traian-basescu-a-fost-undeva-in-2008-de-atunci-nu-ne-am-mai-cautat-280136<\/p>\n","protected":false},"excerpt":{"rendered":"<p>&#8220;Nu am fost nici sunat, nici contactat, ultima \u00eent\u00e2lnire pe care am avut-o cu pre\u015fedintele B\u0103sescu a fost, dac\u0103 bine \u00eemi amintesc, undeva la \u00eenceputul anului 2008. De atunci, nu ne-am mai \u00eent\u00e2lnit, nici nu ne-am mai c\u0103utat!&#8220;, a precizat Iohannis, r\u0103spunz\u00e2nd la o \u00eentrebare pe aceast\u0103 tem\u0103. Klaus Iohannis a dezmin\u0163it faptul c\u0103 s-ar [&hellip;]<\/p>\n","protected":false},"author":1,"featured_media":199410,"comment_status":"open","ping_status":"","sticky":false,"template":"","format":"standard","meta":{"footnotes":""},"categories":[2],"tags":[11],"class_list":["post-199409","post","type-post","status-publish","format-standard","has-post-thumbnail","hentry","category-politics","tag-digi24"],"_links":{"self":[{"href":"https:\/\/analyse.optim.biz\/index.php?rest_route=\/wp\/v2\/posts\/199409","targetHints":{"allow":["GET"]}}],"collection":[{"href":"https:\/\/analyse.optim.biz\/index.php?rest_route=\/wp\/v2\/posts"}],"about":[{"href":"https:\/\/analyse.optim.biz\/index.php?rest_route=\/wp\/v2\/types\/post"}],"author":[{"embeddable":true,"href":"https:\/\/analyse.optim.biz\/index.php?rest_route=\/wp\/v2\/users\/1"}],"replies":[{"embeddable":true,"href":"https:\/\/analyse.optim.biz\/index.php?rest_route=%2Fwp%2Fv2%2Fcomments&post=199409"}],"version-history":[{"count":0,"href":"https:\/\/analyse.optim.biz\/index.php?rest_route=\/wp\/v2\/posts\/199409\/revisions"}],"wp:featuredmedia":[{"embeddable":true,"href":"https:\/\/analyse.optim.biz\/index.php?rest_route=\/wp\/v2\/media\/199410"}],"wp:attachment":[{"href":"https:\/\/analyse.optim.biz\/index.php?rest_route=%2Fwp%2Fv2%2Fmedia&parent=199409"}],"wp:term":[{"taxonomy":"category","embeddable":true,"href":"https:\/\/analyse.optim.biz\/index.php?rest_route=%2Fwp%2Fv2%2Fcategories&post=199409"},{"taxonomy":"post_tag","embeddable":true,"href":"https:\/\/analyse.optim.biz\/index.php?rest_route=%2Fwp%2Fv2%2Ftags&post=199409"}],"curies":[{"name":"wp","href":"https:\/\/api.w.org\/{rel}","templated":true}]}}