{"id":199406,"date":"2014-08-12T17:25:54","date_gmt":"2014-08-12T14:25:54","guid":{"rendered":"https:\/\/analyse.optim.biz\/?p=199406"},"modified":"2014-08-12T17:25:54","modified_gmt":"2014-08-12T14:25:54","slug":"v-ponta-este-o-gluma-nominalizarea-lui-c-predoiu-ca-premier-daca-k-iohannis-ajunge-presedinte","status":"publish","type":"post","link":"https:\/\/analyse.optim.biz\/?p=199406","title":{"rendered":"V. Ponta: Este o glum\u0103 nominalizarea lui C. Predoiu ca premier dac\u0103 K. Iohannis ajunge pre\u015fedinte"},"content":{"rendered":"<div class=\"entry data-app-meta data-app-meta-article\" data-embed-base-url-canonical=\"https:\/\/www.digi24.ro\/embed\/stiri\/actualitate\/politica\/v-ponta-este-o-gluma-nominalizarea-lui-c-predoiu-ca-premier-daca-k-iohannis-ajunge-presedinte-280354\">\n<p data-index=\"1\">\u00a0<img decoding=\"async\" src=\"https:\/\/analyse.optim.biz\/wp-content\/uploads\/2024\/09\/jnc9odawjmhhc2g9ywvjmtvhnzq5mdywzjc4ndq2odmyntzlztmzotcyyze-thumb_.jpg\" data-skip-htmlfix=\"1\" title=\"jnc9odawjmhhc2g9ywvjmtvhnzq5mdywzjc4ndq2odmyntzlztmzotcyyze-thumb_\"><\/p>\n<p data-index=\"2\">\u201eEi, bun, aia e o glum\u0103. Cred c\u0103 numai domnul <strong>Predoiu<\/strong> crede (c\u0103 va fi premier, nr.), c\u0103 doar el a crezut c\u0103 o s\u0103 fie candidat la Pre\u015fedin\u0163ie. Acum doar el crede c\u0103 o s\u0103 fie prim-ministru. Probabil c\u0103 o s\u0103 fie domnul B\u0103sescu prim-ministru&#8221;, a spus <strong>Victor Ponta<\/strong>, citat de Mediafax.<\/p>\n<p data-index=\"3\">El a ar\u0103tat c\u0103, din punctul s\u0103u de vedere, lucrurile s-au clarificat pe scena politic\u0103, \u00een condi\u0163iile \u00een care alegerea din noiembrie va fi \u00eentre continuarea regimului Traian B\u0103sescu sau schimbare.<\/p>\n<p data-index=\"4\">\u201eEu cred c\u0103 apele s-au limpezit, s-au desp\u0103r\u0163it \u015fi, din punctul \u0103sta de vedere, oamenii vor putea foarte u\u015for s\u0103 \u015ftie ce aleg \u00een noimbrie: continuarea celor zece ani de Traian B\u0103sescu, cu Iohannis, Blaga \u015fi toat\u0103 trupa, sau schimbare&#8221;, a mai spus Ponta.<\/p>\n<p data-index=\"5\">Luni, pre\u015fedintele PNL, <strong>Klaus Iohannis<\/strong>, a fost desemnat candidatul Alian\u0163ei Cre\u015ftin Liberale (ACL) pentru alegerile preziden\u0163iale, iar prim-vicepre\u015fedintele PDL <a href=\"https:\/\/www.digi24.ro\/Stiri\/Digi24\/Actualitate\/Politica\/Klaus+Iohannis+candidatul+la+prezidentiale+al+Aliantei+Crestin-L\" target=\"_blank\" data-skip-linkfix=\"1\" rel=\"noopener\"><strong>C\u0103t\u0103lin Predoiu<\/strong><\/a> a fost desemnat candidat al ACL pentru func\u0163ia de premier.<\/p>\n<\/div>\n<p> Source URL: https:\/\/www.digi24.ro\/stiri\/actualitate\/politica\/v-ponta-este-o-gluma-nominalizarea-lui-c-predoiu-ca-premier-daca-k-iohannis-ajunge-presedinte-280354<\/p>\n","protected":false},"excerpt":{"rendered":"<p>\u00a0 \u201eEi, bun, aia e o glum\u0103. Cred c\u0103 numai domnul Predoiu crede (c\u0103 va fi premier, nr.), c\u0103 doar el a crezut c\u0103 o s\u0103 fie candidat la Pre\u015fedin\u0163ie. Acum doar el crede c\u0103 o s\u0103 fie prim-ministru. Probabil c\u0103 o s\u0103 fie domnul B\u0103sescu prim-ministru&#8221;, a spus Victor Ponta, citat de Mediafax. El [&hellip;]<\/p>\n","protected":false},"author":1,"featured_media":199407,"comment_status":"open","ping_status":"","sticky":false,"template":"","format":"standard","meta":{"footnotes":""},"categories":[2],"tags":[11],"class_list":["post-199406","post","type-post","status-publish","format-standard","has-post-thumbnail","hentry","category-politics","tag-digi24"],"_links":{"self":[{"href":"https:\/\/analyse.optim.biz\/index.php?rest_route=\/wp\/v2\/posts\/199406","targetHints":{"allow":["GET"]}}],"collection":[{"href":"https:\/\/analyse.optim.biz\/index.php?rest_route=\/wp\/v2\/posts"}],"about":[{"href":"https:\/\/analyse.optim.biz\/index.php?rest_route=\/wp\/v2\/types\/post"}],"author":[{"embeddable":true,"href":"https:\/\/analyse.optim.biz\/index.php?rest_route=\/wp\/v2\/users\/1"}],"replies":[{"embeddable":true,"href":"https:\/\/analyse.optim.biz\/index.php?rest_route=%2Fwp%2Fv2%2Fcomments&post=199406"}],"version-history":[{"count":0,"href":"https:\/\/analyse.optim.biz\/index.php?rest_route=\/wp\/v2\/posts\/199406\/revisions"}],"wp:featuredmedia":[{"embeddable":true,"href":"https:\/\/analyse.optim.biz\/index.php?rest_route=\/wp\/v2\/media\/199407"}],"wp:attachment":[{"href":"https:\/\/analyse.optim.biz\/index.php?rest_route=%2Fwp%2Fv2%2Fmedia&parent=199406"}],"wp:term":[{"taxonomy":"category","embeddable":true,"href":"https:\/\/analyse.optim.biz\/index.php?rest_route=%2Fwp%2Fv2%2Fcategories&post=199406"},{"taxonomy":"post_tag","embeddable":true,"href":"https:\/\/analyse.optim.biz\/index.php?rest_route=%2Fwp%2Fv2%2Ftags&post=199406"}],"curies":[{"name":"wp","href":"https:\/\/api.w.org\/{rel}","templated":true}]}}