{"id":199395,"date":"2014-08-12T18:54:24","date_gmt":"2014-08-12T15:54:24","guid":{"rendered":"https:\/\/analyse.optim.biz\/?p=199395"},"modified":"2014-08-12T18:54:24","modified_gmt":"2014-08-12T15:54:24","slug":"victor-ponta-va-face-noi-propuneri-pentru-buget-si-cultura-la-sfarsitul-lunii","status":"publish","type":"post","link":"https:\/\/analyse.optim.biz\/?p=199395","title":{"rendered":"Victor Ponta va\u00a0face noi propuneri pentru Buget \u015fi Cultur\u0103 la sf\u00e2r\u0219itul lunii"},"content":{"rendered":"<div class=\"entry data-app-meta data-app-meta-article\" data-embed-base-url-canonical=\"https:\/\/www.digi24.ro\/embed\/stiri\/actualitate\/politica\/victor-ponta-va-face-noi-propuneri-pentru-buget-si-cultura-la-sfarsitul-lunii-280407\">\n<p data-index=\"1\">\u201eO s\u0103 facem la sf\u00e2r\u015fitul lunii august, o s\u0103 discut \u015fi cu cei de la <strong>UDMR<\/strong> dac\u0103 fac o nou\u0103 propunere la Cultur\u0103. De asemenea, noi (PSD, n.r.) vom face o nou\u0103 propunere la Buget p\u00e2n\u0103 la sf\u00e2r\u015fitul lunii august. \u015ei, de data aceasta, din fericire, domnul B\u0103sescu nu mai poate s\u0103 refuze. M\u0103 g\u00e2ndesc s\u0103-i fac o surpriz\u0103 pl\u0103cut\u0103\u201d, <span lang=\"en-US\">a spus<strong> Victor Ponta<\/strong>.<\/span><\/p>\n<p data-index=\"2\">S\u0103pt\u0103m\u00e2na trecut\u0103, <a href=\"https:\/\/www.digi24.ro\/Stiri\/Digi24\/Actualitate\/Politica\/Traian+Basescu+respingere+Claudiu+Manda+Rozalia+Biro\" data-skip-linkfix=\"1\">Traian B\u0103sescu nu a fost de acord<\/a> ca Rozalia Biro s\u0103 ocupe portofoliul Culturii, iar Claudiu Manda pe cel al Bugetului.\u00a0<\/p>\n<\/div>\n<p> Source URL: https:\/\/www.digi24.ro\/stiri\/actualitate\/politica\/victor-ponta-va-face-noi-propuneri-pentru-buget-si-cultura-la-sfarsitul-lunii-280407<\/p>\n","protected":false},"excerpt":{"rendered":"<p>\u201eO s\u0103 facem la sf\u00e2r\u015fitul lunii august, o s\u0103 discut \u015fi cu cei de la UDMR dac\u0103 fac o nou\u0103 propunere la Cultur\u0103. De asemenea, noi (PSD, n.r.) vom face o nou\u0103 propunere la Buget p\u00e2n\u0103 la sf\u00e2r\u015fitul lunii august. \u015ei, de data aceasta, din fericire, domnul B\u0103sescu nu mai poate s\u0103 refuze. M\u0103 g\u00e2ndesc [&hellip;]<\/p>\n","protected":false},"author":1,"featured_media":199396,"comment_status":"open","ping_status":"","sticky":false,"template":"","format":"standard","meta":{"footnotes":""},"categories":[2],"tags":[11],"class_list":["post-199395","post","type-post","status-publish","format-standard","has-post-thumbnail","hentry","category-politics","tag-digi24"],"_links":{"self":[{"href":"https:\/\/analyse.optim.biz\/index.php?rest_route=\/wp\/v2\/posts\/199395","targetHints":{"allow":["GET"]}}],"collection":[{"href":"https:\/\/analyse.optim.biz\/index.php?rest_route=\/wp\/v2\/posts"}],"about":[{"href":"https:\/\/analyse.optim.biz\/index.php?rest_route=\/wp\/v2\/types\/post"}],"author":[{"embeddable":true,"href":"https:\/\/analyse.optim.biz\/index.php?rest_route=\/wp\/v2\/users\/1"}],"replies":[{"embeddable":true,"href":"https:\/\/analyse.optim.biz\/index.php?rest_route=%2Fwp%2Fv2%2Fcomments&post=199395"}],"version-history":[{"count":0,"href":"https:\/\/analyse.optim.biz\/index.php?rest_route=\/wp\/v2\/posts\/199395\/revisions"}],"wp:featuredmedia":[{"embeddable":true,"href":"https:\/\/analyse.optim.biz\/index.php?rest_route=\/wp\/v2\/media\/199396"}],"wp:attachment":[{"href":"https:\/\/analyse.optim.biz\/index.php?rest_route=%2Fwp%2Fv2%2Fmedia&parent=199395"}],"wp:term":[{"taxonomy":"category","embeddable":true,"href":"https:\/\/analyse.optim.biz\/index.php?rest_route=%2Fwp%2Fv2%2Fcategories&post=199395"},{"taxonomy":"post_tag","embeddable":true,"href":"https:\/\/analyse.optim.biz\/index.php?rest_route=%2Fwp%2Fv2%2Ftags&post=199395"}],"curies":[{"name":"wp","href":"https:\/\/api.w.org\/{rel}","templated":true}]}}