{"id":199384,"date":"2014-08-12T20:44:56","date_gmt":"2014-08-12T17:44:56","guid":{"rendered":"https:\/\/analyse.optim.biz\/?p=199384"},"modified":"2014-08-12T20:44:56","modified_gmt":"2014-08-12T17:44:56","slug":"subiectele-campaniei-prezidentiale-basismul-justitia-si-religia","status":"publish","type":"post","link":"https:\/\/analyse.optim.biz\/?p=199384","title":{"rendered":"Subiectele campaniei preziden\u021biale: b\u0103sismul, justi\u021bia \u0219i religia"},"content":{"rendered":"<div class=\"entry data-app-meta data-app-meta-article\" data-embed-base-url-canonical=\"https:\/\/www.digi24.ro\/embed\/stiri\/actualitate\/politica\/subiectele-campaniei-prezidentiale-basismul-justitia-si-religia-280444\">\n<p data-index=\"1\">Victor Ponta spune c\u0103 liderul liberalilor a preluat discursul lui Traian B\u0103sescu<\/p>\n<p data-index=\"2\">\u201eOp\u0163iunea \u00een noiembrie va fi <span lang=\"en-US\">&#8216;<\/span>continu\u0103m sistemul B\u0103sescu cu ACL, Blaga, Iohannis \u0219i to\u021bi ceilal\u021bi<span lang=\"en-US\">&#8216;<\/span> sau facem o schimbare p\u00e2n\u0103 la cap\u0103t?\u201d, a spus premierul Victor Ponta.<\/p>\n<p data-index=\"3\">\u201e<span>Cei care vor sa aib\u0103 zece ani de zile sau m\u0103car cinci ani de zile pe B\u0103sescu la conducere, chiar dac\u0103 nu direct, \u00eel pot vota pe Iohannis. Iohannis \u00ee\u0219i dore\u015fte s\u0103 \u00eel pun\u0103 premier pe Traian B\u0103sescu. Se pare c\u0103 este \u00eentelegerea intre ei\u201d, a ad\u0103ugat Liviu Dragnea.<\/span><\/p>\n<p data-index=\"4\">\u201e<span>Aceast\u0103 al\u0103turare nu este f\u0103cut\u0103 dec\u00e2t cu un scop propagandistic\u201d, a afirmat Ludovic Orban, vicepre\u015fedinte PNL.<\/span><\/p>\n<p data-index=\"5\">\u201e<span>Putem s\u0103 credem PSD, sau candidatul PSD, are inten\u021bia s\u0103 garanteze o justi\u021bie independent\u0103, s\u0103 garanteze un stat de drept, cu to\u021bi baronii locali care sunt \u00een vizorul procurorilor?\u201d, a replicat Klaus Iohannis.<\/span><\/p>\n<p data-index=\"6\">Religia a devenit \u015fi ea arm\u0103 de campanie dup\u0103 ce Victor Ponta a \u0163inut s\u0103 reaminteasc\u0103 aleg\u0103torilor c\u0103 este ortodox.<\/p>\n<p data-index=\"7\">\u201e<span>Nu vreau s\u0103 m\u0103 acuze nimeni sau s\u0103 \u00eemi spun\u0103 c\u0103 e un defect faptul c\u0103 sunt rom\u00e2n sau ortodox \u00een \u021bara mea\u201d, a spus prim-ministrul.<\/span><\/p>\n<p data-index=\"8\">Klaus Iohannis, care este protestant, a catalogat declara\u0163ia premierului drept un atac penibil de campanie.<\/p>\n<\/div>\n<p> Source URL: https:\/\/www.digi24.ro\/stiri\/actualitate\/politica\/subiectele-campaniei-prezidentiale-basismul-justitia-si-religia-280444<\/p>\n","protected":false},"excerpt":{"rendered":"<p>Victor Ponta spune c\u0103 liderul liberalilor a preluat discursul lui Traian B\u0103sescu \u201eOp\u0163iunea \u00een noiembrie va fi &#8216;continu\u0103m sistemul B\u0103sescu cu ACL, Blaga, Iohannis \u0219i to\u021bi ceilal\u021bi&#8216; sau facem o schimbare p\u00e2n\u0103 la cap\u0103t?\u201d, a spus premierul Victor Ponta. \u201eCei care vor sa aib\u0103 zece ani de zile sau m\u0103car cinci ani de zile pe [&hellip;]<\/p>\n","protected":false},"author":1,"featured_media":199385,"comment_status":"open","ping_status":"","sticky":false,"template":"","format":"standard","meta":{"footnotes":""},"categories":[2],"tags":[11],"class_list":["post-199384","post","type-post","status-publish","format-standard","has-post-thumbnail","hentry","category-politics","tag-digi24"],"_links":{"self":[{"href":"https:\/\/analyse.optim.biz\/index.php?rest_route=\/wp\/v2\/posts\/199384","targetHints":{"allow":["GET"]}}],"collection":[{"href":"https:\/\/analyse.optim.biz\/index.php?rest_route=\/wp\/v2\/posts"}],"about":[{"href":"https:\/\/analyse.optim.biz\/index.php?rest_route=\/wp\/v2\/types\/post"}],"author":[{"embeddable":true,"href":"https:\/\/analyse.optim.biz\/index.php?rest_route=\/wp\/v2\/users\/1"}],"replies":[{"embeddable":true,"href":"https:\/\/analyse.optim.biz\/index.php?rest_route=%2Fwp%2Fv2%2Fcomments&post=199384"}],"version-history":[{"count":0,"href":"https:\/\/analyse.optim.biz\/index.php?rest_route=\/wp\/v2\/posts\/199384\/revisions"}],"wp:featuredmedia":[{"embeddable":true,"href":"https:\/\/analyse.optim.biz\/index.php?rest_route=\/wp\/v2\/media\/199385"}],"wp:attachment":[{"href":"https:\/\/analyse.optim.biz\/index.php?rest_route=%2Fwp%2Fv2%2Fmedia&parent=199384"}],"wp:term":[{"taxonomy":"category","embeddable":true,"href":"https:\/\/analyse.optim.biz\/index.php?rest_route=%2Fwp%2Fv2%2Fcategories&post=199384"},{"taxonomy":"post_tag","embeddable":true,"href":"https:\/\/analyse.optim.biz\/index.php?rest_route=%2Fwp%2Fv2%2Ftags&post=199384"}],"curies":[{"name":"wp","href":"https:\/\/api.w.org\/{rel}","templated":true}]}}