{"id":199373,"date":"2014-08-12T21:19:09","date_gmt":"2014-08-12T18:19:09","guid":{"rendered":"https:\/\/analyse.optim.biz\/?p=199373"},"modified":"2014-08-12T21:19:09","modified_gmt":"2014-08-12T18:19:09","slug":"s-a-intalnit-klaus-iohannis-cu-traian-basescu-ce-spune-ambasada-statelor-unite","status":"publish","type":"post","link":"https:\/\/analyse.optim.biz\/?p=199373","title":{"rendered":"S-a \u00eent\u00e2lnit Klaus Iohannis cu Traian B\u0103sescu? Ce spune Ambasada Statelor Unite"},"content":{"rendered":"<div class=\"entry data-app-meta data-app-meta-article\" data-embed-base-url-canonical=\"https:\/\/www.digi24.ro\/embed\/stiri\/actualitate\/politica\/s-a-intalnit-klaus-iohannis-cu-traian-basescu-ce-spune-ambasada-statelor-unite-280457\">\n<p data-index=\"1\">\u201e<span>Eu nu m-am \u00eent\u00e2lnit cu pre\u0219edintele Traian B\u0103sescu. Evenimentul la care a fost fotografiat\u0103 ma\u0219ina mea a fost un eveniment care a fost \u00een zon\u0103, la vila Dante, unde am participat la o \u00eent\u00e2lnire nepublic\u0103, \u00eent\u00e2lnire de adio pentru vechiul \u00eens\u0103rcinat cu afaceri (ale SUA, Duane Butcher \u2013 n.r.), este o confuzie regretabi\u0103. C\u00e2nd vor avea \u00eent\u00e2lniri de interese publice v\u0103 voi spune eu. Nu am fost nici sunat, nici contactat, ultima \u00eent\u00e2lnire cu pre\u0219edintele B\u0103sescu a fost, dac\u0103 \u00eemi amintesc bine, la \u00eenceputul lui 2008, de atunci nu ne-am mai \u00eent\u00e2lnit \u0219i nu ne-am mai c\u0103utat\u201d, a spus Klaus Iohannis, pre\u0219edintele PNL.<\/span><\/p>\n<p data-index=\"2\">\u201eM-am uitat \u0219i eu azi pe acele fotografii, chiar \u0219tiu foarte bine \u0219i unde este Lac 3, re\u0219edin\u021ba domnului B\u0103sescu, poarta aceea verde pe care intr\u0103 ma\u0219ina domnului Iohannis, \u0219tiu foarte bine \u0219i unde e re\u0219edinta ata\u0219atului american, pentru c\u0103 e vila Dante, cea pe care Guvernul a alocat-o. Poate a gre\u0219it drumul, poate a intrat din gre\u0219eal\u0103, voia s\u0103 se duc\u0103 \u00een dreapta \u015fi a luat-o \u00een st\u00e2nga. Nu \u00een\u021beleg de ce trebuia s\u0103 nu spun\u0103 adev\u0103rul\u201d, a acuzat Victor Ponta.<\/p>\n<p data-index=\"3\">Ambasada SUA a confirmat organizarea evenimentului la vila Dante.<\/p>\n<p data-index=\"4\">\u201e<span>\u00cen dup\u0103-amiaza zilei de 10 iulie am g\u0103zduit la vila Dante un eveniment la care au participat mul\u0163i oaspe\u0163i rom\u00e2ni \u015fi str\u0103ini. Ambasada SUA nu face publice listele de invita\u0163i la evenimentele sale&#8221;, a precizat purt\u0103torul de cuv\u00e2nt al Ambasadei SUA.<\/span><\/p>\n<\/div>\n<p> Source URL: https:\/\/www.digi24.ro\/stiri\/actualitate\/politica\/s-a-intalnit-klaus-iohannis-cu-traian-basescu-ce-spune-ambasada-statelor-unite-280457<\/p>\n","protected":false},"excerpt":{"rendered":"<p>\u201eEu nu m-am \u00eent\u00e2lnit cu pre\u0219edintele Traian B\u0103sescu. Evenimentul la care a fost fotografiat\u0103 ma\u0219ina mea a fost un eveniment care a fost \u00een zon\u0103, la vila Dante, unde am participat la o \u00eent\u00e2lnire nepublic\u0103, \u00eent\u00e2lnire de adio pentru vechiul \u00eens\u0103rcinat cu afaceri (ale SUA, Duane Butcher \u2013 n.r.), este o confuzie regretabi\u0103. C\u00e2nd vor [&hellip;]<\/p>\n","protected":false},"author":1,"featured_media":199374,"comment_status":"open","ping_status":"","sticky":false,"template":"","format":"standard","meta":{"footnotes":""},"categories":[2],"tags":[11],"class_list":["post-199373","post","type-post","status-publish","format-standard","has-post-thumbnail","hentry","category-politics","tag-digi24"],"_links":{"self":[{"href":"https:\/\/analyse.optim.biz\/index.php?rest_route=\/wp\/v2\/posts\/199373","targetHints":{"allow":["GET"]}}],"collection":[{"href":"https:\/\/analyse.optim.biz\/index.php?rest_route=\/wp\/v2\/posts"}],"about":[{"href":"https:\/\/analyse.optim.biz\/index.php?rest_route=\/wp\/v2\/types\/post"}],"author":[{"embeddable":true,"href":"https:\/\/analyse.optim.biz\/index.php?rest_route=\/wp\/v2\/users\/1"}],"replies":[{"embeddable":true,"href":"https:\/\/analyse.optim.biz\/index.php?rest_route=%2Fwp%2Fv2%2Fcomments&post=199373"}],"version-history":[{"count":0,"href":"https:\/\/analyse.optim.biz\/index.php?rest_route=\/wp\/v2\/posts\/199373\/revisions"}],"wp:featuredmedia":[{"embeddable":true,"href":"https:\/\/analyse.optim.biz\/index.php?rest_route=\/wp\/v2\/media\/199374"}],"wp:attachment":[{"href":"https:\/\/analyse.optim.biz\/index.php?rest_route=%2Fwp%2Fv2%2Fmedia&parent=199373"}],"wp:term":[{"taxonomy":"category","embeddable":true,"href":"https:\/\/analyse.optim.biz\/index.php?rest_route=%2Fwp%2Fv2%2Fcategories&post=199373"},{"taxonomy":"post_tag","embeddable":true,"href":"https:\/\/analyse.optim.biz\/index.php?rest_route=%2Fwp%2Fv2%2Ftags&post=199373"}],"curies":[{"name":"wp","href":"https:\/\/api.w.org\/{rel}","templated":true}]}}