{"id":199362,"date":"2014-08-12T22:38:24","date_gmt":"2014-08-12T19:38:24","guid":{"rendered":"https:\/\/analyse.optim.biz\/?p=199362"},"modified":"2014-08-12T22:38:24","modified_gmt":"2014-08-12T19:38:24","slug":"emil-hurezeanu-dar-de-cate-ori-se-intalneste-ponta-cu-basescu-ce-i-asta-basescu-a-patit-ceva-are-ebola","status":"publish","type":"post","link":"https:\/\/analyse.optim.biz\/?p=199362","title":{"rendered":"Emil Hurezeanu: \u201eDar de c\u00e2te ori se \u00eent\u00e2lne\u0219te Ponta cu B\u0103sescu? Ce-i asta? B\u0103sescu a p\u0103\u021bit ceva, are Ebola?\u201d"},"content":{"rendered":"<div class=\"entry data-app-meta data-app-meta-article\" data-embed-base-url-canonical=\"https:\/\/www.digi24.ro\/embed\/stiri\/actualitate\/politica\/emil-hurezeanu-dar-de-cate-ori-se-intalneste-ponta-cu-basescu-ce-i-asta-basescu-a-patit-ceva-are-ebola-280472\">\n<p data-index=\"1\">\u201eDar de c\u00e2te ori se \u00eent\u00e2lne\u0219te Ponta cu B\u0103sescu? Am impresia c\u0103 Ponta s-a \u00eent\u00e2lnit mult mai des cu B\u0103sescu, preziden\u021biabilul Rom\u00e2niei, care ar trebui s\u0103 se fereasc\u0103 de Satana \u0219i s\u0103 spun\u0103 c\u0103 se leap\u0103d\u0103 de o sut\u0103 de ori de Satana, nu de trei ori. Ultima oar\u0103 \u0219i-a dat ochi\u0219orii peste cap \u0219i a avut o mic\u0103 reac\u021bie post-pubertar\u0103 nesaturat\u0103\u201d, a declarat <strong>Emil Hurezeanu<\/strong>.<\/p>\n<p data-index=\"2\">Jurnalistul a ad\u0103ugat c\u0103 acest subiect al unei posibile \u00eent\u00e2lniri \u00eentre Klaus Iohannis \u0219i Traian B\u0103sescu este \u201epueril\u201d, \u201eneinteresant\u201d \u0219i \u201einept\u201d.<\/p>\n<p data-index=\"3\">\u201eM\u0103 \u00eentreb, dac\u0103 sunt gata s\u0103 o ia din prima zi, nici n-a \u00eenceput campania, la nivelul \u0103sta, de problematizare a defectelor adversarului, dac\u0103 \u0103sta este nivelul, m\u0103 tem foarte r\u0103u pentru cum va ar\u0103ta campania preziden\u021bial\u0103 \u0219i m\u0103 mai tem o dat\u0103 pentru viitorul acestei \u021b\u0103ri\u201d, a completat analistul politic.<\/p>\n<p data-index=\"4\">\u201eAsta e problema? \u0218i l-am v\u0103zut \u0219i pe domnul T\u0103riceanu. P\u0103i domnul T\u0103riceanu a guvernat \u00eempreun\u0103 cu domnul B\u0103sescu. Ce-i asta? Dac\u0103 te \u00eent\u00e2lne\u0219ti cu B\u0103sescu ce se \u00eent\u00e2mpl\u0103? B\u0103sescu a p\u0103\u021bit ceva, are Ebola? Care-i problema? De ce s\u0103 nu te \u00eent\u00e2lne\u0219ti cu B\u0103sescu?\u201d, a mai spus Emil Hurezeanu.<\/p>\n<p data-index=\"5\"><a href=\"https:\/\/www.digi24.ro\/Stiri\/Digi24\/Actualitate\/Politica\/S-a+intalnit+Klaus+Iohannis+cu+Traian+Basescu+Ce+spune+Ambasada+\" data-skip-linkfix=\"1\">O \u00eentreag\u0103 dezbatere public\u0103 \u00eel are \u00een centrul aten\u0163iei<\/a>, de 24 de ore, pe preziden\u0163iabilul dreptei, Klaus Iohannis. Adversarii s\u0103i sus\u0163in c\u0103 liderul s-ar fi \u00eent\u00e2lnit pe furi\u015f cu pre\u015fedintele Traian B\u0103sescu. Ma\u015fina sa ar fi fost surprins\u0103 \u00een zona re\u015fedin\u0163ei preziden\u0163iale. Klaus Iohannis e categoric: nu m-am \u00eent\u00e2lnit cu Traian B\u0103sescu, spune el. Admite c\u0103 a fost \u00een zon\u0103, \u00eens\u0103 la un eveniment organizat de ambasada american\u0103 la vila Dante.<\/p>\n<\/div>\n<p> Source URL: https:\/\/www.digi24.ro\/stiri\/actualitate\/politica\/emil-hurezeanu-dar-de-cate-ori-se-intalneste-ponta-cu-basescu-ce-i-asta-basescu-a-patit-ceva-are-ebola-280472<\/p>\n","protected":false},"excerpt":{"rendered":"<p>\u201eDar de c\u00e2te ori se \u00eent\u00e2lne\u0219te Ponta cu B\u0103sescu? Am impresia c\u0103 Ponta s-a \u00eent\u00e2lnit mult mai des cu B\u0103sescu, preziden\u021biabilul Rom\u00e2niei, care ar trebui s\u0103 se fereasc\u0103 de Satana \u0219i s\u0103 spun\u0103 c\u0103 se leap\u0103d\u0103 de o sut\u0103 de ori de Satana, nu de trei ori. Ultima oar\u0103 \u0219i-a dat ochi\u0219orii peste cap \u0219i [&hellip;]<\/p>\n","protected":false},"author":1,"featured_media":199363,"comment_status":"open","ping_status":"","sticky":false,"template":"","format":"standard","meta":{"footnotes":""},"categories":[2],"tags":[11],"class_list":["post-199362","post","type-post","status-publish","format-standard","has-post-thumbnail","hentry","category-politics","tag-digi24"],"_links":{"self":[{"href":"https:\/\/analyse.optim.biz\/index.php?rest_route=\/wp\/v2\/posts\/199362","targetHints":{"allow":["GET"]}}],"collection":[{"href":"https:\/\/analyse.optim.biz\/index.php?rest_route=\/wp\/v2\/posts"}],"about":[{"href":"https:\/\/analyse.optim.biz\/index.php?rest_route=\/wp\/v2\/types\/post"}],"author":[{"embeddable":true,"href":"https:\/\/analyse.optim.biz\/index.php?rest_route=\/wp\/v2\/users\/1"}],"replies":[{"embeddable":true,"href":"https:\/\/analyse.optim.biz\/index.php?rest_route=%2Fwp%2Fv2%2Fcomments&post=199362"}],"version-history":[{"count":0,"href":"https:\/\/analyse.optim.biz\/index.php?rest_route=\/wp\/v2\/posts\/199362\/revisions"}],"wp:featuredmedia":[{"embeddable":true,"href":"https:\/\/analyse.optim.biz\/index.php?rest_route=\/wp\/v2\/media\/199363"}],"wp:attachment":[{"href":"https:\/\/analyse.optim.biz\/index.php?rest_route=%2Fwp%2Fv2%2Fmedia&parent=199362"}],"wp:term":[{"taxonomy":"category","embeddable":true,"href":"https:\/\/analyse.optim.biz\/index.php?rest_route=%2Fwp%2Fv2%2Fcategories&post=199362"},{"taxonomy":"post_tag","embeddable":true,"href":"https:\/\/analyse.optim.biz\/index.php?rest_route=%2Fwp%2Fv2%2Ftags&post=199362"}],"curies":[{"name":"wp","href":"https:\/\/api.w.org\/{rel}","templated":true}]}}