{"id":199339,"date":"2014-08-13T17:37:10","date_gmt":"2014-08-13T14:37:10","guid":{"rendered":"https:\/\/analyse.optim.biz\/?p=199339"},"modified":"2014-08-13T17:37:10","modified_gmt":"2014-08-13T14:37:10","slug":"profil-dan-sova-camaradul-de-o-viata-al-lui-victor-ponta","status":"publish","type":"post","link":"https:\/\/analyse.optim.biz\/?p=199339","title":{"rendered":"PROFIL. Dan \u0218ova, \u201ecamaradul\u201d de-o via\u021b\u0103 al lui Victor Ponta"},"content":{"rendered":"<div class=\"entry data-app-meta data-app-meta-article\" data-embed-base-url-canonical=\"https:\/\/www.digi24.ro\/embed\/stiri\/actualitate\/politica\/profil-dan-sova-camaradul-de-o-viata-al-lui-victor-ponta-280868\">\n<p data-index=\"1\">Social-democratul Dan \u015eova este la al doilea mandat de senator, dup\u0103 ce s-a \u00eenscris \u00een partid \u00een anul 2003. Avocat de profesie, Dan Sova a renun\u0163at la portofoliul Transporturilor pentru a-i fi al\u0103turi lui Victor Ponta \u00een campania pentru preziden\u0163iale, \u00een calitatea de purt\u0103tor de cuv\u00e2nt al acestuia.<\/p>\n<p data-index=\"2\"><strong>\u201e<\/strong><span><em><strong>O s\u0103 fac tot ce pot ca \u00een aceste patru luni care urmeaz\u0103 s\u0103 reu\u0219im s\u0103 aducem la Cotroceni un om t\u00e2n\u0103r, un camarad, care \u00een\u021belege ce vor rom\u00e2nii \u0219i care a demonstrat c\u0103 are un proiect pentru Rom\u00e2nia fundamental diferit fa\u021b\u0103 de ce s-a \u00eent\u00e2mplat \u00een ultimii ani. Bine\u00een\u021beles c\u0103 la Victor Ponta m\u0103 refeream\u201d<\/strong><\/em>, spunea Dan \u0218ova pe 24 iunie 2014.<\/span><\/p>\n<p data-index=\"3\">\u00cen 2012, Victor Ponta \u00eel nume\u015fte pe Dan \u015eova ministru pentru rela\u0163ia cu Parlamentul. Iar dup\u0103 alegerile din 2012, devine ministru pentru Probleme de Infrastructur\u0103, iar apoi \u015fef la Transporturi. Imaginea sa a avut de suferit din cauza bilan\u0163ului negativ pe care l-a avut ca ministru.<\/p>\n<p data-index=\"4\">O pozi\u0163ie ambigu\u0103 a creat ca ministru \u00een privin\u0163a <strong>contractului Bechtel<\/strong>. La negocierile pentru reziliere, asisten\u0163a juridic\u0103 a fost asigurat\u0103 de dou\u0103 firme. Statul rom\u00e2n, reprezentat de o cas\u0103 de avocatur\u0103 condus\u0103 de un fost partener de afaceri al ministrului Dan \u015eova. Pentru americani a pledat o casa de avocatur\u0103 din al c\u0103rei ac\u0163ionariat face parte \u015fi Ana Diculescu \u015eova, mama vitreg\u0103 a fostul ministru.<\/p>\n<p data-index=\"5\"><em><strong>\u201eFirma din care face parte mama mea nu are niciun fel de leg\u0103tur\u0103 cu acest proces de reziliere\u201d<\/strong><\/em>, spunea Dan \u0218ova pe 30 mai 2014.<\/p>\n<p data-index=\"6\"><strong>Dan \u015eova<\/strong> s-a remarcat \u015fi prin afirma\u0163iile sale, uneori adev\u0103rate gafe, alteori atacuri dure la adresa opozan\u0163ilor politici.<\/p>\n<p data-index=\"7\">\u00cen 2012, <strong>Dan \u0218ova a negat existen\u0163a Holocaustului<\/strong>. Victor Ponta i-a recomandat atunci s\u0103 se documenteze mai bine despre subiect \u015fi l-a trimis la Muzeul Holocaustului din Washington.<\/p>\n<p data-index=\"8\"><em><strong>\u201eTe\u015fu Solomovici are o carte interesant\u0103 despre pogromul evreilor. Recunoa\u015fte ca pe teritoriul Rom\u00e2niei niciun evreu nu a avut de suferit \u015fi asta s-a datorat lui Antonescu. Datele istorice arat\u0103 c\u0103 la Ia\u015fi au fost omor\u00e2\u0163i 24 de cet\u0103\u0163eni rom\u00e2ni de origine evreiasc\u0103 de solda\u0163ii din armata german\u0103, ceea ce este o pat\u0103 pe istoria militar\u0103 a poporului rom\u00e2n, este comportamentul osta\u015filor la cucerirea Odesei\u201d<\/strong><\/em>, a spus Dan \u0218ova, potrivit money.ro.<\/p>\n<p data-index=\"9\">La capitolul atacuri politice, Dan \u015eova s-a \u00eendreptat de cele mai multe ori spre pre\u015fedintele Traian B\u0103sescu.<\/p>\n<p data-index=\"10\"><strong>\u201e<\/strong><span><em><strong>Domnul pre\u0219edinte B\u0103sescu \u0219tie cu siguran\u021b\u0103 dac\u0103 eu lucrez \u00een interesul statului rom\u00e2n sau \u00een interesul RMGG, av\u00e2nd \u00een vedere c\u0103 domnia sa \u0219tie foarte bine c\u0103 eu lucrez numai \u00een interesul statului rom\u00e2n. S\u0103-i fie ru\u0219ine c\u0103 face asemenea afirma\u021bii. Ru\u0219ine! Ru\u0219ine! Ru\u0219ine!\u201d<\/strong><\/em>, afirma Dan \u0218ova pe 4 septembrie 2013, \u00een emisiunea Impar\u021bial.<\/span><\/p>\n<p data-index=\"11\">Declara\u0163ia a fost f\u0103cut\u0103 \u00een momentul \u00een care \u015feful statului l-a acuzat pe Dan \u015eova de complicitate cu compania Gold Corporation, cea care ar urma s\u0103 efectueze lucr\u0103rile de exploatare aurifera la<strong> Ro\u015fia Montan\u0103<\/strong>.\u00a0<\/p>\n<\/div>\n<p> Source URL: https:\/\/www.digi24.ro\/stiri\/actualitate\/politica\/profil-dan-sova-camaradul-de-o-viata-al-lui-victor-ponta-280868<\/p>\n","protected":false},"excerpt":{"rendered":"<p>Social-democratul Dan \u015eova este la al doilea mandat de senator, dup\u0103 ce s-a \u00eenscris \u00een partid \u00een anul 2003. Avocat de profesie, Dan Sova a renun\u0163at la portofoliul Transporturilor pentru a-i fi al\u0103turi lui Victor Ponta \u00een campania pentru preziden\u0163iale, \u00een calitatea de purt\u0103tor de cuv\u00e2nt al acestuia. \u201eO s\u0103 fac tot ce pot ca [&hellip;]<\/p>\n","protected":false},"author":1,"featured_media":199340,"comment_status":"open","ping_status":"","sticky":false,"template":"","format":"standard","meta":{"footnotes":""},"categories":[2],"tags":[11],"class_list":["post-199339","post","type-post","status-publish","format-standard","has-post-thumbnail","hentry","category-politics","tag-digi24"],"_links":{"self":[{"href":"https:\/\/analyse.optim.biz\/index.php?rest_route=\/wp\/v2\/posts\/199339","targetHints":{"allow":["GET"]}}],"collection":[{"href":"https:\/\/analyse.optim.biz\/index.php?rest_route=\/wp\/v2\/posts"}],"about":[{"href":"https:\/\/analyse.optim.biz\/index.php?rest_route=\/wp\/v2\/types\/post"}],"author":[{"embeddable":true,"href":"https:\/\/analyse.optim.biz\/index.php?rest_route=\/wp\/v2\/users\/1"}],"replies":[{"embeddable":true,"href":"https:\/\/analyse.optim.biz\/index.php?rest_route=%2Fwp%2Fv2%2Fcomments&post=199339"}],"version-history":[{"count":0,"href":"https:\/\/analyse.optim.biz\/index.php?rest_route=\/wp\/v2\/posts\/199339\/revisions"}],"wp:featuredmedia":[{"embeddable":true,"href":"https:\/\/analyse.optim.biz\/index.php?rest_route=\/wp\/v2\/media\/199340"}],"wp:attachment":[{"href":"https:\/\/analyse.optim.biz\/index.php?rest_route=%2Fwp%2Fv2%2Fmedia&parent=199339"}],"wp:term":[{"taxonomy":"category","embeddable":true,"href":"https:\/\/analyse.optim.biz\/index.php?rest_route=%2Fwp%2Fv2%2Fcategories&post=199339"},{"taxonomy":"post_tag","embeddable":true,"href":"https:\/\/analyse.optim.biz\/index.php?rest_route=%2Fwp%2Fv2%2Ftags&post=199339"}],"curies":[{"name":"wp","href":"https:\/\/api.w.org\/{rel}","templated":true}]}}