{"id":1993107,"date":"2026-06-16T09:01:42","date_gmt":"2026-06-16T06:01:42","guid":{"rendered":"https:\/\/analyse.optim.biz\/?p=1993107"},"modified":"2026-06-16T09:01:42","modified_gmt":"2026-06-16T06:01:42","slug":"monstrii-care-traiesc-printre-noi-panta-alunecoasa-a-urii-viscerale-promovate-sub-ambalajul-lgbt","status":"publish","type":"post","link":"https:\/\/analyse.optim.biz\/?p=1993107","title":{"rendered":"MON\u0218TRII care tr\u0103iesc printre noi! Panta alunecoas\u0103 a urii viscerale promovate sub ambalajul \u201cLGBT\u201d"},"content":{"rendered":"<p>[analyse_image type=&#8221;featured&#8221; src=&#8221;https:\/\/www.incorectpolitic.com\/wp-content\/uploads\/2026\/06\/lerca1.png&#8221;]<\/p>\n<div class=\"entry\">\n<p>Sterie Ciumetti<br \/><strong>Incorect Politic<\/strong><br \/>\nIunie 15, 2026<\/p>\n<p>\u00a0<\/p>\n<h2><a href=\"https:\/\/www.incorectpolitic.com\/monstrii-care-traiesc-printre-noi-panta-alunecoasa-a-urii-viscerale-promovate-sub-ambalajul-lgbt\/lerca1\/\" rel=\"attachment wp-att-81804\"><img loading=\"lazy\" decoding=\"async\" class=\"size-large wp-image-81804 aligncenter\" src=\"https:\/\/www.incorectpolitic.com\/wp-content\/uploads\/2026\/06\/lerca1.png\" alt width=\"382\" height=\"294\"><\/a><\/h2>\n<h2><strong>MON\u0218TRII care tr\u0103iesc printre noi! Panta alunecoas\u0103 a urii viscerale promovate sub ambalajul \u201cLGBT\u201d<\/strong><\/h2>\n<p>\u00a0<\/p>\n<p>Dup\u0103 decenii \u00een care au pretins c\u0103 vor doar s\u0103 fie tolera\u021bi \u0219i accepta\u021bi, hoardele LGBT \u00ee\u0219i dau arama pe fa\u021b\u0103 prin reprezentantul lor agresiv, tranil\u0103ul Antonella Lerca Duda. Acesta, \u00eentr-o postare halucinant\u0103, ne avertizeaz\u0103 c\u0103 familia tradi\u021bional\u0103 este un concept de muzeu, c\u0103 ei definesc standardele de iubire, c\u0103 nu au nevoie de binecuv\u00e2ntarea nim\u0103nui \u0219i c\u0103 nu \u00eei mai intereseaz\u0103 s\u0103 fie tolera\u021bi. La finalul unei post\u0103ri pres\u0103rat\u0103 cu blasfemii, tranil\u0103ul \u021bigan anun\u021b\u0103 c\u0103 ei vor s\u0103 schimbe ora\u0219ul dup\u0103 chipul \u0219i asem\u0103narea lor.<\/p>\n<p>Iat\u0103 postarea:<\/p>\n<blockquote>\n<p>Suntem aici nu doar pentru drepturi, ci pentru a ar\u0103ta c\u0103 familia tradi\u021bional\u0103 este un concept de muzeu. Noi definim noile standarde de iubire, iar restul lumii va trebui pur \u0219i simplu s\u0103 \u021bin\u0103 pasul cu noi.\u203c\ufe0f<br data-start=\"236\" data-end=\"239\">Nu avem nevoie de binecuv\u00e2ntarea unei institu\u021bii care a r\u0103mas blocat\u0103 \u00een secolul trecut. Iubirea noastr\u0103 este mai sacr\u0103 dec\u00e2t orice ritual vechi, iar ast\u0103zi, strada este catedrala noastr\u0103 unde celebr\u0103m adev\u0103rata libertate.\u203c\ufe0f<br data-start=\"465\" data-end=\"468\" data-is-only-node>Indignarea celor din jur este doar zgomotul de fundal al unei lumi care dispare. Nu ne mai intereseaz\u0103 s\u0103 fim tolera\u021bi; suntem aici s\u0103 ocup\u0103m spa\u021biul public \u0219i s\u0103 transform\u0103m ora\u0219ul dup\u0103 chipul \u0219i asem\u0103narea noastr\u0103.\u203c\ufe0f<\/p>\n<\/blockquote>\n<p><a href=\"https:\/\/www.incorectpolitic.com\/monstrii-care-traiesc-printre-noi-panta-alunecoasa-a-urii-viscerale-promovate-sub-ambalajul-lgbt\/jeg-lerca\/\" rel=\"attachment wp-att-81806\"><img loading=\"lazy\" decoding=\"async\" class=\"size-full wp-image-81806 aligncenter lazyload\" src=\"https:\/\/www.incorectpolitic.com\/wp-content\/uploads\/2026\/06\/jeg-lerca.jpeg\" alt width=\"736\" height=\"1600\"><\/a><\/p>\n<p><img loading=\"lazy\" decoding=\"async\" class=\"size-full wp-image-81806 aligncenter\" src=\"https:\/\/www.incorectpolitic.com\/wp-content\/uploads\/2026\/06\/jeg-lerca.jpeg\" alt width=\"736\" height=\"1600\" data-eio=\"l\"><\/p>\n<p>\u00a0<\/p>\n<p>Ace\u0219ti oameni ur\u0103sc tot ceea ce este firesc, dar mai ales \u00eei ur\u0103sc pe rom\u00e2nii care \u021bin la valori, la moralitate \u0219i la normalitate. Dac\u0103 ar avea ocazia, v-ar ucide cu s\u00e2nge rece, cum l-au ucis pe Charlie Kirk. Agresivitatea, extremismul, ura \u0219i \u00eencr\u00e2ncenarea sunt omniprezente \u00een comunitatea numit\u0103 pompos \u201cLGBT\u201d, care \u00een realitate este o minoritate vocal\u0103. Ei urm\u0103resc s\u0103 impun\u0103 standardele lor \u00eentregii majorit\u0103\u021bi.<\/p>\n<p>Acesta este cel mai gr\u0103itor exemplul al principiului \u201cPanta Alunecoas\u0103\u201d, sau al proverbului rom\u00e2nesc \u201c\u00cei dai un deget \u0219i-\u021bi ia toat\u0103 m\u00e2na\u201d. \u00cent\u00e2i au vrut doar s\u0103 fie abrogat articolul 200 din Codul Penal, care scotea homosexualitatea \u00een afara legii. Au vrut doar s\u0103 fie tolera\u021bi, s\u0103 nu mai fac\u0103 pu\u0219c\u0103rie pentru sodomie. Acum impun stilul lor de via\u021b\u0103 \u00een strad\u0103, acum vor parteneriat civil, privilegii, institu\u021bii speciale doar pentru ei, vor s\u0103 adopte copii, iar la final unde vom ajunge, la legalizarea pedofiliei?<\/p>\n<p><a href=\"https:\/\/www.incorectpolitic.com\/monstrii-care-traiesc-printre-noi-panta-alunecoasa-a-urii-viscerale-promovate-sub-ambalajul-lgbt\/photo_2022-07-10-09-13-57\/\" rel=\"attachment wp-att-81812\"><img loading=\"lazy\" decoding=\"async\" class=\"size-full wp-image-81812 aligncenter lazyload\" src=\"https:\/\/www.incorectpolitic.com\/wp-content\/uploads\/2026\/06\/photo_2022-07-10-09.13.57.jpeg\" alt width=\"1118\" height=\"1280\"><\/a><\/p>\n<p><img loading=\"lazy\" decoding=\"async\" class=\"size-full wp-image-81812 aligncenter\" src=\"https:\/\/www.incorectpolitic.com\/wp-content\/uploads\/2026\/06\/photo_2022-07-10-09.13.57.jpeg\" alt width=\"1118\" height=\"1280\" data-eio=\"l\"><\/p>\n<p>De la a fi tolera\u021bi au ajuns a candida pentru a ob\u021bine func\u021bii politice. Mon\u0219trii care tr\u0103iesc printre noi au un plan bine pus la punct, care implic\u0103, a\u0219a cum ne-a spus Lerca, punerea familiei tradi\u021bionale \u00eentr-un muzeu \u0219i refacerea ora\u0219elor dup\u0103 chipul \u0219i asem\u0103narea lor, schimonosite de ur\u0103, machiate strident, ur\u00e2te, slute, h\u00e2de.<\/p>\n<p><a href=\"https:\/\/www.incorectpolitic.com\/monstrii-care-traiesc-printre-noi-panta-alunecoasa-a-urii-viscerale-promovate-sub-ambalajul-lgbt\/lerca3\/\" rel=\"attachment wp-att-81803\"><img loading=\"lazy\" decoding=\"async\" class=\"size-large wp-image-81803 aligncenter lazyload\" src=\"https:\/\/www.incorectpolitic.com\/wp-content\/uploads\/2026\/06\/lerca3.png\" alt width=\"618\" height=\"366\"><\/a><\/p>\n<p><img loading=\"lazy\" decoding=\"async\" class=\"size-large wp-image-81803 aligncenter\" src=\"https:\/\/www.incorectpolitic.com\/wp-content\/uploads\/2026\/06\/lerca3.png\" alt width=\"618\" height=\"366\" data-eio=\"l\"><\/p>\n<p>Probabil a\u021bi auzit de expresia \u201cmajoritatea t\u0103cut\u0103\u201d. Ace\u0219ti zelo\u021bi anti-Dumnezeu profit\u0103 de bunul sim\u021b al unei majorit\u0103\u021bi pasive, tolerante \u0219i \u00een\u021beleg\u0103toare, o majoritate care prefer\u0103 s\u0103-\u0219i vad\u0103 de treab\u0103 dec\u00e2t s\u0103 ia atitudine.<\/p>\n<p>\u00a0<\/p>\n<p><a href=\"https:\/\/www.incorectpolitic.com\/monstrii-care-traiesc-printre-noi-panta-alunecoasa-a-urii-viscerale-promovate-sub-ambalajul-lgbt\/lerca4\/\" rel=\"attachment wp-att-81802\"><img loading=\"lazy\" decoding=\"async\" class=\"size-full wp-image-81802 aligncenter lazyload\" src=\"https:\/\/www.incorectpolitic.com\/wp-content\/uploads\/2026\/06\/lerca4.png\" alt width=\"1079\" height=\"621\"><\/a><\/p>\n<p><img loading=\"lazy\" decoding=\"async\" class=\"size-full wp-image-81802 aligncenter\" src=\"https:\/\/www.incorectpolitic.com\/wp-content\/uploads\/2026\/06\/lerca4.png\" alt width=\"1079\" height=\"621\" data-eio=\"l\"><a href=\"https:\/\/www.incorectpolitic.com\/monstrii-care-traiesc-printre-noi-panta-alunecoasa-a-urii-viscerale-promovate-sub-ambalajul-lgbt\/lerca2-2\/\" rel=\"attachment wp-att-81805\"><br \/><img loading=\"lazy\" decoding=\"async\" class=\"size-large wp-image-81805 aligncenter lazyload\" src=\"https:\/\/www.incorectpolitic.com\/wp-content\/uploads\/2026\/06\/lerca2.jpg\" alt width=\"618\" height=\"618\"><img loading=\"lazy\" decoding=\"async\" class=\"size-large wp-image-81805 aligncenter\" src=\"https:\/\/www.incorectpolitic.com\/wp-content\/uploads\/2026\/06\/lerca2.jpg\" alt width=\"618\" height=\"618\" data-eio=\"l\"><\/a><\/p>\n<p>Mai r\u0103u este c\u0103 devia\u021biile sexuale glorificate ajung s\u0103 fie afi\u0219ate \u00een fa\u021ba celor mai inocen\u021bi dintre noi, copiii. Iar statul, \u00een loc s\u0103 protejeze copiii, le ofer\u0103 autoriza\u021bii sodomi\u021bilor pentru mar\u0219uri gay, le ofer\u0103 protec\u021bie \u00een timpul paradelor \u0219i le ofer\u0103 p\u00e2rghii institu\u021bionale \u00een colaborare cu Uniunea European\u0103.<\/p>\n<p>Poate c\u0103 a venit vremea ca majoritatea t\u0103cut\u0103 s\u0103 se \u00eentrebe: \u00cencotro, Rom\u00e2nia? \u0218i poate c\u0103 a venit vremea s\u0103 ia atitudine \u0219i s\u0103 se implice \u00een prevenirea \u0219i combaterea propagandei gay.<\/p>\n<p>Pentru c\u0103 dac\u0103 nu lua\u021bi atitudine, asta se va \u00eent\u00e2mpla:<\/p>\n<p><a href=\"https:\/\/www.incorectpolitic.com\/monstrii-care-traiesc-printre-noi-panta-alunecoasa-a-urii-viscerale-promovate-sub-ambalajul-lgbt\/attachment\/0\/\" rel=\"attachment wp-att-81821\"><img loading=\"lazy\" decoding=\"async\" class=\"size-full wp-image-81821 aligncenter lazyload\" src=\"https:\/\/www.incorectpolitic.com\/wp-content\/uploads\/2026\/06\/0.png\" alt width=\"1127\" height=\"866\"><\/a><\/p>\n<p><img loading=\"lazy\" decoding=\"async\" class=\"size-full wp-image-81821 aligncenter\" src=\"https:\/\/www.incorectpolitic.com\/wp-content\/uploads\/2026\/06\/0.png\" alt width=\"1127\" height=\"866\" data-eio=\"l\"><a href=\"https:\/\/www.incorectpolitic.com\/monstrii-care-traiesc-printre-noi-panta-alunecoasa-a-urii-viscerale-promovate-sub-ambalajul-lgbt\/8-16\/\" rel=\"attachment wp-att-81822\"><img loading=\"lazy\" decoding=\"async\" class=\"size-large wp-image-81822 aligncenter lazyload\" src=\"https:\/\/www.incorectpolitic.com\/wp-content\/uploads\/2026\/06\/8.png\" alt width=\"618\" height=\"565\"><img loading=\"lazy\" decoding=\"async\" class=\"size-large wp-image-81822 aligncenter\" src=\"https:\/\/www.incorectpolitic.com\/wp-content\/uploads\/2026\/06\/8.png\" alt width=\"618\" height=\"565\" data-eio=\"l\"><\/a><a href=\"https:\/\/www.incorectpolitic.com\/monstrii-care-traiesc-printre-noi-panta-alunecoasa-a-urii-viscerale-promovate-sub-ambalajul-lgbt\/9-1-2\/\" rel=\"attachment wp-att-81823\"><img loading=\"lazy\" decoding=\"async\" class=\"size-large wp-image-81823 aligncenter lazyload\" src=\"https:\/\/www.incorectpolitic.com\/wp-content\/uploads\/2026\/06\/9.1.png\" alt width=\"618\" height=\"741\"><img loading=\"lazy\" decoding=\"async\" class=\"size-large wp-image-81823 aligncenter\" src=\"https:\/\/www.incorectpolitic.com\/wp-content\/uploads\/2026\/06\/9.1.png\" alt width=\"618\" height=\"741\" data-eio=\"l\"><\/a><a href=\"https:\/\/www.incorectpolitic.com\/monstrii-care-traiesc-printre-noi-panta-alunecoasa-a-urii-viscerale-promovate-sub-ambalajul-lgbt\/10-12\/\" rel=\"attachment wp-att-81824\"><img loading=\"lazy\" decoding=\"async\" class=\"size-large wp-image-81824 aligncenter lazyload\" src=\"https:\/\/www.incorectpolitic.com\/wp-content\/uploads\/2026\/06\/10.png\" alt width=\"618\" height=\"456\"><img loading=\"lazy\" decoding=\"async\" class=\"size-large wp-image-81824 aligncenter\" src=\"https:\/\/www.incorectpolitic.com\/wp-content\/uploads\/2026\/06\/10.png\" alt width=\"618\" height=\"456\" data-eio=\"l\"><\/a><a href=\"https:\/\/www.incorectpolitic.com\/monstrii-care-traiesc-printre-noi-panta-alunecoasa-a-urii-viscerale-promovate-sub-ambalajul-lgbt\/11-15\/\" rel=\"attachment wp-att-81825\"><img loading=\"lazy\" decoding=\"async\" class=\"size-large wp-image-81825 aligncenter lazyload\" src=\"https:\/\/www.incorectpolitic.com\/wp-content\/uploads\/2026\/06\/11.png\" alt width=\"618\" height=\"710\"><img loading=\"lazy\" decoding=\"async\" class=\"size-large wp-image-81825 aligncenter\" src=\"https:\/\/www.incorectpolitic.com\/wp-content\/uploads\/2026\/06\/11.png\" alt width=\"618\" height=\"710\" data-eio=\"l\"><\/a><\/p>\n<div class=\"wp-video\"><video class=\"wp-video-shortcode\" id=\"video-81801-1\" width=\"618\" height=\"348\" preload=\"metadata\" controls=\"controls\"><source type=\"video\/mp4\" src=\"https:\/\/www.incorectpolitic.com\/wp-content\/uploads\/2026\/06\/2.mp4?_=1\" \/><\/video><\/div>\n<\/div>\n<div class=\"entry\">\n<p>Sterie Ciumetti<br \/><strong>Incorect Politic<\/strong><br \/>\nIunie 15, 2026<\/p>\n<p>\u00a0<\/p>\n<h2><a href=\"https:\/\/www.incorectpolitic.com\/monstrii-care-traiesc-printre-noi-panta-alunecoasa-a-urii-viscerale-promovate-sub-ambalajul-lgbt\/lerca1\/\" rel=\"attachment wp-att-81804\"><img loading=\"lazy\" decoding=\"async\" class=\"size-large wp-image-81804 aligncenter\" src=\"https:\/\/www.incorectpolitic.com\/wp-content\/uploads\/2026\/06\/lerca1.png\" alt width=\"382\" height=\"294\"><\/a><\/h2>\n<h2><strong>MON\u0218TRII care tr\u0103iesc printre noi! Panta alunecoas\u0103 a urii viscerale promovate sub ambalajul \u201cLGBT\u201d<\/strong><\/h2>\n<p>\u00a0<\/p>\n<p>Dup\u0103 decenii \u00een care au pretins c\u0103 vor doar s\u0103 fie tolera\u021bi \u0219i accepta\u021bi, hoardele LGBT \u00ee\u0219i dau arama pe fa\u021b\u0103 prin reprezentantul lor agresiv, tranil\u0103ul Antonella Lerca Duda. Acesta, \u00eentr-o postare halucinant\u0103, ne avertizeaz\u0103 c\u0103 familia tradi\u021bional\u0103 este un concept de muzeu, c\u0103 ei definesc standardele de iubire, c\u0103 nu au nevoie de binecuv\u00e2ntarea nim\u0103nui \u0219i c\u0103 nu \u00eei mai intereseaz\u0103 s\u0103 fie tolera\u021bi. La finalul unei post\u0103ri pres\u0103rat\u0103 cu blasfemii, tranil\u0103ul \u021bigan anun\u021b\u0103 c\u0103 ei vor s\u0103 schimbe ora\u0219ul dup\u0103 chipul \u0219i asem\u0103narea lor.<\/p>\n<p>Iat\u0103 postarea:<\/p>\n<blockquote>\n<p>Suntem aici nu doar pentru drepturi, ci pentru a ar\u0103ta c\u0103 familia tradi\u021bional\u0103 este un concept de muzeu. Noi definim noile standarde de iubire, iar restul lumii va trebui pur \u0219i simplu s\u0103 \u021bin\u0103 pasul cu noi.\u203c\ufe0f<br data-start=\"236\" data-end=\"239\">Nu avem nevoie de binecuv\u00e2ntarea unei institu\u021bii care a r\u0103mas blocat\u0103 \u00een secolul trecut. Iubirea noastr\u0103 este mai sacr\u0103 dec\u00e2t orice ritual vechi, iar ast\u0103zi, strada este catedrala noastr\u0103 unde celebr\u0103m adev\u0103rata libertate.\u203c\ufe0f<br data-start=\"465\" data-end=\"468\" data-is-only-node>Indignarea celor din jur este doar zgomotul de fundal al unei lumi care dispare. Nu ne mai intereseaz\u0103 s\u0103 fim tolera\u021bi; suntem aici s\u0103 ocup\u0103m spa\u021biul public \u0219i s\u0103 transform\u0103m ora\u0219ul dup\u0103 chipul \u0219i asem\u0103narea noastr\u0103.\u203c\ufe0f<\/p>\n<\/blockquote>\n<p><a href=\"https:\/\/www.incorectpolitic.com\/monstrii-care-traiesc-printre-noi-panta-alunecoasa-a-urii-viscerale-promovate-sub-ambalajul-lgbt\/jeg-lerca\/\" rel=\"attachment wp-att-81806\"><img loading=\"lazy\" decoding=\"async\" class=\"size-full wp-image-81806 aligncenter lazyload\" src=\"https:\/\/www.incorectpolitic.com\/wp-content\/uploads\/2026\/06\/jeg-lerca.jpeg\" alt width=\"736\" height=\"1600\"><\/a><\/p>\n<p><img loading=\"lazy\" decoding=\"async\" class=\"size-full wp-image-81806 aligncenter\" src=\"https:\/\/www.incorectpolitic.com\/wp-content\/uploads\/2026\/06\/jeg-lerca.jpeg\" alt width=\"736\" height=\"1600\" data-eio=\"l\"><\/p>\n<p>\u00a0<\/p>\n<p>Ace\u0219ti oameni ur\u0103sc tot ceea ce este firesc, dar mai ales \u00eei ur\u0103sc pe rom\u00e2nii care \u021bin la valori, la moralitate \u0219i la normalitate. Dac\u0103 ar avea ocazia, v-ar ucide cu s\u00e2nge rece, cum l-au ucis pe Charlie Kirk. Agresivitatea, extremismul, ura \u0219i \u00eencr\u00e2ncenarea sunt omniprezente \u00een comunitatea numit\u0103 pompos \u201cLGBT\u201d, care \u00een realitate este o minoritate vocal\u0103. Ei urm\u0103resc s\u0103 impun\u0103 standardele lor \u00eentregii majorit\u0103\u021bi.<\/p>\n<p>Acesta este cel mai gr\u0103itor exemplul al principiului \u201cPanta Alunecoas\u0103\u201d, sau al proverbului rom\u00e2nesc \u201c\u00cei dai un deget \u0219i-\u021bi ia toat\u0103 m\u00e2na\u201d. \u00cent\u00e2i au vrut doar s\u0103 fie abrogat articolul 200 din Codul Penal, care scotea homosexualitatea \u00een afara legii. Au vrut doar s\u0103 fie tolera\u021bi, s\u0103 nu mai fac\u0103 pu\u0219c\u0103rie pentru sodomie. Acum impun stilul lor de via\u021b\u0103 \u00een strad\u0103, acum vor parteneriat civil, privilegii, institu\u021bii speciale doar pentru ei, vor s\u0103 adopte copii, iar la final unde vom ajunge, la legalizarea pedofiliei?<\/p>\n<p><a href=\"https:\/\/www.incorectpolitic.com\/monstrii-care-traiesc-printre-noi-panta-alunecoasa-a-urii-viscerale-promovate-sub-ambalajul-lgbt\/photo_2022-07-10-09-13-57\/\" rel=\"attachment wp-att-81812\"><img loading=\"lazy\" decoding=\"async\" class=\"size-full wp-image-81812 aligncenter lazyload\" src=\"https:\/\/www.incorectpolitic.com\/wp-content\/uploads\/2026\/06\/photo_2022-07-10-09.13.57.jpeg\" alt width=\"1118\" height=\"1280\"><\/a><\/p>\n<p><img loading=\"lazy\" decoding=\"async\" class=\"size-full wp-image-81812 aligncenter\" src=\"https:\/\/www.incorectpolitic.com\/wp-content\/uploads\/2026\/06\/photo_2022-07-10-09.13.57.jpeg\" alt width=\"1118\" height=\"1280\" data-eio=\"l\"><\/p>\n<p>De la a fi tolera\u021bi au ajuns a candida pentru a ob\u021bine func\u021bii politice. Mon\u0219trii care tr\u0103iesc printre noi au un plan bine pus la punct, care implic\u0103, a\u0219a cum ne-a spus Lerca, punerea familiei tradi\u021bionale \u00eentr-un muzeu \u0219i refacerea ora\u0219elor dup\u0103 chipul \u0219i asem\u0103narea lor, schimonosite de ur\u0103, machiate strident, ur\u00e2te, slute, h\u00e2de.<\/p>\n<p><a href=\"https:\/\/www.incorectpolitic.com\/monstrii-care-traiesc-printre-noi-panta-alunecoasa-a-urii-viscerale-promovate-sub-ambalajul-lgbt\/lerca3\/\" rel=\"attachment wp-att-81803\"><img loading=\"lazy\" decoding=\"async\" class=\"size-large wp-image-81803 aligncenter lazyload\" src=\"https:\/\/www.incorectpolitic.com\/wp-content\/uploads\/2026\/06\/lerca3.png\" alt width=\"618\" height=\"366\"><\/a><\/p>\n<p><img loading=\"lazy\" decoding=\"async\" class=\"size-large wp-image-81803 aligncenter\" src=\"https:\/\/www.incorectpolitic.com\/wp-content\/uploads\/2026\/06\/lerca3.png\" alt width=\"618\" height=\"366\" data-eio=\"l\"><\/p>\n<p>Probabil a\u021bi auzit de expresia \u201cmajoritatea t\u0103cut\u0103\u201d. Ace\u0219ti zelo\u021bi anti-Dumnezeu profit\u0103 de bunul sim\u021b al unei majorit\u0103\u021bi pasive, tolerante \u0219i \u00een\u021beleg\u0103toare, o majoritate care prefer\u0103 s\u0103-\u0219i vad\u0103 de treab\u0103 dec\u00e2t s\u0103 ia atitudine.<\/p>\n<p>\u00a0<\/p>\n<p><a href=\"https:\/\/www.incorectpolitic.com\/monstrii-care-traiesc-printre-noi-panta-alunecoasa-a-urii-viscerale-promovate-sub-ambalajul-lgbt\/lerca4\/\" rel=\"attachment wp-att-81802\"><img loading=\"lazy\" decoding=\"async\" class=\"size-full wp-image-81802 aligncenter lazyload\" src=\"https:\/\/www.incorectpolitic.com\/wp-content\/uploads\/2026\/06\/lerca4.png\" alt width=\"1079\" height=\"621\"><\/a><\/p>\n<p><img loading=\"lazy\" decoding=\"async\" class=\"size-full wp-image-81802 aligncenter\" src=\"https:\/\/www.incorectpolitic.com\/wp-content\/uploads\/2026\/06\/lerca4.png\" alt width=\"1079\" height=\"621\" data-eio=\"l\"><a href=\"https:\/\/www.incorectpolitic.com\/monstrii-care-traiesc-printre-noi-panta-alunecoasa-a-urii-viscerale-promovate-sub-ambalajul-lgbt\/lerca2-2\/\" rel=\"attachment wp-att-81805\"><br \/><img loading=\"lazy\" decoding=\"async\" class=\"size-large wp-image-81805 aligncenter lazyload\" src=\"https:\/\/www.incorectpolitic.com\/wp-content\/uploads\/2026\/06\/lerca2.jpg\" alt width=\"618\" height=\"618\"><img loading=\"lazy\" decoding=\"async\" class=\"size-large wp-image-81805 aligncenter\" src=\"https:\/\/www.incorectpolitic.com\/wp-content\/uploads\/2026\/06\/lerca2.jpg\" alt width=\"618\" height=\"618\" data-eio=\"l\"><\/a><\/p>\n<p>Mai r\u0103u este c\u0103 devia\u021biile sexuale glorificate ajung s\u0103 fie afi\u0219ate \u00een fa\u021ba celor mai inocen\u021bi dintre noi, copiii. Iar statul, \u00een loc s\u0103 protejeze copiii, le ofer\u0103 autoriza\u021bii sodomi\u021bilor pentru mar\u0219uri gay, le ofer\u0103 protec\u021bie \u00een timpul paradelor \u0219i le ofer\u0103 p\u00e2rghii institu\u021bionale \u00een colaborare cu Uniunea European\u0103.<\/p>\n<p>Poate c\u0103 a venit vremea ca majoritatea t\u0103cut\u0103 s\u0103 se \u00eentrebe: \u00cencotro, Rom\u00e2nia? \u0218i poate c\u0103 a venit vremea s\u0103 ia atitudine \u0219i s\u0103 se implice \u00een prevenirea \u0219i combaterea propagandei gay.<\/p>\n<p>Pentru c\u0103 dac\u0103 nu lua\u021bi atitudine, asta se va \u00eent\u00e2mpla:<\/p>\n<p><a href=\"https:\/\/www.incorectpolitic.com\/monstrii-care-traiesc-printre-noi-panta-alunecoasa-a-urii-viscerale-promovate-sub-ambalajul-lgbt\/attachment\/0\/\" rel=\"attachment wp-att-81821\"><img loading=\"lazy\" decoding=\"async\" class=\"size-full wp-image-81821 aligncenter lazyload\" src=\"https:\/\/www.incorectpolitic.com\/wp-content\/uploads\/2026\/06\/0.png\" alt width=\"1127\" height=\"866\"><\/a><\/p>\n<p><img loading=\"lazy\" decoding=\"async\" class=\"size-full wp-image-81821 aligncenter\" src=\"https:\/\/www.incorectpolitic.com\/wp-content\/uploads\/2026\/06\/0.png\" alt width=\"1127\" height=\"866\" data-eio=\"l\"><a href=\"https:\/\/www.incorectpolitic.com\/monstrii-care-traiesc-printre-noi-panta-alunecoasa-a-urii-viscerale-promovate-sub-ambalajul-lgbt\/8-16\/\" rel=\"attachment wp-att-81822\"><img loading=\"lazy\" decoding=\"async\" class=\"size-large wp-image-81822 aligncenter lazyload\" src=\"https:\/\/www.incorectpolitic.com\/wp-content\/uploads\/2026\/06\/8.png\" alt width=\"618\" height=\"565\"><img loading=\"lazy\" decoding=\"async\" class=\"size-large wp-image-81822 aligncenter\" src=\"https:\/\/www.incorectpolitic.com\/wp-content\/uploads\/2026\/06\/8.png\" alt width=\"618\" height=\"565\" data-eio=\"l\"><\/a><a href=\"https:\/\/www.incorectpolitic.com\/monstrii-care-traiesc-printre-noi-panta-alunecoasa-a-urii-viscerale-promovate-sub-ambalajul-lgbt\/9-1-2\/\" rel=\"attachment wp-att-81823\"><img loading=\"lazy\" decoding=\"async\" class=\"size-large wp-image-81823 aligncenter lazyload\" src=\"https:\/\/www.incorectpolitic.com\/wp-content\/uploads\/2026\/06\/9.1.png\" alt width=\"618\" height=\"741\"><img loading=\"lazy\" decoding=\"async\" class=\"size-large wp-image-81823 aligncenter\" src=\"https:\/\/www.incorectpolitic.com\/wp-content\/uploads\/2026\/06\/9.1.png\" alt width=\"618\" height=\"741\" data-eio=\"l\"><\/a><a href=\"https:\/\/www.incorectpolitic.com\/monstrii-care-traiesc-printre-noi-panta-alunecoasa-a-urii-viscerale-promovate-sub-ambalajul-lgbt\/10-12\/\" rel=\"attachment wp-att-81824\"><img loading=\"lazy\" decoding=\"async\" class=\"size-large wp-image-81824 aligncenter lazyload\" src=\"https:\/\/www.incorectpolitic.com\/wp-content\/uploads\/2026\/06\/10.png\" alt width=\"618\" height=\"456\"><img loading=\"lazy\" decoding=\"async\" class=\"size-large wp-image-81824 aligncenter\" src=\"https:\/\/www.incorectpolitic.com\/wp-content\/uploads\/2026\/06\/10.png\" alt width=\"618\" height=\"456\" data-eio=\"l\"><\/a><a href=\"https:\/\/www.incorectpolitic.com\/monstrii-care-traiesc-printre-noi-panta-alunecoasa-a-urii-viscerale-promovate-sub-ambalajul-lgbt\/11-15\/\" rel=\"attachment wp-att-81825\"><img loading=\"lazy\" decoding=\"async\" class=\"size-large wp-image-81825 aligncenter lazyload\" src=\"https:\/\/www.incorectpolitic.com\/wp-content\/uploads\/2026\/06\/11.png\" alt width=\"618\" height=\"710\"><img loading=\"lazy\" decoding=\"async\" class=\"size-large wp-image-81825 aligncenter\" src=\"https:\/\/www.incorectpolitic.com\/wp-content\/uploads\/2026\/06\/11.png\" alt width=\"618\" height=\"710\" data-eio=\"l\"><\/a><\/p>\n<div class=\"wp-video\"><video class=\"wp-video-shortcode\" id=\"video-81801-1\" width=\"618\" height=\"348\" preload=\"metadata\" controls=\"controls\"><source type=\"video\/mp4\" src=\"https:\/\/www.incorectpolitic.com\/wp-content\/uploads\/2026\/06\/2.mp4?_=1\" \/><\/video><\/div>\n<\/div>\n<article class=\"post-80361 post type-post status-publish entry includes-feat-image\">\n<div class=\"featured-image alignleft\"><a class=\"featured_post_link\" href=\"https:\/\/www.incorectpolitic.com\/ultimul-fiu-al-daciei\/\" title=\"Ultimul Fiu al Daciei\"><img loading=\"lazy\" decoding=\"async\" width=\"100\" height=\"150\" src=\"https:\/\/www.incorectpolitic.com\/wp-content\/uploads\/2025\/10\/dac.jpeg\" class=\"attachment-thumbnail size-thumbnail wp-post-image lazyload\" alt><img loading=\"lazy\" decoding=\"async\" width=\"100\" height=\"150\" src=\"https:\/\/www.incorectpolitic.com\/wp-content\/uploads\/2025\/10\/dac.jpeg\" class=\"attachment-thumbnail size-thumbnail wp-post-image\" alt data-eio=\"l\"><\/a><\/div>\n<div class=\"entry-title\"><a class=\"featured_post_link\" href=\"https:\/\/www.incorectpolitic.com\/ultimul-fiu-al-daciei\/\" title=\"Ultimul Fiu al Daciei\">Ultimul Fiu al Daciei<\/a><\/div>\n<\/article>\n<article class=\"post-73927 post type-post status-publish entry includes-feat-image\">\n<div class=\"featured-image alignleft\"><a class=\"featured_post_link\" href=\"https:\/\/www.incorectpolitic.com\/cauzele-si-dinamica-antisemitismului\/\" title=\"Cauzele \u0219i Dinamica Antisemitismului\"><img loading=\"lazy\" decoding=\"async\" width=\"150\" height=\"150\" src=\"https:\/\/www.incorectpolitic.com\/wp-content\/uploads\/2018\/09\/bolshevik-jews-150x150.jpg\" class=\"attachment-thumbnail size-thumbnail wp-post-image lazyload\" alt><img loading=\"lazy\" decoding=\"async\" width=\"150\" height=\"150\" src=\"https:\/\/www.incorectpolitic.com\/wp-content\/uploads\/2018\/09\/bolshevik-jews-150x150.jpg\" class=\"attachment-thumbnail size-thumbnail wp-post-image\" alt data-eio=\"l\"><\/a><\/div>\n<div class=\"entry-title\"><a class=\"featured_post_link\" href=\"https:\/\/www.incorectpolitic.com\/cauzele-si-dinamica-antisemitismului\/\" title=\"Cauzele \u0219i Dinamica Antisemitismului\">Cauzele \u0219i Dinamica Antisemitismului<\/a><\/div>\n<\/article>\n<article class=\"post-72974 post type-post status-publish entry includes-feat-image\">\n<div class=\"featured-image alignleft\"><a class=\"featured_post_link\" href=\"https:\/\/www.incorectpolitic.com\/navalirea-jidanilor-de-vasile-alecsandri-piesa-interzisa\/\" title=\"N\u0103v\u0103lirea Jidanilor \u2013 de Vasile Alecsandri (Pies\u0103 interzis\u0103)\"><img loading=\"lazy\" decoding=\"async\" width=\"150\" height=\"150\" src=\"https:\/\/www.incorectpolitic.com\/wp-content\/uploads\/2024\/02\/jidani-navalire-2.png\" class=\"attachment-thumbnail size-thumbnail wp-post-image lazyload\" alt><img loading=\"lazy\" decoding=\"async\" width=\"150\" height=\"150\" src=\"https:\/\/www.incorectpolitic.com\/wp-content\/uploads\/2024\/02\/jidani-navalire-2.png\" class=\"attachment-thumbnail size-thumbnail wp-post-image\" alt data-eio=\"l\"><\/a><\/div>\n<div class=\"entry-title\"><a class=\"featured_post_link\" href=\"https:\/\/www.incorectpolitic.com\/navalirea-jidanilor-de-vasile-alecsandri-piesa-interzisa\/\" title=\"N\u0103v\u0103lirea Jidanilor \u2013 de Vasile Alecsandri (Pies\u0103 interzis\u0103)\">N\u0103v\u0103lirea Jidanilor \u2013 de Vasile Alecsandri (Pies\u0103 interzis\u0103)<\/a><\/div>\n<\/article>\n<article class=\"post-71879 post type-post status-publish entry includes-feat-image\">\n<div class=\"featured-image alignleft\"><a class=\"featured_post_link\" href=\"https:\/\/www.incorectpolitic.com\/europa-si-romania-in-anul-2050\/\" title=\"Europa \u0219i Rom\u00e2nia \u00een anul 2050\"><img loading=\"lazy\" decoding=\"async\" width=\"147\" height=\"150\" src=\"https:\/\/www.incorectpolitic.com\/wp-content\/uploads\/2024\/01\/Romania-2050-2.png\" class=\"attachment-thumbnail size-thumbnail wp-post-image lazyload\" alt><img loading=\"lazy\" decoding=\"async\" width=\"147\" height=\"150\" src=\"https:\/\/www.incorectpolitic.com\/wp-content\/uploads\/2024\/01\/Romania-2050-2.png\" class=\"attachment-thumbnail size-thumbnail wp-post-image\" alt data-eio=\"l\"><\/a><\/div>\n<div class=\"entry-title\"><a class=\"featured_post_link\" href=\"https:\/\/www.incorectpolitic.com\/europa-si-romania-in-anul-2050\/\" title=\"Europa \u0219i Rom\u00e2nia \u00een anul 2050\">Europa \u0219i Rom\u00e2nia \u00een anul 2050<\/a><\/div>\n<\/article>\n<article class=\"post-23854 post type-post status-publish entry includes-feat-image\">\n<div class=\"featured-image alignleft\"><a class=\"featured_post_link\" href=\"https:\/\/www.incorectpolitic.com\/vizita-papei-autonomie-alternativa\/\" title=\"Vizita Papei \u2013 Autonomie Alternativ\u0103\"><img loading=\"lazy\" decoding=\"async\" width=\"150\" height=\"150\" class=\"attachment-thumbnail size-thumbnail wp-post-image lazyload\" alt src=\"https:\/\/www.incorectpolitic.com\/wp-content\/uploads\/2019\/06\/uI2HFtR-150x150.jpg\"><img loading=\"lazy\" decoding=\"async\" width=\"150\" height=\"150\" src=\"https:\/\/www.incorectpolitic.com\/wp-content\/uploads\/2019\/06\/uI2HFtR-150x150.jpg\" class=\"attachment-thumbnail size-thumbnail wp-post-image\" alt data-eio=\"l\"><\/a><\/div>\n<div class=\"entry-title\"><a class=\"featured_post_link\" href=\"https:\/\/www.incorectpolitic.com\/vizita-papei-autonomie-alternativa\/\" title=\"Vizita Papei \u2013 Autonomie Alternativ\u0103\">Vizita Papei \u2013 Autonomie Alternativ\u0103<\/a><\/div>\n<\/article>\n<article class=\"post-72111 post type-post status-publish entry includes-feat-image\">\n<div class=\"featured-image alignleft\"><a class=\"featured_post_link\" href=\"https:\/\/www.incorectpolitic.com\/revelion-2023-2024-vine-anul-biruintei\/\" title=\"Revelion 2023 \u2013 2024 vine ANUL BIRUIN\u021aEI\"><img loading=\"lazy\" decoding=\"async\" width=\"150\" height=\"150\" src=\"https:\/\/www.incorectpolitic.com\/wp-content\/uploads\/2023\/12\/anul-biruintei.png\" class=\"attachment-thumbnail size-thumbnail wp-post-image lazyload\" alt><img loading=\"lazy\" decoding=\"async\" width=\"150\" height=\"150\" src=\"https:\/\/www.incorectpolitic.com\/wp-content\/uploads\/2023\/12\/anul-biruintei.png\" class=\"attachment-thumbnail size-thumbnail wp-post-image\" alt data-eio=\"l\"><\/a><\/div>\n<div class=\"entry-title\"><a class=\"featured_post_link\" href=\"https:\/\/www.incorectpolitic.com\/revelion-2023-2024-vine-anul-biruintei\/\" title=\"Revelion 2023 \u2013 2024 vine ANUL BIRUIN\u021aEI\">Revelion 2023 \u2013 2024 vine ANUL BIRUIN\u021aEI<\/a><\/div>\n<\/article>\n<article class=\"post-50139 post type-post status-publish entry includes-feat-image\">\n<div class=\"featured-image alignleft\"><a class=\"featured_post_link\" href=\"https:\/\/www.incorectpolitic.com\/analiza-strategiei-adoptata-de-guvern-pentru-combaterea-antisemitismului-xenofobiei-si-discursului-instigator-la-ura-2021-2023\/\" title=\"Analiza Strategiei Adoptat\u0103 de Guvern Pentru Combaterea \u201cantisemitismului, xenofobiei \u0219i discursului instigator la ur\u0103 2021-2023\u201d\"><img loading=\"lazy\" decoding=\"async\" width=\"150\" height=\"150\" src=\"https:\/\/www.incorectpolitic.com\/wp-content\/uploads\/2019\/08\/Jewish-censorship-e1421273251759-2-150x150.jpg\" class=\"attachment-thumbnail size-thumbnail wp-post-image lazyload\" alt><img loading=\"lazy\" decoding=\"async\" width=\"150\" height=\"150\" src=\"https:\/\/www.incorectpolitic.com\/wp-content\/uploads\/2019\/08\/Jewish-censorship-e1421273251759-2-150x150.jpg\" class=\"attachment-thumbnail size-thumbnail wp-post-image\" alt data-eio=\"l\"><\/a><\/div>\n<div class=\"entry-title\"><a class=\"featured_post_link\" href=\"https:\/\/www.incorectpolitic.com\/analiza-strategiei-adoptata-de-guvern-pentru-combaterea-antisemitismului-xenofobiei-si-discursului-instigator-la-ura-2021-2023\/\" title=\"Analiza Strategiei Adoptat\u0103 de Guvern Pentru Combaterea \u201cantisemitismului, xenofobiei \u0219i discursului instigator la ur\u0103 2021-2023\u201d\">Analiza Strategiei Adoptat\u0103 de Guvern Pentru Combaterea \u201cantisemitismului, xenofobiei \u0219i discursului instigator la ur\u0103 2021-2023\u201d<\/a><\/div>\n<\/article>\n<article class=\"post-70829 post type-post status-publish entry includes-feat-image\">\n<div class=\"featured-image alignleft\"><a class=\"featured_post_link\" href=\"https:\/\/www.incorectpolitic.com\/pozitia-unilaterala-a-pseudo-politicienilor-din-romania-si-a-bor-in-sustinerea-israelului-singurul-stat-terorist-din-lume-arata-ca-acestia-nu-au-o-fibra-cu-adevarat-nationala\/\" title=\"Pozi\u021bia unilateral\u0103 a pseudo politicienilor din Rom\u00e2nia \u0219i a BOR \u00een sus\u021binerea Israelului, singurul stat terorist din lume, arat\u0103 c\u0103 ace\u0219tia nu au o fibr\u0103 cu adev\u0103rat na\u021bional\u0103\"><img loading=\"lazy\" decoding=\"async\" width=\"150\" height=\"89\" src=\"https:\/\/www.incorectpolitic.com\/wp-content\/uploads\/2023\/08\/circumcision.png\" class=\"attachment-thumbnail size-thumbnail wp-post-image lazyload\" alt><img loading=\"lazy\" decoding=\"async\" width=\"150\" height=\"89\" src=\"https:\/\/www.incorectpolitic.com\/wp-content\/uploads\/2023\/08\/circumcision.png\" class=\"attachment-thumbnail size-thumbnail wp-post-image\" alt data-eio=\"l\"><\/a><\/div>\n<div class=\"entry-title\"><a class=\"featured_post_link\" href=\"https:\/\/www.incorectpolitic.com\/pozitia-unilaterala-a-pseudo-politicienilor-din-romania-si-a-bor-in-sustinerea-israelului-singurul-stat-terorist-din-lume-arata-ca-acestia-nu-au-o-fibra-cu-adevarat-nationala\/\" title=\"Pozi\u021bia unilateral\u0103 a pseudo politicienilor din Rom\u00e2nia \u0219i a BOR \u00een sus\u021binerea Israelului, singurul stat terorist din lume, arat\u0103 c\u0103 ace\u0219tia nu au o fibr\u0103 cu adev\u0103rat na\u021bional\u0103\">Pozi\u021bia unilateral\u0103 a pseudo politicienilor din Rom\u00e2nia \u0219i a BOR \u00een sus\u021binerea Israelului, singurul stat terorist din lume, arat\u0103 c\u0103 ace\u0219tia nu au o fibr\u0103 cu adev\u0103rat na\u021bional\u0103<\/a><\/div>\n<\/article>\n<article class=\"post-66937 post type-post status-publish entry includes-feat-image\">\n<div class=\"featured-image alignleft\"><a class=\"featured_post_link\" href=\"https:\/\/www.incorectpolitic.com\/agresiunea-impotriva-revizionistilor-istorici-si-efectele-linsajului-judiciar-de-la-nuremberg\/\" title=\"Agresiunea \u00eempotriva Revizioni\u0219tilor Istorici \u0219i efectele lin\u0219ajului judiciar de la Nurnberg\"><img loading=\"lazy\" decoding=\"async\" width=\"150\" height=\"100\" src=\"https:\/\/www.incorectpolitic.com\/wp-content\/uploads\/2023\/04\/image_2023-04-30_134634134.png\" class=\"attachment-thumbnail size-thumbnail wp-post-image lazyload\" alt><img loading=\"lazy\" decoding=\"async\" width=\"150\" height=\"100\" src=\"https:\/\/www.incorectpolitic.com\/wp-content\/uploads\/2023\/04\/image_2023-04-30_134634134.png\" class=\"attachment-thumbnail size-thumbnail wp-post-image\" alt data-eio=\"l\"><\/a><\/div>\n<div class=\"entry-title\"><a class=\"featured_post_link\" href=\"https:\/\/www.incorectpolitic.com\/agresiunea-impotriva-revizionistilor-istorici-si-efectele-linsajului-judiciar-de-la-nuremberg\/\" title=\"Agresiunea \u00eempotriva Revizioni\u0219tilor Istorici \u0219i efectele lin\u0219ajului judiciar de la Nurnberg\">Agresiunea \u00eempotriva Revizioni\u0219tilor Istorici \u0219i efectele lin\u0219ajului judiciar de la Nurnberg<\/a><\/div>\n<\/article>\n<article class=\"post-19111 post type-post status-publish entry includes-feat-image\">\n<div class=\"featured-image alignleft\"><a class=\"featured_post_link\" href=\"https:\/\/www.incorectpolitic.com\/despre-adevar\/\" title=\"Despre Adev\u0103r\"><img loading=\"lazy\" decoding=\"async\" width=\"150\" height=\"150\" src=\"https:\/\/www.incorectpolitic.com\/wp-content\/uploads\/2019\/02\/freedomfromchain-150x150.jpg\" class=\"attachment-thumbnail size-thumbnail wp-post-image lazyload\" alt><img loading=\"lazy\" decoding=\"async\" width=\"150\" height=\"150\" src=\"https:\/\/www.incorectpolitic.com\/wp-content\/uploads\/2019\/02\/freedomfromchain-150x150.jpg\" class=\"attachment-thumbnail size-thumbnail wp-post-image\" alt data-eio=\"l\"><\/a><\/div>\n<div class=\"entry-title\"><a class=\"featured_post_link\" href=\"https:\/\/www.incorectpolitic.com\/despre-adevar\/\" title=\"Despre Adev\u0103r\">Despre Adev\u0103r<\/a><\/div>\n<\/article>\n<article class=\"post-53767 post type-post status-publish entry includes-feat-image\">\n<div class=\"featured-image alignleft\"><a class=\"featured_post_link\" href=\"https:\/\/www.incorectpolitic.com\/dictionarul-coincidentelor-cine-sunt-iudeii-care-ne-au-influentat-tara-in-istoria-recenta\/\" title=\"DIC\u021aIONARUL COINCIDEN\u021aELOR  \u2013 Cine sunt iudeii care ne-au influen\u021bat \u021bara \u00een istoria recent\u0103\"><img loading=\"lazy\" decoding=\"async\" width=\"150\" height=\"150\" src=\"https:\/\/www.incorectpolitic.com\/wp-content\/uploads\/2021\/09\/coinc-150x150.png\" class=\"attachment-thumbnail size-thumbnail wp-post-image lazyload\" alt><img loading=\"lazy\" decoding=\"async\" width=\"150\" height=\"150\" src=\"https:\/\/www.incorectpolitic.com\/wp-content\/uploads\/2021\/09\/coinc-150x150.png\" class=\"attachment-thumbnail size-thumbnail wp-post-image\" alt data-eio=\"l\"><\/a><\/div>\n<div class=\"entry-title\"><a class=\"featured_post_link\" href=\"https:\/\/www.incorectpolitic.com\/dictionarul-coincidentelor-cine-sunt-iudeii-care-ne-au-influentat-tara-in-istoria-recenta\/\" title=\"DIC\u021aIONARUL COINCIDEN\u021aELOR  \u2013 Cine sunt iudeii care ne-au influen\u021bat \u021bara \u00een istoria recent\u0103\">DIC\u021aIONARUL COINCIDEN\u021aELOR  \u2013 Cine sunt iudeii care ne-au influen\u021bat \u021bara \u00een istoria recent\u0103<\/a><\/div>\n<\/article>\n<article class=\"post-51156 post type-post status-publish entry includes-feat-image\">\n<div class=\"featured-image alignleft\"><a class=\"featured_post_link\" href=\"https:\/\/www.incorectpolitic.com\/desertaciune-nu-aparare\/\" title=\"DE\u0218ERT\u0102CIUNE?! Nu, AP\u0102RARE!\"><img loading=\"lazy\" decoding=\"async\" width=\"150\" height=\"150\" class=\"attachment-thumbnail size-thumbnail wp-post-image lazyload\" alt src=\"https:\/\/www.incorectpolitic.com\/wp-content\/uploads\/2021\/06\/desertaciune-nu-aparare-150x150.jpg\"><img loading=\"lazy\" decoding=\"async\" width=\"150\" height=\"150\" src=\"https:\/\/www.incorectpolitic.com\/wp-content\/uploads\/2021\/06\/desertaciune-nu-aparare-150x150.jpg\" class=\"attachment-thumbnail size-thumbnail wp-post-image\" alt data-eio=\"l\"><\/a><\/div>\n<div class=\"entry-title\"><a class=\"featured_post_link\" href=\"https:\/\/www.incorectpolitic.com\/desertaciune-nu-aparare\/\" title=\"DE\u0218ERT\u0102CIUNE?! Nu, AP\u0102RARE!\">DE\u0218ERT\u0102CIUNE?! Nu, AP\u0102RARE!<\/a><\/div>\n<\/article>\n<article class=\"post-44728 post type-post status-publish entry includes-feat-image\">\n<div class=\"featured-image alignleft\"><a class=\"featured_post_link\" href=\"https:\/\/www.incorectpolitic.com\/resetarea-medicinei-sau-resetarea-omenirii-prin-nanotehnologie\/\" title=\"Resetarea Medicinei sau Resetarea Omenirii prin Nanotehnologie\"><img loading=\"lazy\" decoding=\"async\" width=\"150\" height=\"150\" src=\"https:\/\/www.incorectpolitic.com\/wp-content\/uploads\/2020\/12\/ed8a914d6d236c9d231903a8b2e79f63-150x150.gif\" class=\"attachment-thumbnail size-thumbnail wp-post-image lazyload\" alt><img loading=\"lazy\" decoding=\"async\" width=\"150\" height=\"150\" src=\"https:\/\/www.incorectpolitic.com\/wp-content\/uploads\/2020\/12\/ed8a914d6d236c9d231903a8b2e79f63-150x150.gif\" class=\"attachment-thumbnail size-thumbnail wp-post-image\" alt data-eio=\"l\"><\/a><\/div>\n<div class=\"entry-title\"><a class=\"featured_post_link\" href=\"https:\/\/www.incorectpolitic.com\/resetarea-medicinei-sau-resetarea-omenirii-prin-nanotehnologie\/\" title=\"Resetarea Medicinei sau Resetarea Omenirii prin Nanotehnologie\">Resetarea Medicinei sau Resetarea Omenirii prin Nanotehnologie<\/a><\/div>\n<\/article>\n<article class=\"post-43837 post type-post status-publish entry includes-feat-image\">\n<div class=\"featured-image alignleft\"><a class=\"featured_post_link\" href=\"https:\/\/www.incorectpolitic.com\/noul-legamant\/\" title=\"Noul Leg\u0103m\u00e2nt\"><img loading=\"lazy\" decoding=\"async\" width=\"150\" height=\"150\" src=\"https:\/\/www.incorectpolitic.com\/wp-content\/uploads\/2020\/12\/NL-150x150.jpg\" class=\"attachment-thumbnail size-thumbnail wp-post-image lazyload\" alt><img loading=\"lazy\" decoding=\"async\" width=\"150\" height=\"150\" src=\"https:\/\/www.incorectpolitic.com\/wp-content\/uploads\/2020\/12\/NL-150x150.jpg\" class=\"attachment-thumbnail size-thumbnail wp-post-image\" alt data-eio=\"l\"><\/a><\/div>\n<div class=\"entry-title\"><a class=\"featured_post_link\" href=\"https:\/\/www.incorectpolitic.com\/noul-legamant\/\" title=\"Noul Leg\u0103m\u00e2nt\">Noul Leg\u0103m\u00e2nt<\/a><\/div>\n<\/article>\n<article class=\"post-42525 post type-post status-publish entry includes-feat-image\">\n<div class=\"featured-image alignleft\"><a class=\"featured_post_link\" href=\"https:\/\/www.incorectpolitic.com\/vaccinarea-inseamna-crima-un-atentat-la-sanatatea-personala-la-integritatea-corporala-si-intimitatea-oricarui-om-liber-medicul-ce-vaccineaza-cu-forta-un-om-liber-merita-sa-fie-pedepsit-de-acesta\/\" title=\"Vaccinarea \u00eenseamn\u0103 crim\u0103, un atentat la s\u0103n\u0103tatea personal\u0103, la integritatea corporal\u0103 \u0219i intimitatea oric\u0103rui om liber. Medicul ce vaccineaz\u0103 cu for\u021ba un om liber merit\u0103 s\u0103 fie pedepsit de acesta\"><img loading=\"lazy\" decoding=\"async\" width=\"150\" height=\"150\" src=\"https:\/\/www.incorectpolitic.com\/wp-content\/uploads\/2020\/11\/syringe_0-150x150.jpg\" class=\"attachment-thumbnail size-thumbnail wp-post-image lazyload\" alt><img loading=\"lazy\" decoding=\"async\" width=\"150\" height=\"150\" src=\"https:\/\/www.incorectpolitic.com\/wp-content\/uploads\/2020\/11\/syringe_0-150x150.jpg\" class=\"attachment-thumbnail size-thumbnail wp-post-image\" alt data-eio=\"l\"><\/a><\/div>\n<div class=\"entry-title\"><a class=\"featured_post_link\" href=\"https:\/\/www.incorectpolitic.com\/vaccinarea-inseamna-crima-un-atentat-la-sanatatea-personala-la-integritatea-corporala-si-intimitatea-oricarui-om-liber-medicul-ce-vaccineaza-cu-forta-un-om-liber-merita-sa-fie-pedepsit-de-acesta\/\" title=\"Vaccinarea \u00eenseamn\u0103 crim\u0103, un atentat la s\u0103n\u0103tatea personal\u0103, la integritatea corporal\u0103 \u0219i intimitatea oric\u0103rui om liber. Medicul ce vaccineaz\u0103 cu for\u021ba un om liber merit\u0103 s\u0103 fie pedepsit de acesta\">Vaccinarea \u00eenseamn\u0103 crim\u0103, un atentat la s\u0103n\u0103tatea personal\u0103, la integritatea corporal\u0103 \u0219i intimitatea oric\u0103rui om liber. Medicul ce vaccineaz\u0103 cu for\u021ba un om liber merit\u0103 s\u0103 fie pedepsit de acesta<\/a><\/div>\n<\/article>\n<article class=\"post-38338 post type-post status-publish entry includes-feat-image\">\n<div class=\"featured-image alignleft\"><a class=\"featured_post_link\" href=\"https:\/\/www.incorectpolitic.com\/trebuie-sa-distrugem-suprematia-jidoveasca\/\" title=\"Trebuie s\u0103 distrugem superma\u021bia jidoveasc\u0103!\"><img loading=\"lazy\" decoding=\"async\" width=\"150\" height=\"150\" src=\"https:\/\/www.incorectpolitic.com\/wp-content\/uploads\/2018\/11\/GunoiOPS-150x150.png\" class=\"attachment-thumbnail size-thumbnail wp-post-image lazyload\" alt><img loading=\"lazy\" decoding=\"async\" width=\"150\" height=\"150\" src=\"https:\/\/www.incorectpolitic.com\/wp-content\/uploads\/2018\/11\/GunoiOPS-150x150.png\" class=\"attachment-thumbnail size-thumbnail wp-post-image\" alt data-eio=\"l\"><\/a><\/div>\n<div class=\"entry-title\"><a class=\"featured_post_link\" href=\"https:\/\/www.incorectpolitic.com\/trebuie-sa-distrugem-suprematia-jidoveasca\/\" title=\"Trebuie s\u0103 distrugem superma\u021bia jidoveasc\u0103!\">Trebuie s\u0103 distrugem superma\u021bia jidoveasc\u0103!<\/a><\/div>\n<\/article>\n<article class=\"post-30776 post type-post status-publish entry includes-feat-image\">\n<div class=\"featured-image alignleft\"><a class=\"featured_post_link\" href=\"https:\/\/www.incorectpolitic.com\/da-ti-doua-palme-si-ridica-te\/\" title=\"D\u0103-\u021bi Dou\u0103 Palme \u0219i Ridic\u0103-te\"><img loading=\"lazy\" decoding=\"async\" width=\"150\" height=\"150\" src=\"https:\/\/www.incorectpolitic.com\/wp-content\/uploads\/2019\/11\/1-mai-620x350-150x150.jpg\" class=\"attachment-thumbnail size-thumbnail wp-post-image lazyload\" alt><img loading=\"lazy\" decoding=\"async\" width=\"150\" height=\"150\" src=\"https:\/\/www.incorectpolitic.com\/wp-content\/uploads\/2019\/11\/1-mai-620x350-150x150.jpg\" class=\"attachment-thumbnail size-thumbnail wp-post-image\" alt data-eio=\"l\"><\/a><\/div>\n<div class=\"entry-title\"><a class=\"featured_post_link\" href=\"https:\/\/www.incorectpolitic.com\/da-ti-doua-palme-si-ridica-te\/\" title=\"D\u0103-\u021bi Dou\u0103 Palme \u0219i Ridic\u0103-te\">D\u0103-\u021bi Dou\u0103 Palme \u0219i Ridic\u0103-te<\/a><\/div>\n<\/article>\n<article class=\"post-27862 post type-post status-publish entry includes-feat-image\">\n<div class=\"featured-image alignleft\"><a class=\"featured_post_link\" href=\"https:\/\/www.incorectpolitic.com\/scrisoare-deschisa-catre-neamul-romanesc\/\" title=\"Scrisoare Deschis\u0103 C\u0103tre Neamul Rom\u00e2nesc\"><img loading=\"lazy\" decoding=\"async\" width=\"150\" height=\"150\" src=\"https:\/\/www.incorectpolitic.com\/wp-content\/uploads\/2019\/09\/videoblocks-male-hand-reload-a-revolver-magnum-gun-without-bullets-magnum-revolver-and-empty-bullet-magnum-lead-round-nose-45-auto-rim-revolver-rounds_ha1focujz_thumbnail-full01-150x150.jpg\" class=\"attachment-thumbnail size-thumbnail wp-post-image lazyload\" alt><img loading=\"lazy\" decoding=\"async\" width=\"150\" height=\"150\" src=\"https:\/\/www.incorectpolitic.com\/wp-content\/uploads\/2019\/09\/videoblocks-male-hand-reload-a-revolver-magnum-gun-without-bullets-magnum-revolver-and-empty-bullet-magnum-lead-round-nose-45-auto-rim-revolver-rounds_ha1focujz_thumbnail-full01-150x150.jpg\" class=\"attachment-thumbnail size-thumbnail wp-post-image\" alt data-eio=\"l\"><\/a><\/div>\n<div class=\"entry-title\"><a class=\"featured_post_link\" href=\"https:\/\/www.incorectpolitic.com\/scrisoare-deschisa-catre-neamul-romanesc\/\" title=\"Scrisoare Deschis\u0103 C\u0103tre Neamul Rom\u00e2nesc\">Scrisoare Deschis\u0103 C\u0103tre Neamul Rom\u00e2nesc<\/a><\/div>\n<\/article>\n<article class=\"post-26255 post type-post status-publish entry includes-feat-image\">\n<div class=\"featured-image alignleft\"><a class=\"featured_post_link\" href=\"https:\/\/www.incorectpolitic.com\/sociologia-eliberarii-si-curentele-laterale-de-sedimentare-revolutionara\/\" title=\"Sociologia Eliber\u0103rii \u0219i Curentele Laterale de Sedimentare Revolu\u021bionar\u0103\"><img loading=\"lazy\" decoding=\"async\" width=\"150\" height=\"150\" src=\"https:\/\/www.incorectpolitic.com\/wp-content\/uploads\/2020\/12\/nm3-150x150.png\" class=\"attachment-thumbnail size-thumbnail wp-post-image lazyload\" alt><img loading=\"lazy\" decoding=\"async\" width=\"150\" height=\"150\" src=\"https:\/\/www.incorectpolitic.com\/wp-content\/uploads\/2020\/12\/nm3-150x150.png\" class=\"attachment-thumbnail size-thumbnail wp-post-image\" alt data-eio=\"l\"><\/a><\/div>\n<div class=\"entry-title\"><a class=\"featured_post_link\" href=\"https:\/\/www.incorectpolitic.com\/sociologia-eliberarii-si-curentele-laterale-de-sedimentare-revolutionara\/\" title=\"Sociologia Eliber\u0103rii \u0219i Curentele Laterale de Sedimentare Revolu\u021bionar\u0103\">Sociologia Eliber\u0103rii \u0219i Curentele Laterale de Sedimentare Revolu\u021bionar\u0103<\/a><\/div>\n<\/article>\n<article class=\"post-21977 post type-post status-publish entry includes-feat-image\">\n<div class=\"featured-image alignleft\"><a class=\"featured_post_link\" href=\"https:\/\/www.incorectpolitic.com\/impotriva-fatalismului\/\" title=\"\u00cempotriva Fatalismului\"><img loading=\"lazy\" decoding=\"async\" width=\"150\" height=\"150\" src=\"https:\/\/www.incorectpolitic.com\/wp-content\/uploads\/2019\/04\/thumb-150x150.jpg\" class=\"attachment-thumbnail size-thumbnail wp-post-image lazyload\" alt><img loading=\"lazy\" decoding=\"async\" width=\"150\" height=\"150\" src=\"https:\/\/www.incorectpolitic.com\/wp-content\/uploads\/2019\/04\/thumb-150x150.jpg\" class=\"attachment-thumbnail size-thumbnail wp-post-image\" alt data-eio=\"l\"><\/a><\/div>\n<div class=\"entry-title\"><a class=\"featured_post_link\" href=\"https:\/\/www.incorectpolitic.com\/impotriva-fatalismului\/\" title=\"\u00cempotriva Fatalismului\">\u00cempotriva Fatalismului<\/a><\/div>\n<\/article>\n<article class=\"post-20844 post type-post status-publish entry includes-feat-image\">\n<div class=\"featured-image alignleft\"><a class=\"featured_post_link\" href=\"https:\/\/www.incorectpolitic.com\/inceputul-etapei-post-globaliste-mass-media-ultimul-obstacol\/\" title=\"\u00cenceputul Etapei Post-Globaliste \u2013  Mass Media Ultimul Obstacol\"><img loading=\"lazy\" decoding=\"async\" width=\"150\" height=\"150\" src=\"https:\/\/www.incorectpolitic.com\/wp-content\/uploads\/2019\/03\/https___cdn.cnn_.com_cnnnext_dam_assets_181202123002-yellow-vest-protest-150x150.jpg\" class=\"attachment-thumbnail size-thumbnail wp-post-image lazyload\" alt><img loading=\"lazy\" decoding=\"async\" width=\"150\" height=\"150\" src=\"https:\/\/www.incorectpolitic.com\/wp-content\/uploads\/2019\/03\/https___cdn.cnn_.com_cnnnext_dam_assets_181202123002-yellow-vest-protest-150x150.jpg\" class=\"attachment-thumbnail size-thumbnail wp-post-image\" alt data-eio=\"l\"><\/a><\/div>\n<div class=\"entry-title\"><a class=\"featured_post_link\" href=\"https:\/\/www.incorectpolitic.com\/inceputul-etapei-post-globaliste-mass-media-ultimul-obstacol\/\" title=\"\u00cenceputul Etapei Post-Globaliste \u2013  Mass Media Ultimul Obstacol\">\u00cenceputul Etapei Post-Globaliste \u2013  Mass Media Ultimul Obstacol<\/a><\/div>\n<\/article>\n<article class=\"post-19704 post type-post status-publish entry includes-feat-image\">\n<div class=\"featured-image alignleft\"><a class=\"featured_post_link\" href=\"https:\/\/www.incorectpolitic.com\/mlastina-mass-media-serial-complet\/\" title=\"Mla\u0219tina Mass Media  \u2013 Serial Complet\"><img loading=\"lazy\" decoding=\"async\" width=\"150\" height=\"150\" src=\"https:\/\/www.incorectpolitic.com\/wp-content\/uploads\/2018\/06\/colaj-modificat-1-768x278-150x150.jpg\" class=\"attachment-thumbnail size-thumbnail wp-post-image lazyload\" alt><img loading=\"lazy\" decoding=\"async\" width=\"150\" height=\"150\" src=\"https:\/\/www.incorectpolitic.com\/wp-content\/uploads\/2018\/06\/colaj-modificat-1-768x278-150x150.jpg\" class=\"attachment-thumbnail size-thumbnail wp-post-image\" alt data-eio=\"l\"><\/a><\/div>\n<div class=\"entry-title\"><a class=\"featured_post_link\" href=\"https:\/\/www.incorectpolitic.com\/mlastina-mass-media-serial-complet\/\" title=\"Mla\u0219tina Mass Media  \u2013 Serial Complet\">Mla\u0219tina Mass Media  \u2013 Serial Complet<\/a><\/div>\n<\/article>\n<article class=\"post-5104 post type-post status-publish entry includes-feat-image\">\n<div class=\"featured-image alignleft\"><a class=\"featured_post_link\" href=\"https:\/\/www.incorectpolitic.com\/momentul-1937\/\" title=\"Momentul 1937\"><img loading=\"lazy\" decoding=\"async\" width=\"150\" height=\"150\" src=\"https:\/\/www.incorectpolitic.com\/wp-content\/uploads\/2018\/03\/capitanul-codreanu2003a-150x150.jpg\" class=\"attachment-thumbnail size-thumbnail wp-post-image lazyload\" alt><img loading=\"lazy\" decoding=\"async\" width=\"150\" height=\"150\" src=\"https:\/\/www.incorectpolitic.com\/wp-content\/uploads\/2018\/03\/capitanul-codreanu2003a-150x150.jpg\" class=\"attachment-thumbnail size-thumbnail wp-post-image\" alt data-eio=\"l\"><\/a><\/div>\n<div class=\"entry-title\"><a class=\"featured_post_link\" href=\"https:\/\/www.incorectpolitic.com\/momentul-1937\/\" title=\"Momentul 1937\">Momentul 1937<\/a><\/div>\n<\/article>\n<article class=\"post-16914 post type-post status-publish entry includes-feat-image\">\n<div class=\"featured-image alignleft\"><a class=\"featured_post_link\" href=\"https:\/\/www.incorectpolitic.com\/portretul-romanului-iudeo-crestin\/\" title=\"Portretul Rom\u00e2nului Iudeo-Cre\u0219tin Iubitor de Infanticid\"><img loading=\"lazy\" decoding=\"async\" width=\"150\" height=\"150\" src=\"https:\/\/www.incorectpolitic.com\/wp-content\/uploads\/2019\/01\/venn-150x150.jpg\" class=\"attachment-thumbnail size-thumbnail wp-post-image lazyload\" alt><img loading=\"lazy\" decoding=\"async\" width=\"150\" height=\"150\" src=\"https:\/\/www.incorectpolitic.com\/wp-content\/uploads\/2019\/01\/venn-150x150.jpg\" class=\"attachment-thumbnail size-thumbnail wp-post-image\" alt data-eio=\"l\"><\/a><\/div>\n<div class=\"entry-title\"><a class=\"featured_post_link\" href=\"https:\/\/www.incorectpolitic.com\/portretul-romanului-iudeo-crestin\/\" title=\"Portretul Rom\u00e2nului Iudeo-Cre\u0219tin Iubitor de Infanticid\">Portretul Rom\u00e2nului Iudeo-Cre\u0219tin Iubitor de Infanticid<\/a><\/div>\n<\/article>\n<article class=\"post-13899 post type-post status-publish entry includes-feat-image\">\n<div class=\"featured-image alignleft\"><a class=\"featured_post_link\" href=\"https:\/\/www.incorectpolitic.com\/manifest-impotriva-national-sionismului\/\" title=\"Manifest \u00cempotriva Na\u021bional-Sionismului din Rom\u00e2nia\"><img loading=\"lazy\" decoding=\"async\" width=\"150\" height=\"150\" src=\"https:\/\/www.incorectpolitic.com\/wp-content\/uploads\/2018\/10\/z1-150x150.png\" class=\"attachment-thumbnail size-thumbnail wp-post-image lazyload\" alt><img loading=\"lazy\" decoding=\"async\" width=\"150\" height=\"150\" src=\"https:\/\/www.incorectpolitic.com\/wp-content\/uploads\/2018\/10\/z1-150x150.png\" class=\"attachment-thumbnail size-thumbnail wp-post-image\" alt data-eio=\"l\"><\/a><\/div>\n<div class=\"entry-title\"><a class=\"featured_post_link\" href=\"https:\/\/www.incorectpolitic.com\/manifest-impotriva-national-sionismului\/\" title=\"Manifest \u00cempotriva Na\u021bional-Sionismului din Rom\u00e2nia\">Manifest \u00cempotriva Na\u021bional-Sionismului din Rom\u00e2nia<\/a><\/div>\n<\/article>\n<article class=\"post-7498 post type-post status-publish entry includes-feat-image\">\n<div class=\"featured-image alignleft\"><a class=\"featured_post_link\" href=\"https:\/\/www.incorectpolitic.com\/istorie-zydokomuna-cea-mai-completa-lista-a-nomenclaturii-iudeo-bolsevice-din-romania\/\" title=\"Istorie: \u017bYDOKOMUNA, Cea Mai Complet\u0103 List\u0103 a Nomenclaturii Iudeo-Bol\u0219evice din Rom\u00e2nia\"><img loading=\"lazy\" decoding=\"async\" width=\"150\" height=\"150\" src=\"https:\/\/www.incorectpolitic.com\/wp-content\/uploads\/2018\/06\/holocaustul-rosu-150x150.jpg\" class=\"attachment-thumbnail size-thumbnail wp-post-image lazyload\" alt><img loading=\"lazy\" decoding=\"async\" width=\"150\" height=\"150\" src=\"https:\/\/www.incorectpolitic.com\/wp-content\/uploads\/2018\/06\/holocaustul-rosu-150x150.jpg\" class=\"attachment-thumbnail size-thumbnail wp-post-image\" alt data-eio=\"l\"><\/a><\/div>\n<div class=\"entry-title\"><a class=\"featured_post_link\" href=\"https:\/\/www.incorectpolitic.com\/istorie-zydokomuna-cea-mai-completa-lista-a-nomenclaturii-iudeo-bolsevice-din-romania\/\" title=\"Istorie: \u017bYDOKOMUNA, Cea Mai Complet\u0103 List\u0103 a Nomenclaturii Iudeo-Bol\u0219evice din Rom\u00e2nia\">Istorie: \u017bYDOKOMUNA, Cea Mai Complet\u0103 List\u0103 a Nomenclaturii Iudeo-Bol\u0219evice din Rom\u00e2nia<\/a><\/div>\n<\/article>\n<article class=\"post-6413 post type-post status-publish entry includes-feat-image\">\n<div class=\"featured-image alignleft\"><a class=\"featured_post_link\" href=\"https:\/\/www.incorectpolitic.com\/iudaismul-este-un-proiect-politic\/\" title=\"Iudaismul Este Un Proiect Politic\"><img loading=\"lazy\" decoding=\"async\" width=\"150\" height=\"150\" src=\"https:\/\/www.incorectpolitic.com\/wp-content\/uploads\/2018\/05\/israelzionismjudaism5-150x150.jpeg\" class=\"attachment-thumbnail size-thumbnail wp-post-image lazyload\" alt><img loading=\"lazy\" decoding=\"async\" width=\"150\" height=\"150\" src=\"https:\/\/www.incorectpolitic.com\/wp-content\/uploads\/2018\/05\/israelzionismjudaism5-150x150.jpeg\" class=\"attachment-thumbnail size-thumbnail wp-post-image\" alt data-eio=\"l\"><\/a><\/div>\n<div class=\"entry-title\"><a class=\"featured_post_link\" href=\"https:\/\/www.incorectpolitic.com\/iudaismul-este-un-proiect-politic\/\" title=\"Iudaismul Este Un Proiect Politic\">Iudaismul Este Un Proiect Politic<\/a><\/div>\n<\/article>\n<article class=\"post-5089 post type-post status-publish entry includes-feat-image\">\n<div class=\"featured-image alignleft\"><a class=\"featured_post_link\" href=\"https:\/\/www.incorectpolitic.com\/exploziv-si-excluziv-interviul-interzis-in-presa-romaneasca\/\" title=\"EXPLOZIV \u0218I EXCLUSIV: Interviul INTERZIS \u00een Presa Rom\u00e2neasc\u0103\"><img loading=\"lazy\" decoding=\"async\" width=\"150\" height=\"150\" src=\"https:\/\/www.incorectpolitic.com\/wp-content\/uploads\/2018\/03\/gscz6z-150x150.gif\" class=\"attachment-thumbnail size-thumbnail wp-post-image lazyload\" alt><img loading=\"lazy\" decoding=\"async\" width=\"150\" height=\"150\" src=\"https:\/\/www.incorectpolitic.com\/wp-content\/uploads\/2018\/03\/gscz6z-150x150.gif\" class=\"attachment-thumbnail size-thumbnail wp-post-image\" alt data-eio=\"l\"><\/a><\/div>\n<div class=\"entry-title\"><a class=\"featured_post_link\" href=\"https:\/\/www.incorectpolitic.com\/exploziv-si-excluziv-interviul-interzis-in-presa-romaneasca\/\" title=\"EXPLOZIV \u0218I EXCLUSIV: Interviul INTERZIS \u00een Presa Rom\u00e2neasc\u0103\">EXPLOZIV \u0218I EXCLUSIV: Interviul INTERZIS \u00een Presa Rom\u00e2neasc\u0103<\/a><\/div>\n<\/article>\n<article class=\"post-1109 post type-post status-publish entry includes-feat-image\">\n<div class=\"featured-image alignleft\"><a class=\"featured_post_link\" href=\"https:\/\/www.incorectpolitic.com\/ofensiva-spirituala-poloniei\/\" title=\"Ofensiva Spiritual\u0103 a Poloniei\"><img loading=\"lazy\" decoding=\"async\" width=\"150\" height=\"150\" src=\"https:\/\/www.incorectpolitic.com\/wp-content\/uploads\/2017\/10\/jesus-with-whip3-150x150.jpg\" class=\"attachment-thumbnail size-thumbnail wp-post-image lazyload\" alt><img loading=\"lazy\" decoding=\"async\" width=\"150\" height=\"150\" src=\"https:\/\/www.incorectpolitic.com\/wp-content\/uploads\/2017\/10\/jesus-with-whip3-150x150.jpg\" class=\"attachment-thumbnail size-thumbnail wp-post-image\" alt data-eio=\"l\"><\/a><\/div>\n<div class=\"entry-title\"><a class=\"featured_post_link\" href=\"https:\/\/www.incorectpolitic.com\/ofensiva-spirituala-poloniei\/\" title=\"Ofensiva Spiritual\u0103 a Poloniei\">Ofensiva Spiritual\u0103 a Poloniei<\/a><\/div>\n<\/article>\n<article class=\"post-5673 post type-post status-publish entry includes-feat-image\">\n<div class=\"featured-image alignleft\"><a class=\"featured_post_link\" href=\"https:\/\/www.incorectpolitic.com\/biciul-prigonirii-romanilor-este-in-mana-jidanilor\/\" title=\"Biciul Prigonirii Rom\u00e2nilor Este \u00een M\u00e2na Jidanilor!\"><img loading=\"lazy\" decoding=\"async\" width=\"150\" height=\"150\" src=\"https:\/\/www.incorectpolitic.com\/wp-content\/uploads\/2018\/04\/S.-Vexler-si-B.-Netanyahu-150x150.jpg\" class=\"attachment-thumbnail size-thumbnail wp-post-image lazyload\" alt><img loading=\"lazy\" decoding=\"async\" width=\"150\" height=\"150\" src=\"https:\/\/www.incorectpolitic.com\/wp-content\/uploads\/2018\/04\/S.-Vexler-si-B.-Netanyahu-150x150.jpg\" class=\"attachment-thumbnail size-thumbnail wp-post-image\" alt data-eio=\"l\"><\/a><\/div>\n<div class=\"entry-title\"><a class=\"featured_post_link\" href=\"https:\/\/www.incorectpolitic.com\/biciul-prigonirii-romanilor-este-in-mana-jidanilor\/\" title=\"Biciul Prigonirii Rom\u00e2nilor Este \u00een M\u00e2na Jidanilor!\">Biciul Prigonirii Rom\u00e2nilor Este \u00een M\u00e2na Jidanilor!<\/a><\/div>\n<\/article>\n<article class=\"post-80464 post type-post status-publish entry includes-feat-image\">\n<div class=\"featured-image alignleft\"><a class=\"featured_post_link\" href=\"https:\/\/www.incorectpolitic.com\/talmudismul-este-esenta-satanismului\/\" title=\"TALMUDISMUL ESTE ESEN\u021aA SATANISMULUI\"><img loading=\"lazy\" decoding=\"async\" width=\"150\" height=\"150\" src=\"https:\/\/www.incorectpolitic.com\/wp-content\/uploads\/2020\/02\/vasile-zarnescu-150x150.png\" class=\"attachment-thumbnail size-thumbnail wp-post-image lazyload\" alt><img loading=\"lazy\" decoding=\"async\" width=\"150\" height=\"150\" src=\"https:\/\/www.incorectpolitic.com\/wp-content\/uploads\/2020\/02\/vasile-zarnescu-150x150.png\" class=\"attachment-thumbnail size-thumbnail wp-post-image\" alt data-eio=\"l\"><\/a><\/div>\n<div class=\"entry-title\"><a class=\"featured_post_link\" href=\"https:\/\/www.incorectpolitic.com\/talmudismul-este-esenta-satanismului\/\" title=\"TALMUDISMUL ESTE ESEN\u021aA SATANISMULUI\">TALMUDISMUL ESTE ESEN\u021aA SATANISMULUI<\/a><\/div>\n<\/article>\n<article class=\"post-20005 post type-post status-publish entry includes-feat-image\">\n<div class=\"featured-image alignleft\"><a class=\"featured_post_link\" href=\"https:\/\/www.incorectpolitic.com\/viciul-matematic-elementar-v-m-e-2\/\" title=\"Viciul Matematic Elementar (V.M.E.)\"><img loading=\"lazy\" decoding=\"async\" width=\"150\" height=\"150\" src=\"https:\/\/www.incorectpolitic.com\/wp-content\/uploads\/2017\/12\/tell-lie-vision-150x150.jpg\" class=\"attachment-thumbnail size-thumbnail wp-post-image lazyload\" alt><img loading=\"lazy\" decoding=\"async\" width=\"150\" height=\"150\" src=\"https:\/\/www.incorectpolitic.com\/wp-content\/uploads\/2017\/12\/tell-lie-vision-150x150.jpg\" class=\"attachment-thumbnail size-thumbnail wp-post-image\" alt data-eio=\"l\"><\/a><\/div>\n<div class=\"entry-title\"><a class=\"featured_post_link\" href=\"https:\/\/www.incorectpolitic.com\/viciul-matematic-elementar-v-m-e-2\/\" title=\"Viciul Matematic Elementar (V.M.E.)\">Viciul Matematic Elementar (V.M.E.)<\/a><\/div>\n<\/article>\n<p>[analyse_source url=&#8221;https:\/\/www.incorectpolitic.com\/monstrii-care-traiesc-printre-noi-panta-alunecoasa-a-urii-viscerale-promovate-sub-ambalajul-lgbt\/&#8221;]<\/p>\n","protected":false},"excerpt":{"rendered":"<p>[analyse_image type=&#8221;featured&#8221; src=&#8221;https:\/\/www.incorectpolitic.com\/wp-content\/uploads\/2026\/06\/lerca1.png&#8221;] Sterie CiumettiIncorect Politic Iunie 15, 2026 \u00a0 MON\u0218TRII care tr\u0103iesc printre noi! Panta alunecoas\u0103 a urii viscerale promovate sub ambalajul \u201cLGBT\u201d \u00a0 Dup\u0103 decenii \u00een care au pretins c\u0103 vor doar s\u0103 fie tolera\u021bi \u0219i accepta\u021bi, hoardele LGBT \u00ee\u0219i dau arama pe fa\u021b\u0103 prin reprezentantul lor agresiv, tranil\u0103ul Antonella Lerca Duda. Acesta, [&hellip;]<\/p>\n","protected":false},"author":1,"featured_media":0,"comment_status":"open","ping_status":"","sticky":false,"template":"","format":"standard","meta":{"footnotes":""},"categories":[89],"tags":[226,95],"class_list":["post-1993107","post","type-post","status-publish","format-standard","hentry","category-romania","tag-crawlmanager","tag-incorectpolitic-com"],"_links":{"self":[{"href":"https:\/\/analyse.optim.biz\/index.php?rest_route=\/wp\/v2\/posts\/1993107","targetHints":{"allow":["GET"]}}],"collection":[{"href":"https:\/\/analyse.optim.biz\/index.php?rest_route=\/wp\/v2\/posts"}],"about":[{"href":"https:\/\/analyse.optim.biz\/index.php?rest_route=\/wp\/v2\/types\/post"}],"author":[{"embeddable":true,"href":"https:\/\/analyse.optim.biz\/index.php?rest_route=\/wp\/v2\/users\/1"}],"replies":[{"embeddable":true,"href":"https:\/\/analyse.optim.biz\/index.php?rest_route=%2Fwp%2Fv2%2Fcomments&post=1993107"}],"version-history":[{"count":0,"href":"https:\/\/analyse.optim.biz\/index.php?rest_route=\/wp\/v2\/posts\/1993107\/revisions"}],"wp:attachment":[{"href":"https:\/\/analyse.optim.biz\/index.php?rest_route=%2Fwp%2Fv2%2Fmedia&parent=1993107"}],"wp:term":[{"taxonomy":"category","embeddable":true,"href":"https:\/\/analyse.optim.biz\/index.php?rest_route=%2Fwp%2Fv2%2Fcategories&post=1993107"},{"taxonomy":"post_tag","embeddable":true,"href":"https:\/\/analyse.optim.biz\/index.php?rest_route=%2Fwp%2Fv2%2Ftags&post=1993107"}],"curies":[{"name":"wp","href":"https:\/\/api.w.org\/{rel}","templated":true}]}}