{"id":199289,"date":"2014-08-14T16:49:52","date_gmt":"2014-08-14T13:49:52","guid":{"rendered":"https:\/\/analyse.optim.biz\/?p=199289"},"modified":"2014-08-14T16:49:52","modified_gmt":"2014-08-14T13:49:52","slug":"traian-basescu-suntem-in-recesiune-cum-este-posibil-sa-ne-spuna-acest-lucru-ue-nu-ins","status":"publish","type":"post","link":"https:\/\/analyse.optim.biz\/?p=199289","title":{"rendered":"Traian B\u0103sescu: Suntem \u00een recesiune. Cum este posibil s\u0103 ne spun\u0103 acest lucru UE, nu INS?"},"content":{"rendered":"<div class=\"entry data-app-meta data-app-meta-article\" data-embed-base-url-canonical=\"https:\/\/www.digi24.ro\/embed\/stiri\/actualitate\/politica\/traian-basescu-suntem-in-recesiune-cum-este-posibil-sa-ne-spuna-acest-lucru-ue-nu-ins-281397\">\n<hr>\n<p data-index=\"1\"><strong>Principalele declara\u021bii ale pre\u0219edintelui:<\/strong><\/p>\n<p data-index=\"2\">\u00cei informez pe rom\u00e2ni pentru c\u0103 am mai v\u0103zut acest film. Lui Ponta \u00eei duduie economia \u00een cap, pentru c\u0103 \u00een realitate a \u00eenceput s\u0103 se deprecize.<strong>\u00a0\u00cen conformitate cu standardele europene Rom\u00e2nia a intrat \u00een recesiune.<\/strong><\/p>\n<p data-index=\"3\">Pentru c\u0103 nu vreau s\u0103 avem diferende pe defini\u021bii, indiferent ce defini\u021bii ar utiliza \u201eDottore\u201d.\u00a0Recesiune \u00eenseamn\u0103 dou\u0103 trimestre succesive cu sc\u0103dere a cre\u0219terii economice fa\u021b\u0103 de trimestrul anterior. Rom\u00e2nia se afl\u0103 \u00een aceast\u0103 situa\u021bie, chiar dac\u0103 fa\u021b\u0103 de anul 2013 are o u\u0219oar\u0103 cre\u0219tere economic\u0103. Dar economia a intrat deja \u00een declin, \u00een dou\u0103 trimestre conscutive.<\/p>\n<p data-index=\"4\">Economia Rom\u00e2niei a intrat \u00een recesiune.<\/p>\n<p data-index=\"5\"><strong>Cauzele recesiunii\u00a0<\/strong><\/p>\n<p data-index=\"6\">Generic vorbind, este\u00a0<strong>proasta guvernare \u015fi impresia c\u0103 suntem guverna\u0163i pentru c\u0103 premierul merge la televizor<\/strong>, unde vorbim despre economie f\u0103r\u0103 s\u0103 o \u00een\u0163eleag\u0103, \u00een urma deciilor pe care le ia.\u00a0<\/p>\n<p data-index=\"7\">\u00cen primul rand, cauza fundamental\u0103 este reducerea investi\u0163iilor, cu 22,5% fa\u0163\u0103 de primul semestru al anului trecut.<\/p>\n<p data-index=\"8\">A doua cauz\u0103, reducerea investi\u0163iilor str\u0103ine directe, care pe primele \u015fase luni scad de 10% fa\u0163\u0103 de anul trecut.\u00a0<\/p>\n<p data-index=\"9\"><strong>Un semn major de alarm\u0103 pe care l-am v\u0103zut \u00een februarie 2009<\/strong>, c\u00e2nd au ap\u0103rut datele statistice cu privire la ce s-a \u00eent\u00e2mplat \u00een octombrie 2008, c\u00e2nd duduia economia incompeten\u0163ilor T\u0103riceanu \u015fi Vosganian. \u00cen iunie, sc\u0103derea ISD este de 70% chiar. \u00a0<\/p>\n<p data-index=\"10\"><strong>Multitudinea de taxe introduse pe firme \u015fi popula\u0163ie.<\/strong>\u00a0Dou\u0103 au lucrat ca o fr\u00e2n\u0103 pentru economie: taxa pe st\u00e2lp \u015fi taxa pe combustibil de 7% eurocen\u0163i, care s-au tranmsformat \u00een 11, ca urmare a aplic\u0103rii TVA \u015fi a indicelui de infla\u0163ie.\u00a0<\/p>\n<p data-index=\"11\">O alt\u0103 cauz\u0103 major\u0103 este<strong>\u00a0lipsa de proiecte pentru absorb\u0163ia fondurilor europene<\/strong>. Se vede c\u0103 regele e gol iar minciunile lui Ponta \u015fi a lui Teodorovici nu mai pot continua.\u00a0<\/p>\n<p data-index=\"12\">Anul acesta, c\u00e2nd \u00eenc\u0103 au proiecte \u00een execu\u0163ie de la Guvernul Boc dar nu mai au proiecte pe infrastructur\u0103 \u00een ultimele \u0163ase luni, absorb\u0163ia a crescut foarte pu\u0163in.\u00a0<\/p>\n<p data-index=\"13\">Rom\u00e2nia este \u00een recesiune dup\u0103 toate standardele europene.<\/p>\n<p data-index=\"14\"><strong>Pe trimestrul 2 Rom\u00e2nia are cea mai mare sc\u0103dere din UE: 1 procent.<\/strong>\u00a0\u021a\u0103ri care mai au sc\u0103dere sunt Germania, 0,2% din PIB, Italia &#8211; 0,2% din PIB, Cipru cu 0,3% din PIB, \u00een rest toate \u021b\u0103rile sunt pe o cre\u0219tere pozitiv\u0103. Dar Rom\u00e2nia este singura \u021bar\u0103 care o cre\u0219tere negativ\u0103, sc\u0103dere, de un procent.<\/p>\n<p data-index=\"15\"><strong><span>Aceste lucruri nu mai pot fi acoperite de propaganda pontist\u0103. Proasta guvernare este o realitate. A avut toate condi\u021biile de stabilitate macroeconomice preluate de la guvernul Boc. Prin incompeten\u021b\u0103 reu\u0219e\u0219te s\u0103 creeze din nou dezechilibre macroeconomice.<\/span><\/strong><\/p>\n<p data-index=\"16\">Repet. Am mai tr\u0103it acest proces cu un guvern mincinos, al lui T\u0103riceanu, \u0219i ne preg\u0103tim din nou s\u0103 intr\u0103m \u00eentr-un astfel de proces.<\/p>\n<p data-index=\"17\">\u00cenc\u0103 nu este prea t\u00e2rziu. \u00cenc\u0103 se pot lua m\u0103surile adecvate evit\u0103rii unei intr\u0103ri \u00een criz\u0103. Dar criza este aproape. Suntem \u00een recesiune.<\/p>\n<p data-index=\"18\"><strong>Pe acest fond s-a lansat ast\u0103zi corul mincino\u0219ilor, corul incompeten\u021bilor, c\u00e2nd premierul \u0219i noii lor alia\u021bi \u00een dezechilibrarea economic\u0103 a \u021b\u0103rii, Alian\u021ba Cre\u0219tin-Liberal\u0103, format\u0103 din PNL \u0219i PDL, cere convocarea Parlamentului pentru reducerea CAS.<\/strong>\u00a0Eu nu mai candidez \u0219i \u00eemi reducerea CAS dac\u0103 este posibil\u0103. Rectificarea ne arat\u0103 c\u0103 nu sunt resurse de reducere a CAS nici m\u0103car pentu anul 2014.<\/p>\n<p data-index=\"19\">Rectificarea f\u0103cut\u0103 de Guvernul Ponta a fost una negativ\u0103, chiar dac\u0103 el a spus c\u0103 a f\u0103cut o recitificare pozitiv\u0103. Este negativ\u0103. Pentu c\u0103 au adunat cifrele \u0219i au f\u0103cut desene. Rectificarea este un desen.<\/p>\n<p data-index=\"20\"><strong>Veniturile din TVA s-au realizat \u00een propor\u0163ie de 94,3%, ceea ce \u00eenseman\u0103 o ne\u00eencasare la buget de 1,49 miliarde lei.<\/strong><\/p>\n<p data-index=\"21\"><strong>Veniturile din accize s-au realizat \u2013 97,4%, \u00eenseamn\u0103 o ne\u00eencasare de 301 milioane lei.<\/strong><\/p>\n<p data-index=\"22\"><strong>Contribu\u0163iile sociale, de unde se pl\u0103tesc \u015fi pensiile \u2013 478 ne\u00eencasa\u0163i fa\u0163\u0103 de planificat.<\/strong><\/p>\n<p data-index=\"23\">\u00cen aceste condi\u0163ii, ideea promovat\u0103, le-a\u015f spune tuturor la un loc USL, vor s\u0103 ob\u0163in\u0103 avantaje \u00een campania electoral\u0103 pe tema CAS \u00een condi\u0163iile \u00een care Rom\u00e2nia nu poate s\u0103 fac\u0103 acest lucru. Nu avem resurse, vor s\u0103 \u00eei am\u0103geasc\u0103 pe cei din economie. Reducerea CAS nu face altceva dec\u00e2t s\u0103 accelereze intrarea \u00een criz\u0103.<\/p>\n<p data-index=\"24\"><strong>\u00cei avertizez pe rom\u00e2ni s\u0103 nu se lase p\u0103c\u0103li\u0163i, pentru c\u0103 altfel la anul vor pl\u0103ti costul naivit\u0103\u0163ii.<\/strong><\/p>\n<p data-index=\"25\">Nu am s\u0103 uit niciodat\u0103 2010 c\u00e2nd m\u0103surile care au fost impuse pentru a ne echilibra, dup\u0103 ni\u015fte ac\u0163iuni propagandistice ale grup\u0103rii lui T\u0103riceanu \u015fi gruparea lui.<\/p>\n<p data-index=\"26\">Consider c\u0103 \u00ee<strong>n mod egal, liderii marilor forma\u0163iuni politice, de la putere \u015fi de la opozi\u0163ie sunt iresponsabili \u015fi mincino\u015fi, fie c\u0103 vorbim de Ponta, Iohannis sau Blaga.<\/strong><\/p>\n<p data-index=\"27\"><strong>Dac\u0103 mizeaz\u0103 c\u0103 d\u00e2nd un vot \u00een Parlament, pentru a doua oar\u0103, o s\u0103 tergiversez legea, e prea pu\u0163in probabil s\u0103 o fac.<\/strong>\u00a0<strong>Nu am \u00eentors-o pe motive constitu\u0163ionale<\/strong>, nu sunt formul\u0103ri care s\u0103 vizeze atacuri la constitu\u0163ie, ci \u00eentoarcerea legii am f\u0103cut-o pe realitatea resurselor financiare pe care le are bugetul.<\/p>\n<p data-index=\"28\"><strong>\u00cei avertizez s\u0103 nu se joace cu \u0163ara de dragul minciunilor electorale<\/strong>. Nu toate sunt acceptabile. Cele care pr\u0103bu\u015fesc \u0163ara sunt inacceptabile!<\/p>\n<p data-index=\"29\"><strong>Despre solu\u0163ii\u00a0<\/strong><\/p>\n<p data-index=\"30\"><strong>Anularea taxelor suplimentare introduse pe economie<\/strong>: anularea taxei pe st\u00e2lp, revenirea la vechiul pre\u0163 al combustibilului ar ajuta economia s\u0103 \u00eenceteze s\u0103 mai g\u00e2f\u00e2ie. Trebuie f\u0103cut\u0103 s\u0103 respire.\u00a0<\/p>\n<p data-index=\"31\">Nu reducerea CAS, va ajuta economia la revenire pe respira\u0163ie normal\u0103, ci retragerea poverilor suplimentare.\u00a0<\/p>\n<p data-index=\"32\">V\u0103d c\u0103 \u015fi INS, care a lansat o minciun\u0103 prin omisiune, revine \u015fi spune c\u0103 a trimis un formular standard din 2009.\u00a0<\/p>\n<p data-index=\"33\"><strong>Cum este posibil s\u0103 ne spun\u0103 UE c\u0103 am intrat \u00een recesiune \u015fi nu INS-ul nostru?\u00a0<\/strong><\/p>\n<p data-index=\"34\">Am impresia c\u0103 este urm\u0103toarea ins<span lang=\"en-US\">t<\/span><span>itu\u0163ie<\/span>\u00a0pus\u0103 sub salba politic\u0103, al\u0103turi de Avocatul Poporului \u015fi CNA.\u00a0<\/p>\n<p data-index=\"35\">Au plagiat un formular din 2009, \u015fi, de aceea, au omis s\u0103 spun\u0103 \u0163\u0103rii c\u0103 au intrat \u00een\u00a0<strong>recesiune<\/strong>.<\/p>\n<hr>\n<p data-index=\"36\">Declara\u021bia de pres\u0103 intervine \u00een condi\u021biile \u00een care, potrivit<a href=\"https:\/\/www.digi24.ro\/Stiri\/Digi24\/Economie\/Stiri\/Romania+a+reintrat+in+recesiune+INS+a+transmis+Eurostat+o+revizu\" target=\"_blank\" data-skip-linkfix=\"1\" rel=\"noopener\"><strong> datelor Eurostat publicate ast\u0103z<\/strong>i,<\/a>Rom\u00e2nia a \u00eenregistrat dou\u0103 semestre consecutive de cre\u0219tere economic\u0103 negativ\u0103, ceea ce \u00eenseamn\u0103 c\u0103 este \u00een recesiune tehnic\u0103. Anun\u021bul Eurostat a luat prin surprindere, \u00een condi\u021biile \u00een care a\u0219tept\u0103rile erau ca Rom\u00e2nia s\u0103 fie anun\u021bat\u0103 c\u0103 una dintre \u021b\u0103rile europene cu cea mai bun\u0103 cre\u0219tere economic\u0103.\u00a0<\/p>\n<p data-index=\"37\">Datele publicate de Eurostat arat\u0103 \u00eens\u0103 c\u0103 <strong>INS a revizuit \u00een sc\u0103dere estim\u0103rile de PIB pentru primul trimestru<\/strong>, de la o cre\u015ftere fa\u0163\u0103 de trimestrul anterior de 0,2% la o sc\u0103dere de 0,2%.<\/p>\n<p data-index=\"38\">Rom\u00e2nia s-a aflat \u00een recesiune tehnic\u0103 (dou\u0103 trimestre consecutive de sc\u0103dere a PIB comparativ cu trimestrul anterior) pentru doi ani \u015fi jum\u0103tate \u00een perioada 2008-2011 \u015fi a reintrat \u00een recesiune tehnic\u0103 la \u00eenceputul anului 2012, reu\u015find s\u0103 revin\u0103 pe cre\u015ftere p\u00e2n\u0103 la finalul acelui an.<\/p>\n<\/div>\n<p> Source URL: https:\/\/www.digi24.ro\/stiri\/actualitate\/politica\/traian-basescu-suntem-in-recesiune-cum-este-posibil-sa-ne-spuna-acest-lucru-ue-nu-ins-281397<\/p>\n","protected":false},"excerpt":{"rendered":"<p>Principalele declara\u021bii ale pre\u0219edintelui: \u00cei informez pe rom\u00e2ni pentru c\u0103 am mai v\u0103zut acest film. Lui Ponta \u00eei duduie economia \u00een cap, pentru c\u0103 \u00een realitate a \u00eenceput s\u0103 se deprecize.\u00a0\u00cen conformitate cu standardele europene Rom\u00e2nia a intrat \u00een recesiune. Pentru c\u0103 nu vreau s\u0103 avem diferende pe defini\u021bii, indiferent ce defini\u021bii ar utiliza \u201eDottore\u201d.\u00a0Recesiune [&hellip;]<\/p>\n","protected":false},"author":1,"featured_media":199290,"comment_status":"open","ping_status":"","sticky":false,"template":"","format":"standard","meta":{"footnotes":""},"categories":[2],"tags":[11],"class_list":["post-199289","post","type-post","status-publish","format-standard","has-post-thumbnail","hentry","category-politics","tag-digi24"],"_links":{"self":[{"href":"https:\/\/analyse.optim.biz\/index.php?rest_route=\/wp\/v2\/posts\/199289","targetHints":{"allow":["GET"]}}],"collection":[{"href":"https:\/\/analyse.optim.biz\/index.php?rest_route=\/wp\/v2\/posts"}],"about":[{"href":"https:\/\/analyse.optim.biz\/index.php?rest_route=\/wp\/v2\/types\/post"}],"author":[{"embeddable":true,"href":"https:\/\/analyse.optim.biz\/index.php?rest_route=\/wp\/v2\/users\/1"}],"replies":[{"embeddable":true,"href":"https:\/\/analyse.optim.biz\/index.php?rest_route=%2Fwp%2Fv2%2Fcomments&post=199289"}],"version-history":[{"count":0,"href":"https:\/\/analyse.optim.biz\/index.php?rest_route=\/wp\/v2\/posts\/199289\/revisions"}],"wp:featuredmedia":[{"embeddable":true,"href":"https:\/\/analyse.optim.biz\/index.php?rest_route=\/wp\/v2\/media\/199290"}],"wp:attachment":[{"href":"https:\/\/analyse.optim.biz\/index.php?rest_route=%2Fwp%2Fv2%2Fmedia&parent=199289"}],"wp:term":[{"taxonomy":"category","embeddable":true,"href":"https:\/\/analyse.optim.biz\/index.php?rest_route=%2Fwp%2Fv2%2Fcategories&post=199289"},{"taxonomy":"post_tag","embeddable":true,"href":"https:\/\/analyse.optim.biz\/index.php?rest_route=%2Fwp%2Fv2%2Ftags&post=199289"}],"curies":[{"name":"wp","href":"https:\/\/api.w.org\/{rel}","templated":true}]}}