{"id":199240,"date":"2014-08-15T19:48:26","date_gmt":"2014-08-15T16:48:26","guid":{"rendered":"https:\/\/analyse.optim.biz\/?p=199240"},"modified":"2014-08-15T19:48:26","modified_gmt":"2014-08-15T16:48:26","slug":"ce-au-facut-prezidentiabilii-victor-ponta-klaus-iohannis-si-elena-udrea-de-adormirea-maicii-domnului","status":"publish","type":"post","link":"https:\/\/analyse.optim.biz\/?p=199240","title":{"rendered":"Ce au f\u0103cut preziden\u021biabilii Victor Ponta, Klaus Iohannis \u0219i Elena Udrea de Adormirea Maicii Domnului"},"content":{"rendered":"<div class=\"entry data-app-meta data-app-meta-article\" data-embed-base-url-canonical=\"https:\/\/www.digi24.ro\/embed\/stiri\/actualitate\/politica\/ce-au-facut-prezidentiabilii-victor-ponta-klaus-iohannis-si-elena-udrea-de-adormirea-maicii-domnului-281874\">\n<p data-index=\"1\"><strong>Victor Ponta<\/strong> \u015fi Elena Udrea s-au \u00eentrecut \u00een apari\u0163ii politice de Sf\u00e2nta Marie. Preziden\u0163iabilul de st\u00e2nga a \u00eenceput cu inaugurarea Pie\u0163ii Sf\u00e2ntul Ioan Paul al II-lea la Cacica, \u00een jude\u021bul Suceava.<\/p>\n<div class=\"fb-post\">\n<div class=\"fb-xfbml-parse-ignore\"><a href=\"https:\/\/www.facebook.com\/victor.ponta\/photos\/a.797191406987415.1073742093.150967671609795\/797191413654081\/?type=1\" data-skip-linkfix=\"1\">Post<\/a> by <a href=\"https:\/\/www.facebook.com\/victor.ponta\" data-skip-linkfix=\"1\">Victor Ponta<\/a>.<\/div>\n<\/div>\n<p data-index=\"3\">Slujba la care au participat peste 60.000 de rom\u00e2ni l-a gr\u0103bit la Putna. Dup\u0103 ora 14:00, Victor Ponta a ajuns \u015fi la M\u0103n\u0103stirea Nicula, din Cluj. Pentru reculegere \u015fi promisiuni.<\/p>\n<div class=\"fb-post\">\n<div class=\"fb-xfbml-parse-ignore\"><a href=\"https:\/\/www.facebook.com\/EUdrea\/photos\/a.10151919628954584.1073741929.349853434583\/10152434161624584\/?type=1\" data-skip-linkfix=\"1\">Post<\/a> by <a href=\"https:\/\/www.facebook.com\/EUdrea\" data-skip-linkfix=\"1\">Elena Udrea<\/a>.<\/div>\n<\/div>\n<p data-index=\"5\">Pelerinajul pe la cele sacre au hot\u0103r\u00e2t-o pe Elena Udrea: candideaz\u0103 pentru Cotroceni din partea PMP. \u00cen t\u00e2rg \u00een Gorj a luat copii \u00een bra\u021be \u0219i a \u00eembr\u0103cat chiar un costum \u0163ig\u0103nesc. Apoi, <strong>Elena Udrea<\/strong> a participat la slujba de la M\u0103n\u0103stirea Tismana \u015fi a trecut pe la o serbare c\u00e2mpeneasc\u0103.<\/p>\n<p data-index=\"6\">\u00cen contrast cu toate acestea, contracandidatul celor doi, liderul liberal <strong>Klaus Iohannis<\/strong> s-a limitat doar la o fotografie pe Facebook, \u00een care apare al\u0103turi de membrii unei delega\u0163ii a Parlamentului Germaniei.<\/p>\n<div class=\"fb-post\">\n<div class=\"fb-xfbml-parse-ignore\"><a href=\"https:\/\/www.facebook.com\/klausiohannis\/photos\/a.632202593533662.1073741828.632184113535510\/674469552640299\/?type=1\" data-skip-linkfix=\"1\">Post<\/a> by <a href=\"https:\/\/www.facebook.com\/klausiohannis\" data-skip-linkfix=\"1\">Klaus Iohannis<\/a>.<\/div>\n<\/div>\n<\/div>\n<p> Source URL: https:\/\/www.digi24.ro\/stiri\/actualitate\/politica\/ce-au-facut-prezidentiabilii-victor-ponta-klaus-iohannis-si-elena-udrea-de-adormirea-maicii-domnului-281874<\/p>\n","protected":false},"excerpt":{"rendered":"<p>Victor Ponta \u015fi Elena Udrea s-au \u00eentrecut \u00een apari\u0163ii politice de Sf\u00e2nta Marie. Preziden\u0163iabilul de st\u00e2nga a \u00eenceput cu inaugurarea Pie\u0163ii Sf\u00e2ntul Ioan Paul al II-lea la Cacica, \u00een jude\u021bul Suceava. Post by Victor Ponta. Slujba la care au participat peste 60.000 de rom\u00e2ni l-a gr\u0103bit la Putna. Dup\u0103 ora 14:00, Victor Ponta a ajuns [&hellip;]<\/p>\n","protected":false},"author":1,"featured_media":199241,"comment_status":"open","ping_status":"","sticky":false,"template":"","format":"standard","meta":{"footnotes":""},"categories":[2],"tags":[11],"class_list":["post-199240","post","type-post","status-publish","format-standard","has-post-thumbnail","hentry","category-politics","tag-digi24"],"_links":{"self":[{"href":"https:\/\/analyse.optim.biz\/index.php?rest_route=\/wp\/v2\/posts\/199240","targetHints":{"allow":["GET"]}}],"collection":[{"href":"https:\/\/analyse.optim.biz\/index.php?rest_route=\/wp\/v2\/posts"}],"about":[{"href":"https:\/\/analyse.optim.biz\/index.php?rest_route=\/wp\/v2\/types\/post"}],"author":[{"embeddable":true,"href":"https:\/\/analyse.optim.biz\/index.php?rest_route=\/wp\/v2\/users\/1"}],"replies":[{"embeddable":true,"href":"https:\/\/analyse.optim.biz\/index.php?rest_route=%2Fwp%2Fv2%2Fcomments&post=199240"}],"version-history":[{"count":0,"href":"https:\/\/analyse.optim.biz\/index.php?rest_route=\/wp\/v2\/posts\/199240\/revisions"}],"wp:featuredmedia":[{"embeddable":true,"href":"https:\/\/analyse.optim.biz\/index.php?rest_route=\/wp\/v2\/media\/199241"}],"wp:attachment":[{"href":"https:\/\/analyse.optim.biz\/index.php?rest_route=%2Fwp%2Fv2%2Fmedia&parent=199240"}],"wp:term":[{"taxonomy":"category","embeddable":true,"href":"https:\/\/analyse.optim.biz\/index.php?rest_route=%2Fwp%2Fv2%2Fcategories&post=199240"},{"taxonomy":"post_tag","embeddable":true,"href":"https:\/\/analyse.optim.biz\/index.php?rest_route=%2Fwp%2Fv2%2Ftags&post=199240"}],"curies":[{"name":"wp","href":"https:\/\/api.w.org\/{rel}","templated":true}]}}