{"id":199229,"date":"2014-08-16T12:46:36","date_gmt":"2014-08-16T09:46:36","guid":{"rendered":"https:\/\/analyse.optim.biz\/?p=199229"},"modified":"2014-08-16T12:46:36","modified_gmt":"2014-08-16T09:46:36","slug":"batalia-pentru-prezidentiabilul-pmp-continua-mesajul-elenei-udrea-pentru-cristian-diaconescu","status":"publish","type":"post","link":"https:\/\/analyse.optim.biz\/?p=199229","title":{"rendered":"B\u0103t\u0103lia pentru preziden\u0163iabilul PMP continu\u0103. Mesajul Elenei Udrea pentru Cristian Diaconescu"},"content":{"rendered":"<div class=\"entry data-app-meta data-app-meta-article\" data-embed-base-url-canonical=\"https:\/\/www.digi24.ro\/embed\/stiri\/actualitate\/politica\/batalia-pentru-prezidentiabilul-pmp-continua-mesajul-elenei-udrea-pentru-cristian-diaconescu-282003\">\n<p data-index=\"1\">Anun\u0163ul vine dup\u0103 ce, prin declara\u0163iile din ultimele zile, <a href=\"https:\/\/www.digi24.ro\/Stiri\/Digi24\/Actualitate\/Politica\/Elena+Udrea+gata+sa+candideze+la+Cotroceni+Nu+exista+ca+vreau+sa\" target=\"_blank\" data-skip-linkfix=\"1\" rel=\"noopener\"><strong>Elena Udrea a l\u0103sat impresia c\u0103 se preg\u0103te\u015fte pentru o eventual\u0103 nominalizare<\/strong><\/a> \u00een cursa pentru Palatul Cotroceni. <\/p>\n<p data-index=\"2\">O decizie \u00een privin\u0163a preziden\u0163iabilului Partidului Mi\u015fcarea Popular\u0103 va fi luat\u0103 mar\u0163i, de conducerea partidului. Mai mul\u0163i lideri ai acestei forma\u0163iuni doresc retragerea lui Cristian Diaconescu pentru c\u0103, spun ei, nu are suficient\u0103 popularitate \u00een teritoriu. <\/p>\n<p data-index=\"3\">Diaconescu a fost desemnat preziden\u0163iabilul Partidului Miscarea Populara chiar de c\u0103tre Elena Udrea, \u00een ziua \u00een care aceasta a c\u00e2\u015ftigat \u015fefia partidului.\u00a0<\/p>\n<\/div>\n<p> Source URL: https:\/\/www.digi24.ro\/stiri\/actualitate\/politica\/batalia-pentru-prezidentiabilul-pmp-continua-mesajul-elenei-udrea-pentru-cristian-diaconescu-282003<\/p>\n","protected":false},"excerpt":{"rendered":"<p>Anun\u0163ul vine dup\u0103 ce, prin declara\u0163iile din ultimele zile, Elena Udrea a l\u0103sat impresia c\u0103 se preg\u0103te\u015fte pentru o eventual\u0103 nominalizare \u00een cursa pentru Palatul Cotroceni. O decizie \u00een privin\u0163a preziden\u0163iabilului Partidului Mi\u015fcarea Popular\u0103 va fi luat\u0103 mar\u0163i, de conducerea partidului. Mai mul\u0163i lideri ai acestei forma\u0163iuni doresc retragerea lui Cristian Diaconescu pentru c\u0103, spun [&hellip;]<\/p>\n","protected":false},"author":1,"featured_media":199230,"comment_status":"open","ping_status":"","sticky":false,"template":"","format":"standard","meta":{"footnotes":""},"categories":[2],"tags":[11],"class_list":["post-199229","post","type-post","status-publish","format-standard","has-post-thumbnail","hentry","category-politics","tag-digi24"],"_links":{"self":[{"href":"https:\/\/analyse.optim.biz\/index.php?rest_route=\/wp\/v2\/posts\/199229","targetHints":{"allow":["GET"]}}],"collection":[{"href":"https:\/\/analyse.optim.biz\/index.php?rest_route=\/wp\/v2\/posts"}],"about":[{"href":"https:\/\/analyse.optim.biz\/index.php?rest_route=\/wp\/v2\/types\/post"}],"author":[{"embeddable":true,"href":"https:\/\/analyse.optim.biz\/index.php?rest_route=\/wp\/v2\/users\/1"}],"replies":[{"embeddable":true,"href":"https:\/\/analyse.optim.biz\/index.php?rest_route=%2Fwp%2Fv2%2Fcomments&post=199229"}],"version-history":[{"count":0,"href":"https:\/\/analyse.optim.biz\/index.php?rest_route=\/wp\/v2\/posts\/199229\/revisions"}],"wp:featuredmedia":[{"embeddable":true,"href":"https:\/\/analyse.optim.biz\/index.php?rest_route=\/wp\/v2\/media\/199230"}],"wp:attachment":[{"href":"https:\/\/analyse.optim.biz\/index.php?rest_route=%2Fwp%2Fv2%2Fmedia&parent=199229"}],"wp:term":[{"taxonomy":"category","embeddable":true,"href":"https:\/\/analyse.optim.biz\/index.php?rest_route=%2Fwp%2Fv2%2Fcategories&post=199229"},{"taxonomy":"post_tag","embeddable":true,"href":"https:\/\/analyse.optim.biz\/index.php?rest_route=%2Fwp%2Fv2%2Ftags&post=199229"}],"curies":[{"name":"wp","href":"https:\/\/api.w.org\/{rel}","templated":true}]}}