{"id":199195,"date":"2014-08-16T16:48:07","date_gmt":"2014-08-16T13:48:07","guid":{"rendered":"https:\/\/analyse.optim.biz\/?p=199195"},"modified":"2014-08-16T16:48:07","modified_gmt":"2014-08-16T13:48:07","slug":"mirel-palada-in-razboi-cu-presa-purtatorul-de-cuvant-al-guvernului-spune-ca-executa-electric-ziaristi-pe-facebook","status":"publish","type":"post","link":"https:\/\/analyse.optim.biz\/?p=199195","title":{"rendered":"Mirel Palada, \u00een r\u0103zboi cu presa. Purt\u0103torul de cuv\u00e2nt al Guvernului spune c\u0103 \u201eexecut\u0103 electric\u201d ziari\u0219ti, pe Facebook"},"content":{"rendered":"<div class=\"entry data-app-meta data-app-meta-article\" data-embed-base-url-canonical=\"https:\/\/www.digi24.ro\/embed\/stiri\/actualitate\/politica\/mirel-palada-in-razboi-cu-presa-purtatorul-de-cuvant-al-guvernului-spune-ca-executa-electric-ziaristi-pe-facebook-282026\">\n<p data-index=\"1\">Purt\u0103torul de cuv\u00e2nt este sup\u0103rat r\u0103u pe jurnali\u015ftii care nu \u00eei c\u00e2nt\u0103 \u00een strun\u0103 Guvernului Ponta. A\u015fa c\u0103 se laud\u0103 cum \u00eei scoate de pe pagina sa de facebook pe cei care au opinii diferite.<\/p>\n<p data-index=\"2\">\u201eCum apare c\u00e2te un subiect politic care \u00eenv\u00e2rto\u015feaz\u0103 spiritul bejboinic \u00een opinan\u0163i, de zici c\u0103-i catastrof\u0103 \u015fi dezastru mondial, cum mai scot capul c\u00e2te doi-trei-zece-dou\u0103zeci, depinde de intensitatea subiectului, de bezmetici acoperi\u0163i de pe lista mea care \u00ee\u015fi fac seppuku comunica\u0163ional \u015fi tr\u00e2ntesc cu cuvintele anti-guvernamentale \u00een balta propagandistic\u0103 la mine pe wall. \u015ei uite a\u015fa mai frigem ni\u015fte purcelu\u015fi anti-guvernamentali la protzap \u015fi le d\u0103m block \u015fi mai bem o bere \u00een cinstea sufletelor r\u0103posa\u0163ilor care nu mai este. <em><strong>\u00cen seara asta era unul care acum era reporter la G\u00e2ndul, iar \u00eenainte fusese la Hotnews, \u015fi care f\u0103cea cl\u0103buci cu spume la mine pe pagin\u0103. Ce placere s\u0103-l execut electric! C\u00e2t\u0103 \u00eendem\u00e2nare am s\u0103 omor prin blocare ziari\u015ftii obiectivi, deci anti-guvernamentali. Pufo\u015filor, nici nu \u015fti\u0163i c\u00e2t\u0103 pl\u0103cere \u00eemi provoca\u0163i<\/strong><\/em>\u201d, scrie Mirel Palada, pe Facebook.<\/p>\n<p data-index=\"3\"><img decoding=\"async\" src=\"https:\/\/analyse.optim.biz\/wp-content\/uploads\/2024\/09\/jmhhc2g9mjllmju1otu1mza5yja4zduxmzrmowi2zdjlmwzkyzq-thumb_.jpg\" data-skip-htmlfix=\"1\" title=\"jmhhc2g9mjllmju1otu1mza5yja4zduxmzrmowi2zdjlmwzkyzq-thumb_\"><\/p>\n<p data-index=\"4\">Mirel Palada nu a dorit s\u0103 comenteze cele scrise pe re\u0163eaua de socializare. Contactat de Digi24, acesta a spus doar \u201e Mul\u0163umesc pentru \u00eentreb\u0103ri, o zi bun\u0103\u201d \u0219i a \u00eenchis telefonul.<\/p>\n<p data-index=\"5\">Nici \u015feful direct al lui Mirel Palada, premierul Victor Ponta, n-a comentat postarea purt\u0103torului de cuv\u00e2nt, pe moitv c\u0103 nu a citit-o.<\/p>\n<p data-index=\"6\">Nu este prima dat\u0103 c\u00e2nd Mirel Palada folose\u015fte un limbaj nepotrivit pentru func\u0163ia pe care o ocup\u0103. \u00cen noiembrie anul trecut, l-a jignit pe \u015feful statului, Traian B\u0103sescu, tot \u00een mediul virtual.<\/p>\n<p data-index=\"7\">\u201e<em><strong>Speriat, incoerent \u015fi matrafoxat. \u00cen disperarea sa, ca un lame duck pe cale s\u0103 termine sceneta, \u015fi-a f\u0103cut curaj cu \u00eenc\u0103 cincizeci de cinci sute \u015fi a ie\u015fit s\u0103 acopere spa\u0163iul mediatic. Cu mare p\u0103rere de r\u0103u, cineva trebuie s\u0103 constate c\u0103 regele e gol. Pardon, c\u0103 pre\u015fedintele e beat<\/strong><\/em>\u201d,<a href=\"https:\/\/www.digi24.ro\/Stiri\/Digi24\/Actualitate\/Politica\/Reactia+purtatorului+de+cuvant+al+Guvernului+Pentru+a-si+invinge\" target=\"_blank\" data-skip-linkfix=\"1\" rel=\"noopener\"> a scris Mirel Palada, pe Facebook<\/a>.<\/p>\n<p data-index=\"8\">Atunci premierul Victor Ponta a reac\u0163ionat. \u201eDin partea mea nu exist\u0103 nici sprijin, nici acord pentru acest gen de exprim\u0103ri \u015fi i-am spus domnului Palada c\u0103 sigur are ni\u015fte obliga\u0163ii \u00een calitatea pe care o ocup\u0103\u201d,<a href=\"https:\/\/www.digi24.ro\/Stiri\/Digi24\/Actualitate\/Politica\/Victor+Ponta+declaratii+Mirel+Palada+Traian+Basescu+matrafoxat%20\" target=\"_blank\" data-skip-linkfix=\"1\" rel=\"noopener\"> a declarat Victor Ponta.<\/a><\/p>\n<p data-index=\"9\">Aten\u0163ion\u0103rile lui Victor Ponta n-au avut niciun efect. Mirel Palada \u015fi-a continuat r\u0103zboaiele personale pe facebook cu oricine l-a sup\u0103rat. Luna trecut\u0103, l-a luat \u00een vizor pe Andrei Ple\u015fu, dup\u0103 ce acesta l-a criticat c\u0103 poce\u015fte limba rom\u00e2n\u0103.<\/p>\n<p data-index=\"10\">\u201e<em><strong>Pe vremuri se spunea c\u0103 nu e\u0219ti (pardon: ejt, ca s\u0103 dovedim c\u0103 nu \u0219tim s\u0103 scrim rom\u00e2ne\u0219te), c\u0103 nu e\u0219ti persoan\u0103 publica pe deplin dac\u0103 nu intri \u00een gura lu Vadim la spurc\u0103ciuni. Acum, mai nou, v\u0103z c\u0103 acest loc pe nisha ecologic\u0103 de scavengeri este luat de Pleshu. O persoan\u0103 pe care altminteri o admiram pe vremuri, c\u00e2nd eram t\u00e2n\u0103r \u0219i naiv. Ei, ash. Ple\u0219u a f\u0103cut o pasiune din a ridica osanale lui B\u0103sescu, iar acum se ia de matrafocs \u0219i de incremental<\/strong><\/em>\u201d, scria purt\u0103torul de cuv\u00e2nt al Guvernului.<\/p>\n<p data-index=\"11\">Mirel Palada a devenit purt\u0103tor de cuv\u00e2nt al premierului \u00een septembrie 2013. \u00a0<\/p>\n<\/div>\n<p> Source URL: https:\/\/www.digi24.ro\/stiri\/actualitate\/politica\/mirel-palada-in-razboi-cu-presa-purtatorul-de-cuvant-al-guvernului-spune-ca-executa-electric-ziaristi-pe-facebook-282026<\/p>\n","protected":false},"excerpt":{"rendered":"<p>Purt\u0103torul de cuv\u00e2nt este sup\u0103rat r\u0103u pe jurnali\u015ftii care nu \u00eei c\u00e2nt\u0103 \u00een strun\u0103 Guvernului Ponta. A\u015fa c\u0103 se laud\u0103 cum \u00eei scoate de pe pagina sa de facebook pe cei care au opinii diferite. \u201eCum apare c\u00e2te un subiect politic care \u00eenv\u00e2rto\u015feaz\u0103 spiritul bejboinic \u00een opinan\u0163i, de zici c\u0103-i catastrof\u0103 \u015fi dezastru mondial, cum [&hellip;]<\/p>\n","protected":false},"author":1,"featured_media":199196,"comment_status":"open","ping_status":"","sticky":false,"template":"","format":"standard","meta":{"footnotes":""},"categories":[2],"tags":[11],"class_list":["post-199195","post","type-post","status-publish","format-standard","has-post-thumbnail","hentry","category-politics","tag-digi24"],"_links":{"self":[{"href":"https:\/\/analyse.optim.biz\/index.php?rest_route=\/wp\/v2\/posts\/199195","targetHints":{"allow":["GET"]}}],"collection":[{"href":"https:\/\/analyse.optim.biz\/index.php?rest_route=\/wp\/v2\/posts"}],"about":[{"href":"https:\/\/analyse.optim.biz\/index.php?rest_route=\/wp\/v2\/types\/post"}],"author":[{"embeddable":true,"href":"https:\/\/analyse.optim.biz\/index.php?rest_route=\/wp\/v2\/users\/1"}],"replies":[{"embeddable":true,"href":"https:\/\/analyse.optim.biz\/index.php?rest_route=%2Fwp%2Fv2%2Fcomments&post=199195"}],"version-history":[{"count":0,"href":"https:\/\/analyse.optim.biz\/index.php?rest_route=\/wp\/v2\/posts\/199195\/revisions"}],"wp:featuredmedia":[{"embeddable":true,"href":"https:\/\/analyse.optim.biz\/index.php?rest_route=\/wp\/v2\/media\/199196"}],"wp:attachment":[{"href":"https:\/\/analyse.optim.biz\/index.php?rest_route=%2Fwp%2Fv2%2Fmedia&parent=199195"}],"wp:term":[{"taxonomy":"category","embeddable":true,"href":"https:\/\/analyse.optim.biz\/index.php?rest_route=%2Fwp%2Fv2%2Fcategories&post=199195"},{"taxonomy":"post_tag","embeddable":true,"href":"https:\/\/analyse.optim.biz\/index.php?rest_route=%2Fwp%2Fv2%2Ftags&post=199195"}],"curies":[{"name":"wp","href":"https:\/\/api.w.org\/{rel}","templated":true}]}}