{"id":199184,"date":"2014-08-16T19:50:52","date_gmt":"2014-08-16T16:50:52","guid":{"rendered":"https:\/\/analyse.optim.biz\/?p=199184"},"modified":"2014-08-16T19:50:52","modified_gmt":"2014-08-16T16:50:52","slug":"ori-la-primarie-ori-la-companie-peste-270-de-primari-au-fost-declarati-incompatibili","status":"publish","type":"post","link":"https:\/\/analyse.optim.biz\/?p=199184","title":{"rendered":"Ori la prim\u0103rie, ori la companie. Peste 270 de primari au fost declara\u021bi incompatibili"},"content":{"rendered":"<div class=\"entry data-app-meta data-app-meta-article\" data-embed-base-url-canonical=\"https:\/\/www.digi24.ro\/embed\/stiri\/actualitate\/politica\/ori-la-primarie-ori-la-companie-peste-270-de-primari-au-fost-declarati-incompatibili-282052\">\n<p data-index=\"1\">Din 3.188 de primari c\u00e2\u0163i are Rom\u00e2nia, 273 sunt declara\u0163i incompatibili. Cei mai mul\u0163i sunt \u00een jude\u0163ele Gorj, Constan\u0163a, Sibiu, Satu Mare \u015fi Arge\u015f.<\/p>\n<p data-index=\"2\">De exemplu, 27 din cei 70 de primari din Gorj au fost declara\u0163i incompatibili. Constan\u0163a \u015fi Sibiu ocup\u0103 locul doi \u00een top, cu c\u00e2te 26 de primari incompatibili, iar Satu Mare cu 24 de edili incompatibili. <\/p>\n<p data-index=\"3\">Arge\u015f \u015fi Teleorman \u00eempart locul trei cu c\u00e2te 13 primari, iar locul patru \u00eel de\u0163ine Buz\u0103u cu opt \u015fefi de administra\u0163ie. <\/p>\n<p data-index=\"4\">Majoritatea primarilor din Sibiu au fost declara\u0163i incompatibili pentru c\u0103 au intrat \u00een consiliul de administra\u0163ie al unei firme care se ocup\u0103 de re\u0163elele de ap\u0103 \u015fi canal, o societate care urma s\u0103 acceseze fonduri pentru a duce civiliza\u0163ie \u00een comunele din zon\u0103. Tot lotul de primari a contestat raportul ANI, iar acum dosarul a ajuns la \u00cenalta Curte.<\/p>\n<p data-index=\"5\">\u00centrebat cum comenteaz\u0103 faptul c\u0103 a fost declarat incompatibil, Simion Olaru, primarul comunei Racovi\u021ba, jude\u021bul Sibiu. \u201eE \u00een afara legii. Mi se pare o chichi\u0163\u0103 s\u0103 ne scoat\u0103 pe linie moart\u0103 \u00een mandatul acesta\u201d, a spus acesta. <\/p>\n<p data-index=\"6\">\u015ei edilii din Dolj sunt acuza\u0163i c\u0103 au intrat \u00een firme care se ocup\u0103 de utilit\u0103\u0163ile din zona lor.<\/p>\n<p data-index=\"7\">\u201e<span>Nu sunt argumente \u00eempotriva mea. Am fost declarat incomptabili, iar pentru rezolvarea acestei probleme am mers \u00een instan\u0163\u0103. La Curtea de Apel Craiova am pierdut primul proces\u201d, spune Liviu Cotojman, primarul localit\u0103\u021bii Ro\u0219ia de Amaradia.<\/span><\/p>\n<p data-index=\"8\">\u00cen Constan\u0163a, mul\u0163i dintre edili sunt acuza\u0163i de fals \u00een declara\u0163ii. Mai exact, au fost g\u0103si\u0163i cu mai mul\u0163i bani \u00een conturi dec\u00e2t ar fi scris \u00een declara\u0163iile de avere.<\/p>\n<p data-index=\"9\">Pe rolul instan\u021belor din toat\u0103 \u0163ara sunt deja peste o sut\u0103 de dosare \u00een care ale\u0219ii locali \u00eencearc\u0103 s\u0103 ob\u021bin\u0103 anularea rapoartelor ANI. Niciun proces nu s-a \u00eencheiat p\u00e2n\u0103 acum.<\/p>\n<\/div>\n<p> Source URL: https:\/\/www.digi24.ro\/stiri\/actualitate\/politica\/ori-la-primarie-ori-la-companie-peste-270-de-primari-au-fost-declarati-incompatibili-282052<\/p>\n","protected":false},"excerpt":{"rendered":"<p>Din 3.188 de primari c\u00e2\u0163i are Rom\u00e2nia, 273 sunt declara\u0163i incompatibili. Cei mai mul\u0163i sunt \u00een jude\u0163ele Gorj, Constan\u0163a, Sibiu, Satu Mare \u015fi Arge\u015f. De exemplu, 27 din cei 70 de primari din Gorj au fost declara\u0163i incompatibili. Constan\u0163a \u015fi Sibiu ocup\u0103 locul doi \u00een top, cu c\u00e2te 26 de primari incompatibili, iar Satu Mare [&hellip;]<\/p>\n","protected":false},"author":1,"featured_media":199185,"comment_status":"open","ping_status":"","sticky":false,"template":"","format":"standard","meta":{"footnotes":""},"categories":[2],"tags":[11],"class_list":["post-199184","post","type-post","status-publish","format-standard","has-post-thumbnail","hentry","category-politics","tag-digi24"],"_links":{"self":[{"href":"https:\/\/analyse.optim.biz\/index.php?rest_route=\/wp\/v2\/posts\/199184","targetHints":{"allow":["GET"]}}],"collection":[{"href":"https:\/\/analyse.optim.biz\/index.php?rest_route=\/wp\/v2\/posts"}],"about":[{"href":"https:\/\/analyse.optim.biz\/index.php?rest_route=\/wp\/v2\/types\/post"}],"author":[{"embeddable":true,"href":"https:\/\/analyse.optim.biz\/index.php?rest_route=\/wp\/v2\/users\/1"}],"replies":[{"embeddable":true,"href":"https:\/\/analyse.optim.biz\/index.php?rest_route=%2Fwp%2Fv2%2Fcomments&post=199184"}],"version-history":[{"count":0,"href":"https:\/\/analyse.optim.biz\/index.php?rest_route=\/wp\/v2\/posts\/199184\/revisions"}],"wp:featuredmedia":[{"embeddable":true,"href":"https:\/\/analyse.optim.biz\/index.php?rest_route=\/wp\/v2\/media\/199185"}],"wp:attachment":[{"href":"https:\/\/analyse.optim.biz\/index.php?rest_route=%2Fwp%2Fv2%2Fmedia&parent=199184"}],"wp:term":[{"taxonomy":"category","embeddable":true,"href":"https:\/\/analyse.optim.biz\/index.php?rest_route=%2Fwp%2Fv2%2Fcategories&post=199184"},{"taxonomy":"post_tag","embeddable":true,"href":"https:\/\/analyse.optim.biz\/index.php?rest_route=%2Fwp%2Fv2%2Ftags&post=199184"}],"curies":[{"name":"wp","href":"https:\/\/api.w.org\/{rel}","templated":true}]}}