{"id":199173,"date":"2014-08-17T14:41:34","date_gmt":"2014-08-17T11:41:34","guid":{"rendered":"https:\/\/analyse.optim.biz\/?p=199173"},"modified":"2014-08-17T14:41:34","modified_gmt":"2014-08-17T11:41:34","slug":"senatul-dezbate-luni-legea-privind-reducerea-cas-cine-se-opune","status":"publish","type":"post","link":"https:\/\/analyse.optim.biz\/?p=199173","title":{"rendered":"Senatul dezbate, luni, legea privind reducerea CAS. Cine se opune"},"content":{"rendered":"<div class=\"entry data-app-meta data-app-meta-article\" data-embed-base-url-canonical=\"https:\/\/www.digi24.ro\/embed\/stiri\/actualitate\/politica\/senatul-dezbate-luni-legea-privind-reducerea-cas-cine-se-opune-282153\">\n<p data-index=\"1\">Toate partidele au vrut s\u0103 profite, la capitolul imagine, de pe urma reducerii CAS. Pe c\u00e2nd \u00eenc\u0103 erau la guvernare, iar legea st\u0103tea \u00een pixul ministrului lor Daniel Chi\u0163oiu, liberalii promiteau ferm c\u0103 m\u0103sura va fi aplicat\u0103 de anul acesta.<\/p>\n<p data-index=\"2\">\u201e<span>Este valabil\u0103, este \u00een discu\u0163ie, noi o sus\u0163inem foarte tare. \u00cen principiu \u015fi premierul a fost deschis acestei variante, se caut\u0103 la Ministerul Finan\u0163elor formule prin care s-o facem realizabil\u0103, dar ideea r\u0103m\u00e2ne\u201d, spunea fostul pre\u0219edinte liberal, Crin Antonescu. <\/span><\/p>\n<p data-index=\"3\">\u201eEu v\u0103 garantez c\u0103 \u00een aprilie vin cu actul normativ\u201d, afirma, \u00een toamna lui 2013, ministrul de Finan\u021be de atunci, Daniel Chi\u0163oiu.<\/p>\n<p data-index=\"4\">Daniel Chi\u0163oiu nu a mai venit cu niciun act normativ, pentru c\u0103 PNL a ie\u015fit de la guvernare \u00een februarie. \u015ei nu pentru c\u0103 nu a reu\u015fit s\u0103 impun\u0103 \u00een Guvern adoptarea unei legi privind sc\u0103derea CAS a fost motivul, ci faptul c\u0103 Victor Ponta nu-l voia pe Klaus Iohannis la Ministerul de Interne.<\/p>\n<p data-index=\"5\">P\u00e2n\u0103 la urm\u0103, premierul a preluat el tema \u015fi a promis c\u0103 Executivul va da o lege c\u00e2t mai repede.<\/p>\n<p data-index=\"6\">\u201eConsider\u0103m c\u0103 reducerea CAS cu 5 puncte procentuale trebuie aplicat\u0103 chiar de anul acesta \u015fi putem s\u0103 ne permitem acest lucru\u201d, afirma, \u00een iunie, Victor Ponta.<\/p>\n<p data-index=\"7\">Guvernul a dat, \u00een iunie, legea care prevede c\u0103 CAS-ul redus se va aplica de la 1octombrie, iar Parlamentul a adoptat-o la \u00eenceputul lunii iulie. Toate partidele au declarat c\u0103 o sus\u0163in. Dar Traian B\u0103sescu s-a \u00eempotrivit.<\/p>\n<p data-index=\"8\">\u201eLiderii marilor forma\u0163iuni politice de la putere \u015fi de la opozi\u0163ie sunt la fel de iresponsabili \u015fi mincino\u015fi. Clameaz\u0103 reducerea CAS-ului \u015fi vor b\u0103ga \u0163ara \u00een criz\u0103\u201d, a declarat Traian B\u0103sescu.<\/p>\n<p data-index=\"9\">\u015eeful statului a trimis legea \u00eenapoi la Parlament pe 23 iulie \u015fi a cerut s\u0103 fie respins\u0103. Totul s-a \u00eent\u00e2mplat \u00eens\u0103 \u00een vacan\u0163a parlamentar\u0103. A\u015fa se face c\u0103 a trecut aporape o lun\u0103 \u015fi ale\u015fii nu au venit din libere ca s\u0103 discute m\u0103sura pe care, la nivel declarativ, to\u0163i o sus\u0163in.<\/p>\n<p data-index=\"10\">Orice \u00eent\u00e2rziere face aproape imposibil\u0103 aplicarea reduceri CAS de la 1 octombrie, dac\u0103 pre\u015fedintele se va folosi \u015fi de cealalt\u0103 p\u00e2rghie, atacul la Curtea Constitu\u0163ional\u0103.<\/p>\n<p data-index=\"11\">Dintr-odat\u0103, \u00eens\u0103, parlamentarii USD par s\u0103 nu se mai gr\u0103beasc\u0103. PNL a vrut sesiune extraordinar\u0103 ca cererea de reexaminare a \u015fefului statului s\u0103 fie respins\u0103, dar liderii PSD nu mai v\u0103d graba.<\/p>\n<p data-index=\"12\">\u201eNu putem s\u0103 ne lu\u0103m dup\u0103 ei, nu putem s\u0103 chem\u0103m Parlamentul \u015fi cu o zi \u00eenainte s\u0103 vin\u0103 Parlamentul s\u0103 ne trezim c\u0103 liberalii nu mai vor. O s\u0103 analiz\u0103m asta. N-ar prea mai fi timp dac\u0103 nu se face o sesiune c\u00e2t mai repede pentrur ezolvarea legii, pentru c\u0103, dac\u0103 e atacat\u0103 \u015fi la Curtea Constitu\u0163ional\u0103, e posibil s\u0103 nu intre \u00een vigoare pe I octombrie. O s\u0103 vedem, o s\u0103 vedem&#8230;\u201d, declara, recent, vicepremierul Liviu Dragnea.<\/p>\n<p data-index=\"13\">\u00cen urma presiunilor Opozi\u0163iei, a fost convocat\u0103 o sesiune extraordinar\u0103 pe ultima sut\u0103 de metri a vacan\u0163ei parlamentare. Cu alte cuvinte Legislativul va devansa adoptarea legii cu doar \u015fapte zile. \u00a0<\/p>\n<\/div>\n<p> Source URL: https:\/\/www.digi24.ro\/stiri\/actualitate\/politica\/senatul-dezbate-luni-legea-privind-reducerea-cas-cine-se-opune-282153<\/p>\n","protected":false},"excerpt":{"rendered":"<p>Toate partidele au vrut s\u0103 profite, la capitolul imagine, de pe urma reducerii CAS. Pe c\u00e2nd \u00eenc\u0103 erau la guvernare, iar legea st\u0103tea \u00een pixul ministrului lor Daniel Chi\u0163oiu, liberalii promiteau ferm c\u0103 m\u0103sura va fi aplicat\u0103 de anul acesta. \u201eEste valabil\u0103, este \u00een discu\u0163ie, noi o sus\u0163inem foarte tare. \u00cen principiu \u015fi premierul a [&hellip;]<\/p>\n","protected":false},"author":1,"featured_media":199174,"comment_status":"open","ping_status":"","sticky":false,"template":"","format":"standard","meta":{"footnotes":""},"categories":[2],"tags":[11],"class_list":["post-199173","post","type-post","status-publish","format-standard","has-post-thumbnail","hentry","category-politics","tag-digi24"],"_links":{"self":[{"href":"https:\/\/analyse.optim.biz\/index.php?rest_route=\/wp\/v2\/posts\/199173","targetHints":{"allow":["GET"]}}],"collection":[{"href":"https:\/\/analyse.optim.biz\/index.php?rest_route=\/wp\/v2\/posts"}],"about":[{"href":"https:\/\/analyse.optim.biz\/index.php?rest_route=\/wp\/v2\/types\/post"}],"author":[{"embeddable":true,"href":"https:\/\/analyse.optim.biz\/index.php?rest_route=\/wp\/v2\/users\/1"}],"replies":[{"embeddable":true,"href":"https:\/\/analyse.optim.biz\/index.php?rest_route=%2Fwp%2Fv2%2Fcomments&post=199173"}],"version-history":[{"count":0,"href":"https:\/\/analyse.optim.biz\/index.php?rest_route=\/wp\/v2\/posts\/199173\/revisions"}],"wp:featuredmedia":[{"embeddable":true,"href":"https:\/\/analyse.optim.biz\/index.php?rest_route=\/wp\/v2\/media\/199174"}],"wp:attachment":[{"href":"https:\/\/analyse.optim.biz\/index.php?rest_route=%2Fwp%2Fv2%2Fmedia&parent=199173"}],"wp:term":[{"taxonomy":"category","embeddable":true,"href":"https:\/\/analyse.optim.biz\/index.php?rest_route=%2Fwp%2Fv2%2Fcategories&post=199173"},{"taxonomy":"post_tag","embeddable":true,"href":"https:\/\/analyse.optim.biz\/index.php?rest_route=%2Fwp%2Fv2%2Ftags&post=199173"}],"curies":[{"name":"wp","href":"https:\/\/api.w.org\/{rel}","templated":true}]}}