{"id":199140,"date":"2014-08-18T00:47:23","date_gmt":"2014-08-17T21:47:23","guid":{"rendered":"https:\/\/analyse.optim.biz\/?p=199140"},"modified":"2014-08-18T00:47:23","modified_gmt":"2014-08-17T21:47:23","slug":"monica-macovei-cristian-preda-nu-mi-spune-nici-buna-ziua-de-luni-de-zile","status":"publish","type":"post","link":"https:\/\/analyse.optim.biz\/?p=199140","title":{"rendered":"Monica Macovei: Cristian Preda nu-mi spune nici bun\u0103 ziua, de luni de zile!"},"content":{"rendered":"<div class=\"entry data-app-meta data-app-meta-article\" data-embed-base-url-canonical=\"https:\/\/www.digi24.ro\/embed\/stiri\/actualitate\/politica\/monica-macovei-cristian-preda-nu-mi-spune-nici-buna-ziua-de-luni-de-zile-282229\">\n<p data-index=\"1\">\u00centrebat\u0103 dac\u0103 s-a sf\u0103tuit cu vechiul s\u0103u coleg <strong>Cristian Preda<\/strong> \u00een leg\u0103tur\u0103 cu decizia de a candida ca independent la alegerile preziden\u021biale, Monica Macovei a spus c\u0103 nu. \u00centrebat\u0103 dac\u0103 este \u00een continuare \u00een bune rela\u021bii cu Cristian Preda, Monica Macovei a r\u0103spuns: <strong>\u201eA\u0219 spune nu. (&#8230;) De exemplu, nu-mi spune nici bun\u0103 ziua, de luni de zile\u201d.<\/strong> Fostul ministru a ad\u0103ugat c\u0103 nu \u0219tie de ce \u0219i de la ce s-a produs aceast\u0103 ruptur\u0103.<strong> \u201eV\u0103 da\u021bi seama c\u0103 nu m\u0103 opresc s\u0103-l \u00eentreb. Deci, nici nu conteaz\u0103, pur \u0219i simplu<\/strong>\u201d, a spus Monica Macovei.<\/p>\n<p data-index=\"2\">Afirma\u021bia europarlamentarului PDL este surprinz\u0103toare, din moment ce<a href=\"http:\/\/cristianpreda.ro\/2014\/08\/06\/succes-monica\/\" target=\"_blank\" data-skip-linkfix=\"1\" rel=\"noopener\"><strong> Cristian Preda<\/strong> \u00eei ureaz\u0103, \u00eentr-o postare pe blog din 6 august, succes Monic\u0103i Macovei<\/a>, salut\u00e2nd demersul acesteia de a candida la pre\u0219edin\u021bie ca independent\u0103.<\/p>\n<p data-index=\"3\">C\u00e2ndva, <strong>Monica Macovei \u0219i Cristian Preda<\/strong> \u00eemp\u0103rt\u0103\u0219eau vederi similare, fiind considera\u021bi liderii grupului \u201ereformatorilor\u201d din PDL. Ulterior, <strong>Cristian Preda a demisionat din PDL<\/strong>, dup\u0103 ce a intrat \u00een conflict cu liderul partidului, <strong>Vasile Blaga<\/strong>, pe tema scorului slab \u00eenregistrat de PDL la alegerile din 2012. Ulterior, <strong>Cristian Preda s-a \u00eenscris \u00een PMP<\/strong>, partidul sus\u021binut de pre\u0219edintele Traian B\u0103sescu, \u0219i a devenit europarlamentar al acestei forma\u021biuni.<\/p>\n<p data-index=\"4\">\u00cen schimb, <strong>Monica Macovei a r\u0103mas \u00een PDL<\/strong>, pe listele c\u0103ruia a ob\u021binut un nou mandat de europarlamentar, pentru ca ulterior s\u0103 deschid\u0103 un nou culoar de disiden\u021b\u0103 \u00een s\u00e2nul propriului partid, odat\u0103 cu <a href=\"https:\/\/www.digi24.ro\/Stiri\/Digi24\/Actualitate\/Politica\/Monica+Macovei+candidat+alegeri+prezidentiale+presedinte+Romania\" target=\"_blank\" data-skip-linkfix=\"1\" rel=\"noopener\">anun\u021barea candidaturii sale la pre\u0219edin\u021bie ca independent.<\/a> PDL, care a format o alian\u021b\u0103 electoral\u0103 cu PNL, a decis deja c\u0103 \u00eel va sus\u021bine la alegerile preziden\u021biale pe <strong>Klaus Iohannis<\/strong>. <\/p>\n<p data-index=\"5\">Decizia Monic\u0103i Macovei de a candida ca independent, de\u0219i r\u0103m\u00e2ne membru PDL, i-a sup\u0103rat pe liderii PDL <a href=\"https:\/\/www.digi24.ro\/Stiri\/Digi24\/Actualitate\/Politica\/Vasile+Blaga+despre+candidatura+Monicai+Macovei+la+Presedintie+A\" target=\"_blank\" data-skip-linkfix=\"1\" rel=\"noopener\"><strong>Vasile Blaga<\/strong><\/a> \u0219i <a href=\"https:\/\/www.digi24.ro\/Stiri\/Digi24\/Actualitate\/Politica\/Catalin+Predoiu+Cred+ca+dna+Macovei+neaga+propria+filozofie+care\" target=\"_blank\" data-skip-linkfix=\"1\" rel=\"noopener\"><strong>C\u0103t\u0103lin Predoiu<\/strong><\/a>, dar chiar \u0219i pre\u0219edintele <a href=\"https:\/\/www.digi24.ro\/Stiri\/Digi24\/Actualitate\/Politica\/Traian+Basescu+Monica+Macovei+compromisuri+PDL+prezidentiale\" target=\"_blank\" data-skip-linkfix=\"1\" rel=\"noopener\"><strong>Traian B\u0103sescu<\/strong> a criticat-o.<\/a><\/p>\n<p data-index=\"6\">Pe de alt\u0103 parte, \u0219i \u00een PMP apele sunt tulburi \u00een ceea ce prive\u0219te candidatul la pre\u0219edin\u021bie. Anun\u021bat ini\u021bial ca preziden\u021biabil,<strong> Cristian Diaconescu<\/strong> a pierdut teren \u00een partid, tot mai multe voci contest\u00e2ndu-i candidatura \u0219i prefer\u00e2nd-o pe cea a <strong>Elenei Udrea<\/strong>. Partidul va lua o decizie s\u0103pt\u0103m\u00e2na aceasta. <\/p>\n<p data-index=\"7\">\u00cen fa\u021ba tuturor aceastor dispute, <a href=\"http:\/\/cristianpreda.ro\/2014\/08\/16\/efecte-neasteptate-si-dezagreabile\/\" target=\"_blank\" data-skip-linkfix=\"1\" rel=\"noopener\">Cristian Preda a f\u0103cut un apel la unirea for\u021belor anti-PSD<\/a>, avertiz\u00e2nd c\u0103 f\u0103r\u00e2mi\u021barea dreptei poate produce \u201eefecte nea\u0219teptate \u0219i dezagreabile\u201d.\u00a0<\/p>\n<p data-index=\"8\">\u00centrebat\u0103, duminic\u0103 seara, la emisiunea \u201eKilometrul 0\u201d dac\u0103 ar accepta s\u0103 candideze din partea <strong>PMP<\/strong>, <strong>Monica Macovei a declarat c\u0103 este candidat independent \u0219i a\u0219a va r\u0103m\u00e2ne<\/strong>, dar dac\u0103 vreun partid dore\u0219te s\u0103 o sus\u021bin\u0103 ca independent, e binevenit. \u201eSigur n-am s\u0103 spun <em><strong>nu<\/strong><\/em> sau&#8230; o s\u0103 discut\u0103m!\u201d, a precizat <strong>Monica Macovei la Digi24.<\/strong><\/p>\n<\/div>\n<p> Source URL: https:\/\/www.digi24.ro\/stiri\/actualitate\/politica\/monica-macovei-cristian-preda-nu-mi-spune-nici-buna-ziua-de-luni-de-zile-282229<\/p>\n","protected":false},"excerpt":{"rendered":"<p>\u00centrebat\u0103 dac\u0103 s-a sf\u0103tuit cu vechiul s\u0103u coleg Cristian Preda \u00een leg\u0103tur\u0103 cu decizia de a candida ca independent la alegerile preziden\u021biale, Monica Macovei a spus c\u0103 nu. \u00centrebat\u0103 dac\u0103 este \u00een continuare \u00een bune rela\u021bii cu Cristian Preda, Monica Macovei a r\u0103spuns: \u201eA\u0219 spune nu. (&#8230;) De exemplu, nu-mi spune nici bun\u0103 ziua, de [&hellip;]<\/p>\n","protected":false},"author":1,"featured_media":199141,"comment_status":"open","ping_status":"","sticky":false,"template":"","format":"standard","meta":{"footnotes":""},"categories":[2],"tags":[11],"class_list":["post-199140","post","type-post","status-publish","format-standard","has-post-thumbnail","hentry","category-politics","tag-digi24"],"_links":{"self":[{"href":"https:\/\/analyse.optim.biz\/index.php?rest_route=\/wp\/v2\/posts\/199140","targetHints":{"allow":["GET"]}}],"collection":[{"href":"https:\/\/analyse.optim.biz\/index.php?rest_route=\/wp\/v2\/posts"}],"about":[{"href":"https:\/\/analyse.optim.biz\/index.php?rest_route=\/wp\/v2\/types\/post"}],"author":[{"embeddable":true,"href":"https:\/\/analyse.optim.biz\/index.php?rest_route=\/wp\/v2\/users\/1"}],"replies":[{"embeddable":true,"href":"https:\/\/analyse.optim.biz\/index.php?rest_route=%2Fwp%2Fv2%2Fcomments&post=199140"}],"version-history":[{"count":0,"href":"https:\/\/analyse.optim.biz\/index.php?rest_route=\/wp\/v2\/posts\/199140\/revisions"}],"wp:featuredmedia":[{"embeddable":true,"href":"https:\/\/analyse.optim.biz\/index.php?rest_route=\/wp\/v2\/media\/199141"}],"wp:attachment":[{"href":"https:\/\/analyse.optim.biz\/index.php?rest_route=%2Fwp%2Fv2%2Fmedia&parent=199140"}],"wp:term":[{"taxonomy":"category","embeddable":true,"href":"https:\/\/analyse.optim.biz\/index.php?rest_route=%2Fwp%2Fv2%2Fcategories&post=199140"},{"taxonomy":"post_tag","embeddable":true,"href":"https:\/\/analyse.optim.biz\/index.php?rest_route=%2Fwp%2Fv2%2Ftags&post=199140"}],"curies":[{"name":"wp","href":"https:\/\/api.w.org\/{rel}","templated":true}]}}