{"id":199118,"date":"2014-08-18T11:49:11","date_gmt":"2014-08-18T08:49:11","guid":{"rendered":"https:\/\/analyse.optim.biz\/?p=199118"},"modified":"2014-08-18T11:49:11","modified_gmt":"2014-08-18T08:49:11","slug":"cristian-diaconescu-vrea-sa-candideze-la-cotroceni-ca-independent","status":"publish","type":"post","link":"https:\/\/analyse.optim.biz\/?p=199118","title":{"rendered":"Cristian Diaconescu vrea s\u0103 candideze la Cotroceni ca independent"},"content":{"rendered":"<div class=\"entry data-app-meta data-app-meta-article\" data-embed-base-url-canonical=\"https:\/\/www.digi24.ro\/embed\/stiri\/actualitate\/politica\/cristian-diaconescu-vrea-sa-candideze-la-cotroceni-ca-independent-282394\">\n<p data-index=\"1\">Fostul consilier preziden\u0163ial a anun\u0163at deja o conferin\u0163\u0103 \u00een aceast\u0103 dup\u0103-amiaz\u0103, \u00een cadrul c\u0103reia cel mai probabil \u00ee\u015fi va anun\u0163a <strong>candidatura ca independent<\/strong>. Reac\u0163ia vine \u00een contextul \u00een care <strong>pre\u015fedintele PMP, Elena Udrea<\/strong>, a ar\u0103tat c\u0103 este gata s\u0103 intre \u00een b\u0103t\u0103lia pentru cea mai \u00eenalt\u0103 func\u0163ie \u00een stat. Decizia finanal\u0103 va fi anun\u0163at\u0103 mar\u0163i.<\/p>\n<p data-index=\"2\">\u201e<span>Am fost desemnat de <strong>Congresul Partidului Mi\u015fcarea Popular\u0103<\/strong> ca fiind candidat la pre\u015fedin\u0163ie; este un angajament pe care mi l-am luat \u015fi \u00een rela\u0163ie cu pre\u015fedintele Traian B\u0103sescu \u015fi mai ales \u00een rela\u0163ie cu societatea rom\u00e2neasc\u0103 \u015fi a\u015fa cum am spus, \u00eemi voi duce mesajul p\u00e2n\u0103 la cap\u0103t. Deci am s\u0103 \u00eemi str\u00e2ng singur semn\u0103turile\u201d, <\/span><span lang=\"en-US\">a spus <strong>Cristian Diaconescu<\/strong><\/span><span>.<\/span><\/p>\n<\/div>\n<p> Source URL: https:\/\/www.digi24.ro\/stiri\/actualitate\/politica\/cristian-diaconescu-vrea-sa-candideze-la-cotroceni-ca-independent-282394<\/p>\n","protected":false},"excerpt":{"rendered":"<p>Fostul consilier preziden\u0163ial a anun\u0163at deja o conferin\u0163\u0103 \u00een aceast\u0103 dup\u0103-amiaz\u0103, \u00een cadrul c\u0103reia cel mai probabil \u00ee\u015fi va anun\u0163a candidatura ca independent. Reac\u0163ia vine \u00een contextul \u00een care pre\u015fedintele PMP, Elena Udrea, a ar\u0103tat c\u0103 este gata s\u0103 intre \u00een b\u0103t\u0103lia pentru cea mai \u00eenalt\u0103 func\u0163ie \u00een stat. Decizia finanal\u0103 va fi anun\u0163at\u0103 mar\u0163i. [&hellip;]<\/p>\n","protected":false},"author":1,"featured_media":199119,"comment_status":"open","ping_status":"","sticky":false,"template":"","format":"standard","meta":{"footnotes":""},"categories":[2],"tags":[11],"class_list":["post-199118","post","type-post","status-publish","format-standard","has-post-thumbnail","hentry","category-politics","tag-digi24"],"_links":{"self":[{"href":"https:\/\/analyse.optim.biz\/index.php?rest_route=\/wp\/v2\/posts\/199118","targetHints":{"allow":["GET"]}}],"collection":[{"href":"https:\/\/analyse.optim.biz\/index.php?rest_route=\/wp\/v2\/posts"}],"about":[{"href":"https:\/\/analyse.optim.biz\/index.php?rest_route=\/wp\/v2\/types\/post"}],"author":[{"embeddable":true,"href":"https:\/\/analyse.optim.biz\/index.php?rest_route=\/wp\/v2\/users\/1"}],"replies":[{"embeddable":true,"href":"https:\/\/analyse.optim.biz\/index.php?rest_route=%2Fwp%2Fv2%2Fcomments&post=199118"}],"version-history":[{"count":0,"href":"https:\/\/analyse.optim.biz\/index.php?rest_route=\/wp\/v2\/posts\/199118\/revisions"}],"wp:featuredmedia":[{"embeddable":true,"href":"https:\/\/analyse.optim.biz\/index.php?rest_route=\/wp\/v2\/media\/199119"}],"wp:attachment":[{"href":"https:\/\/analyse.optim.biz\/index.php?rest_route=%2Fwp%2Fv2%2Fmedia&parent=199118"}],"wp:term":[{"taxonomy":"category","embeddable":true,"href":"https:\/\/analyse.optim.biz\/index.php?rest_route=%2Fwp%2Fv2%2Fcategories&post=199118"},{"taxonomy":"post_tag","embeddable":true,"href":"https:\/\/analyse.optim.biz\/index.php?rest_route=%2Fwp%2Fv2%2Ftags&post=199118"}],"curies":[{"name":"wp","href":"https:\/\/api.w.org\/{rel}","templated":true}]}}