{"id":199115,"date":"2014-08-18T13:20:14","date_gmt":"2014-08-18T10:20:14","guid":{"rendered":"https:\/\/analyse.optim.biz\/?p=199115"},"modified":"2014-08-18T13:20:14","modified_gmt":"2014-08-18T10:20:14","slug":"victor-ponta-o-ironizeaza-pe-monica-macovei-seamana-mai-degraba-cu-ana-pauker-decat-cu-nelson-mandela","status":"publish","type":"post","link":"https:\/\/analyse.optim.biz\/?p=199115","title":{"rendered":"Victor Ponta o ironizeaz\u0103 pe Monica Macovei: Seam\u0103n\u0103 mai degrab\u0103 cu Ana Pauker dec\u00e2t cu Nelson Mandela"},"content":{"rendered":"<div class=\"entry data-app-meta data-app-meta-article\" data-embed-base-url-canonical=\"https:\/\/www.digi24.ro\/embed\/stiri\/actualitate\/politica\/victor-ponta-o-ironizeaza-pe-monica-macovei-seamana-mai-degraba-cu-ana-pauker-decat-cu-nelson-mandela-282466\">\n<p data-index=\"1\">\u00a0<img decoding=\"async\" src=\"https:\/\/analyse.optim.biz\/wp-content\/uploads\/2024\/09\/odawjmhhc2g9mtbmzjzinzdhogm0yzlmm2nhmmm2ntq5mjhhytk5ztq-thumb_.jpg\" data-skip-htmlfix=\"1\" title=\"odawjmhhc2g9mtbmzjzinzdhogm0yzlmm2nhmmm2ntq5mjhhytk5ztq-thumb_\"><\/p>\n<p data-index=\"2\"><strong>(FOTO Facebook Monica Macovei)<\/strong><\/p>\n<p data-index=\"3\">\u00cen plus, mai <a href=\"https:\/\/www.facebook.com\/victor.ponta?fref=ts\" target=\"_blank\" data-skip-linkfix=\"1\" rel=\"noopener\"><strong>scrie Victor Ponta,<\/strong><\/a> compara\u0163ia cu fostul pre\u015fedinte al Africii de Sud ar fi o jignire la adresa acestuia.<\/p>\n<p data-index=\"4\">\u015eeful guvernului catalogheaz\u0103 gestul Monic\u0103i Macovei drept &#8220;cea mai mare mizerie a acestui an politic&#8221;.<\/p>\n<p data-index=\"5\"><a href=\"https:\/\/www.digi24.ro\/Stiri\/Digi24\/Actualitate\/Politica\/Monica+Macovei+In+multe+feluri+eu+seman+cu+Nelson+Mandela\" target=\"_blank\" data-skip-linkfix=\"1\" rel=\"noopener\"><strong>Monica Macovei a m\u0103rturisit<\/strong><\/a>\u00een emisiunea \u201eKilometrul 0\u201d de la Digi24 c\u0103 se simte apropiat\u0103 de modelul politic reprezentat de fostul pre\u0219edinte sud-african Nelson Mandela.<\/p>\n<\/div>\n<p> Source URL: https:\/\/www.digi24.ro\/stiri\/actualitate\/politica\/victor-ponta-o-ironizeaza-pe-monica-macovei-seamana-mai-degraba-cu-ana-pauker-decat-cu-nelson-mandela-282466<\/p>\n","protected":false},"excerpt":{"rendered":"<p>\u00a0 (FOTO Facebook Monica Macovei) \u00cen plus, mai scrie Victor Ponta, compara\u0163ia cu fostul pre\u015fedinte al Africii de Sud ar fi o jignire la adresa acestuia. \u015eeful guvernului catalogheaz\u0103 gestul Monic\u0103i Macovei drept &#8220;cea mai mare mizerie a acestui an politic&#8221;. Monica Macovei a m\u0103rturisit\u00een emisiunea \u201eKilometrul 0\u201d de la Digi24 c\u0103 se simte apropiat\u0103 [&hellip;]<\/p>\n","protected":false},"author":1,"featured_media":199116,"comment_status":"open","ping_status":"","sticky":false,"template":"","format":"standard","meta":{"footnotes":""},"categories":[2],"tags":[11],"class_list":["post-199115","post","type-post","status-publish","format-standard","has-post-thumbnail","hentry","category-politics","tag-digi24"],"_links":{"self":[{"href":"https:\/\/analyse.optim.biz\/index.php?rest_route=\/wp\/v2\/posts\/199115","targetHints":{"allow":["GET"]}}],"collection":[{"href":"https:\/\/analyse.optim.biz\/index.php?rest_route=\/wp\/v2\/posts"}],"about":[{"href":"https:\/\/analyse.optim.biz\/index.php?rest_route=\/wp\/v2\/types\/post"}],"author":[{"embeddable":true,"href":"https:\/\/analyse.optim.biz\/index.php?rest_route=\/wp\/v2\/users\/1"}],"replies":[{"embeddable":true,"href":"https:\/\/analyse.optim.biz\/index.php?rest_route=%2Fwp%2Fv2%2Fcomments&post=199115"}],"version-history":[{"count":0,"href":"https:\/\/analyse.optim.biz\/index.php?rest_route=\/wp\/v2\/posts\/199115\/revisions"}],"wp:featuredmedia":[{"embeddable":true,"href":"https:\/\/analyse.optim.biz\/index.php?rest_route=\/wp\/v2\/media\/199116"}],"wp:attachment":[{"href":"https:\/\/analyse.optim.biz\/index.php?rest_route=%2Fwp%2Fv2%2Fmedia&parent=199115"}],"wp:term":[{"taxonomy":"category","embeddable":true,"href":"https:\/\/analyse.optim.biz\/index.php?rest_route=%2Fwp%2Fv2%2Fcategories&post=199115"},{"taxonomy":"post_tag","embeddable":true,"href":"https:\/\/analyse.optim.biz\/index.php?rest_route=%2Fwp%2Fv2%2Ftags&post=199115"}],"curies":[{"name":"wp","href":"https:\/\/api.w.org\/{rel}","templated":true}]}}