{"id":199103,"date":"2014-08-18T14:09:09","date_gmt":"2014-08-18T11:09:09","guid":{"rendered":"https:\/\/analyse.optim.biz\/?p=199103"},"modified":"2014-08-18T14:09:09","modified_gmt":"2014-08-18T11:09:09","slug":"cristian-diaconescu-voi-candida-ca-independent-la-presedintie-nu-voi-mai-fi-membru-al-pmp-elena-udrea-regret-aceste-decizii-a-fost-doar-propus-nu-si-votat","status":"publish","type":"post","link":"https:\/\/analyse.optim.biz\/?p=199103","title":{"rendered":"Cristian Diaconescu: Voi candida ca independent la pre\u015fedin\u0163ie, nu voi mai fi membru al PMP. Elena Udrea: Regret aceste decizii. A fost doar propus, nu \u015fi votat"},"content":{"rendered":"<div class=\"entry data-app-meta data-app-meta-article\" data-embed-base-url-canonical=\"https:\/\/www.digi24.ro\/embed\/stiri\/actualitate\/politica\/cristian-diaconescu-voi-candida-ca-independent-la-presedintie-nu-voi-mai-fi-membru-al-pmp-elena-udrea-regret-aceste-decizii-a-fost-doar-propus-nu-si-votat-282528\">\n<p data-index=\"1\"><img decoding=\"async\" src=\"https:\/\/analyse.optim.biz\/wp-content\/uploads\/2024\/09\/n2vmndvhyjziztlmn2flogfjnte2zmm4mwy3za-thumb_.jpg\" data-skip-htmlfix=\"1\" title=\"n2vmndvhyjziztlmn2flogfjnte2zmm4mwy3za-thumb_\"><\/p>\n<p data-index=\"2\"><strong>ACTUALIZARE 14.20.<\/strong> \u201e<strong>Regret decizia lui Cristian Diaconescu<\/strong> de a candida ca independent \u015fi de a pleca din PMP, exact \u00eenainte de ziua de m\u00e2ine, c\u00e2nd convenisem s\u0103 decidem prin vot care e cea mai bun\u0103 solu\u0163ie pentru PMP pentru competi\u0163ia la preziden\u0163iale.<\/p>\n<p data-index=\"3\">El a fost doar propus, nu \u015fi votat. Eu l-am propus. Statutul partidului spune c\u0103 votul pentru candidat se d\u0103 \u00een Colegiul na\u0163ional. Era legitim\u0103 decizia de m\u00e2ine.<\/p>\n<p data-index=\"4\"><strong><span>S\u0103 te lansezi \u00een cea mai mare competi\u0163ie pentru pre\u015fedin\u0163ie \u00eenseamn\u0103 s\u0103 po\u0163i s\u0103 duci o competi\u0163ie intern\u0103, cum va fi cea de m\u00e2ine.<\/span><\/strong><\/p>\n<p data-index=\"5\"><strong><span>(VIDEO &#8211; Elena Udrea)<\/span><\/strong><\/p>\n<p data-index=\"6\">Suntem preg\u0103ti\u0163i pentru aceast\u0103 campanie, <strong>eu, ca pre\u015fedinte al PMP sunt preg\u0103tit\u0103 s\u0103 \u00eemi asum candidatura la pre\u015fedin\u0163ia Rom\u00e2niei.<\/strong><\/p>\n<p data-index=\"7\"><strong>\u00cel pot bate pe Victor Ponta \u00een orice competi\u0163ie, inclusiv \u00een cea pentru pre\u015fedin\u0163ia Rom\u00e2niei<\/strong>\u201d, a declarat <strong>Elena Udrea<\/strong>, dup\u0103 anun\u0163ul f\u0103cut de Cristian Diaconescu.\u00a0<\/p>\n<p data-index=\"8\">\u201e<span>Suntem cei care dorim electoratul lui Traian B\u0103sescu. Pre\u015fedintele Traian B\u0103sescu va spune ca candidat va sus\u0163ine\u201d, a ad\u0103ugat ea.<\/span><\/p>\n<hr>\n<p data-index=\"9\">\u201e<span>\u00cen urm\u0103 cu 10 zile c\u00e2\u0163iva colegi au ini\u0163iat un demers av\u00e2nd drept scop schimbarea candidatului. <strong>Nu am fost informat, nu am avut o discu\u0163ie preliminar\u0103. Am v\u0103zut din pres\u0103 faptul c\u0103 au aceast\u0103 inten\u0163ie. <\/strong><\/span><\/p>\n<p data-index=\"10\">M-a deranjat minciuna, dar voi r\u0103m\u00e2ne consecvent, nu voi intra \u00een polemici. E normal ca un partid politic s\u0103 decid\u0103 sau s\u0103 revin\u0103 asupra unei decizii. E normal s\u0103 suporte \u015fi consecin\u0163ele.<\/p>\n<p data-index=\"11\"><strong><span>(VIDEO &#8211; Cristian Diaconescu)<\/span><\/strong><\/p>\n<p data-index=\"12\">Din statutul de candidat oficial statutar decis la un congres, am v\u0103zut din pres\u0103 c\u0103 am devenit o nou\u0103 propunere. E de datoria mea s\u0103 opresc acest proces. Astfel de conflicte, mai ales purtate public, creeaz\u0103 confuzie, nedumerire \u015fi demotivare printre cet\u0103\u0163eni \u015fi membri de partid.<\/p>\n<p data-index=\"13\">\u00cemi anun\u0163 candidatura de independent la pre\u015fedin\u0163ie, nu voi mai fi membru al PMP\u201d, a declarat<a href=\"https:\/\/www.digi24.ro\/Stiri\/Digi24\/Actualitate\/Politica\/Cristian+Diaconescu+Am+o+relatia+foarte+buna+cu+Elena+Udrea+o+re\" target=\"_blank\" data-skip-linkfix=\"1\" rel=\"noopener\"><strong> Cristian Diaconescu.<\/strong><\/a><\/p>\n<p data-index=\"14\">El a ad\u0103ugat c\u0103 va str\u00e2nge semn\u0103turile necesare.<\/p>\n<hr>\n<p data-index=\"15\"><strong><span>Ilie S\u00e2rbu: Cu ce s\u0103-l bat\u0103 pe Ponta? <\/span><span lang=\"en-US\">Cu 6%? Cu 10%?<\/span>\u00a0<\/strong><\/p>\n<p data-index=\"16\"><span lang=\"en-US\">Liderul senatorilor PSD <\/span><span>Ilie S\u0103rbu declar\u0103 c\u0103 nu este impresionat de mi\u015fc\u0103rile din PMP. El crede c\u0103 nici Elena Udrea nu are \u015fanse \u00een calitate de contracandidat al lui Victor Ponta \u00een cursa pentru Cotroceni.<\/span>\u00a0<\/p>\n<p data-index=\"17\">\u201e<span>Chiar cei din PMP spun c\u0103<\/span><span lang=\"en-US\"> Cristian Diaconescu<\/span><span> nu poate s\u0103 adune semn\u0103turi. Un membru PMP spunea c\u0103 fac demersuri cu Udrea, c\u0103 doar ea poate ridica la mai mult de 6%. Cu ce s\u0103-l ba\u0163i pe Ponta cu 6? <\/span><span lang=\"en-US\">8%?<\/span><span> 10%? \u015ei la dreapta, programul e cel al lui B\u0103sescu. L-au transferat \u00een noul PNL. Cu ce s\u0103 ne impresioneze?\u201d, <\/span><span lang=\"en-US\">a declarat Ilie <\/span><span>S\u00e2rbu<\/span><span lang=\"en-US\">.<\/span><\/p>\n<p data-index=\"18\"><span lang=\"en-US\"><br \/><\/span><\/p>\n<\/div>\n<p> Source URL: https:\/\/www.digi24.ro\/stiri\/actualitate\/politica\/cristian-diaconescu-voi-candida-ca-independent-la-presedintie-nu-voi-mai-fi-membru-al-pmp-elena-udrea-regret-aceste-decizii-a-fost-doar-propus-nu-si-votat-282528<\/p>\n","protected":false},"excerpt":{"rendered":"<p>ACTUALIZARE 14.20. \u201eRegret decizia lui Cristian Diaconescu de a candida ca independent \u015fi de a pleca din PMP, exact \u00eenainte de ziua de m\u00e2ine, c\u00e2nd convenisem s\u0103 decidem prin vot care e cea mai bun\u0103 solu\u0163ie pentru PMP pentru competi\u0163ia la preziden\u0163iale. El a fost doar propus, nu \u015fi votat. Eu l-am propus. Statutul partidului [&hellip;]<\/p>\n","protected":false},"author":1,"featured_media":199104,"comment_status":"open","ping_status":"","sticky":false,"template":"","format":"standard","meta":{"footnotes":""},"categories":[2],"tags":[11],"class_list":["post-199103","post","type-post","status-publish","format-standard","has-post-thumbnail","hentry","category-politics","tag-digi24"],"_links":{"self":[{"href":"https:\/\/analyse.optim.biz\/index.php?rest_route=\/wp\/v2\/posts\/199103","targetHints":{"allow":["GET"]}}],"collection":[{"href":"https:\/\/analyse.optim.biz\/index.php?rest_route=\/wp\/v2\/posts"}],"about":[{"href":"https:\/\/analyse.optim.biz\/index.php?rest_route=\/wp\/v2\/types\/post"}],"author":[{"embeddable":true,"href":"https:\/\/analyse.optim.biz\/index.php?rest_route=\/wp\/v2\/users\/1"}],"replies":[{"embeddable":true,"href":"https:\/\/analyse.optim.biz\/index.php?rest_route=%2Fwp%2Fv2%2Fcomments&post=199103"}],"version-history":[{"count":0,"href":"https:\/\/analyse.optim.biz\/index.php?rest_route=\/wp\/v2\/posts\/199103\/revisions"}],"wp:featuredmedia":[{"embeddable":true,"href":"https:\/\/analyse.optim.biz\/index.php?rest_route=\/wp\/v2\/media\/199104"}],"wp:attachment":[{"href":"https:\/\/analyse.optim.biz\/index.php?rest_route=%2Fwp%2Fv2%2Fmedia&parent=199103"}],"wp:term":[{"taxonomy":"category","embeddable":true,"href":"https:\/\/analyse.optim.biz\/index.php?rest_route=%2Fwp%2Fv2%2Fcategories&post=199103"},{"taxonomy":"post_tag","embeddable":true,"href":"https:\/\/analyse.optim.biz\/index.php?rest_route=%2Fwp%2Fv2%2Ftags&post=199103"}],"curies":[{"name":"wp","href":"https:\/\/api.w.org\/{rel}","templated":true}]}}