{"id":198968,"date":"2014-08-19T15:34:14","date_gmt":"2014-08-19T12:34:14","guid":{"rendered":"https:\/\/analyse.optim.biz\/?p=198968"},"modified":"2014-08-19T15:34:14","modified_gmt":"2014-08-19T12:34:14","slug":"sase-candidati-de-dreapta-in-cursa-pentru-cotroceni-apelul-catre-monica-macovei","status":"publish","type":"post","link":"https:\/\/analyse.optim.biz\/?p=198968","title":{"rendered":"\u015ease candida\u0163i de dreapta, \u00een cursa pentru Cotroceni. Apelul c\u0103tre Monica Macovei"},"content":{"rendered":"<div class=\"entry data-app-meta data-app-meta-article\" data-embed-base-url-canonical=\"https:\/\/www.digi24.ro\/embed\/stiri\/actualitate\/politica\/sase-candidati-de-dreapta-in-cursa-pentru-cotroceni-apelul-catre-monica-macovei-283009\">\n<p data-index=\"1\">Cei \u015fase sunt <strong><a href=\"https:\/\/www.digi24.ro\/Stiri\/Digi24\/Actualitate\/Politica\/Viorel+Catarama+renunta+la+candidatura+la+prezidentiale\" target=\"_blank\" data-skip-linkfix=\"1\" rel=\"noopener\">C\u0103lin Popescu T\u0103riceanu<\/a>,<a href=\"https:\/\/www.digi24.ro\/Stiri\/Digi24\/Actualitate\/Politica\/Prezidentiabilii+oameni+simpli+cu+hobby-uri+de+lux\" target=\"_blank\" data-skip-linkfix=\"1\" rel=\"noopener\"> Klaus Iohannis<\/a>, <a href=\"https:\/\/www.digi24.ro\/Stiri\/Digi24\/Actualitate\/Politica\/Ioan+Ghise+vrea+sa+candideze+la+Presedintie+Acum+nu+am+niciun+ba\" target=\"_blank\" data-skip-linkfix=\"1\" rel=\"noopener\">Ioan Ghi\u015fe<\/a>, <a href=\"https:\/\/www.digi24.ro\/Stiri\/Digi24\/Actualitate\/Politica\/ELENA+UDREA+CANDIDAT+PMP+PREZIDENTIALE\" target=\"_blank\" data-skip-linkfix=\"1\" rel=\"noopener\">Elena Udrea<\/a>, <a href=\"https:\/\/www.digi24.ro\/Stiri\/Digi24\/Actualitate\/Politica\/Cristian+Diaconescu+Imi+anunt+candidatura+de+independent+la+pres\" target=\"_blank\" data-skip-linkfix=\"1\" rel=\"noopener\">Cristian Diaconescu<\/a> \u015fi Monica Macovei.<\/strong><\/p>\n<p data-index=\"2\">Ast\u0103zi, dup\u0103 ce a anun\u0163at c\u0103 renun\u0163\u0103 la candidatura sa pentru a o sus\u0163ine pe cea a lui <strong>Cristian Diaconescu<\/strong>, <strong>Viorel <a href=\"https:\/\/www.digi24.ro\/Stiri\/Digi24\/Actualitate\/Politica\/Viorel+Catarama+renunta+la+candidatura+la+prezidentiale\" target=\"_blank\" data-skip-linkfix=\"1\" rel=\"noopener\">Cataram\u0103<\/a><\/strong> a f\u0103cut <strong>un apel \u015fi c\u0103tre Monica Macovei:<\/strong> &#8220;Fac apel la doamna Monica Macovei s\u0103 se al\u0103ture acestei echipe, p\u00e2n\u0103 la urm\u0103 o regrupare sau o grupare puternic\u0103 a for\u0163elor \u00een afara partidelor politice este singura solu\u0163ie viabil\u0103 pentru Rom\u00e2nia. \u00cen acest moment partidele politice nu pot pune \u00een aplicare m\u0103suri eficiente de redresare economic\u0103. (&#8230;) De aceea fac apel \u015fi la doamna Macovei \u015fi la societatea civil\u0103 \u015fi la to\u0163i cei care nu mai doresc s\u0103 voteze partidele politice s\u0103 se al\u0103ture acestei echipe&#8221;, a afirmat Cataram\u0103.<\/p>\n<p data-index=\"3\">Cristian Diaconescu a precizat c\u0103 \u015fi el sus\u0163ine o discu\u0163ie pe aceast\u0103 tem\u0103 cu Monica Macovei, deoarece exist\u0103 similitudini de mesaj.<\/p>\n<p data-index=\"4\">Al\u0163i candida\u0163i la pre\u015fedin\u0163ie sunt Gheorghe Funar de la PRM \u2013 aripa Funar, Corneliu Vadim Tudor \u2013 PRM \u015fi Kelemen Hunor \u2013 UDMR.<\/p>\n<\/div>\n<p> Source URL: https:\/\/www.digi24.ro\/stiri\/actualitate\/politica\/sase-candidati-de-dreapta-in-cursa-pentru-cotroceni-apelul-catre-monica-macovei-283009<\/p>\n","protected":false},"excerpt":{"rendered":"<p>Cei \u015fase sunt C\u0103lin Popescu T\u0103riceanu, Klaus Iohannis, Ioan Ghi\u015fe, Elena Udrea, Cristian Diaconescu \u015fi Monica Macovei. Ast\u0103zi, dup\u0103 ce a anun\u0163at c\u0103 renun\u0163\u0103 la candidatura sa pentru a o sus\u0163ine pe cea a lui Cristian Diaconescu, Viorel Cataram\u0103 a f\u0103cut un apel \u015fi c\u0103tre Monica Macovei: &#8220;Fac apel la doamna Monica Macovei s\u0103 se [&hellip;]<\/p>\n","protected":false},"author":1,"featured_media":198969,"comment_status":"open","ping_status":"","sticky":false,"template":"","format":"standard","meta":{"footnotes":""},"categories":[2],"tags":[11],"class_list":["post-198968","post","type-post","status-publish","format-standard","has-post-thumbnail","hentry","category-politics","tag-digi24"],"_links":{"self":[{"href":"https:\/\/analyse.optim.biz\/index.php?rest_route=\/wp\/v2\/posts\/198968","targetHints":{"allow":["GET"]}}],"collection":[{"href":"https:\/\/analyse.optim.biz\/index.php?rest_route=\/wp\/v2\/posts"}],"about":[{"href":"https:\/\/analyse.optim.biz\/index.php?rest_route=\/wp\/v2\/types\/post"}],"author":[{"embeddable":true,"href":"https:\/\/analyse.optim.biz\/index.php?rest_route=\/wp\/v2\/users\/1"}],"replies":[{"embeddable":true,"href":"https:\/\/analyse.optim.biz\/index.php?rest_route=%2Fwp%2Fv2%2Fcomments&post=198968"}],"version-history":[{"count":0,"href":"https:\/\/analyse.optim.biz\/index.php?rest_route=\/wp\/v2\/posts\/198968\/revisions"}],"wp:featuredmedia":[{"embeddable":true,"href":"https:\/\/analyse.optim.biz\/index.php?rest_route=\/wp\/v2\/media\/198969"}],"wp:attachment":[{"href":"https:\/\/analyse.optim.biz\/index.php?rest_route=%2Fwp%2Fv2%2Fmedia&parent=198968"}],"wp:term":[{"taxonomy":"category","embeddable":true,"href":"https:\/\/analyse.optim.biz\/index.php?rest_route=%2Fwp%2Fv2%2Fcategories&post=198968"},{"taxonomy":"post_tag","embeddable":true,"href":"https:\/\/analyse.optim.biz\/index.php?rest_route=%2Fwp%2Fv2%2Ftags&post=198968"}],"curies":[{"name":"wp","href":"https:\/\/api.w.org\/{rel}","templated":true}]}}