{"id":198946,"date":"2014-08-20T14:21:47","date_gmt":"2014-08-20T11:21:47","guid":{"rendered":"https:\/\/analyse.optim.biz\/?p=198946"},"modified":"2014-08-20T14:21:47","modified_gmt":"2014-08-20T11:21:47","slug":"udmr-readuce-in-discutie-tema-autonomiei","status":"publish","type":"post","link":"https:\/\/analyse.optim.biz\/?p=198946","title":{"rendered":"UDMR readuce \u00een discu\u021bie tema autonomiei"},"content":{"rendered":"<div class=\"entry data-app-meta data-app-meta-article\" data-embed-base-url-canonical=\"https:\/\/www.digi24.ro\/embed\/stiri\/actualitate\/politica\/udmr-readuce-in-discutie-tema-autonomiei-283422\">\n<p data-index=\"1\">\u201e<span>A\u015fa cum \u00een Tirolul de Sud, \u00een alte p\u0103r\u0163i ale Europei sunt diferite feluri de autonomie, noi consider\u0103m c\u0103 o comunitate puternic\u0103, minoritatea maghiar\u0103 are dreptul la unele feluri de autonomie. Nu cred c\u0103 e o problem\u0103 s\u0103 ai formulat un asemenea proiect. Evident, dac\u0103 e nevoie s\u0103 se modifice Constitu\u0163ia, cu 66% \u00een Parlament se va modifica. De ce nu putem discuta, s\u0103 avem \u00een unele zone ale \u0163\u0103rii, unde tr\u0103iesc \u00een majoritate maghiari, o limb\u0103 regional\u0103 recunoscut\u0103? Vrem s\u0103 cunoa\u015ftem \u015fi punctul de vedere al majorit\u0103\u0163ii, nu numai al politicienilor, ci \u015fi al societ\u0103\u0163ii. Dac\u0103 o comunitate de peste un milion de oameni vrea ceva, trebuie s\u0103 discu\u0163i cu ea civilizat, bazat pe argumente\u201d, a declarat Laszlo Borbely, vicepre\u015fedintele politic al UDMR, la <a href=\"http:\/\/www.rfi.ro\/\" target=\"_blank\" data-skip-linkfix=\"1\" rel=\"noopener\">RFI<\/a>.<\/span><\/p>\n<\/div>\n<p> Source URL: https:\/\/www.digi24.ro\/stiri\/actualitate\/politica\/udmr-readuce-in-discutie-tema-autonomiei-283422<\/p>\n","protected":false},"excerpt":{"rendered":"<p>\u201eA\u015fa cum \u00een Tirolul de Sud, \u00een alte p\u0103r\u0163i ale Europei sunt diferite feluri de autonomie, noi consider\u0103m c\u0103 o comunitate puternic\u0103, minoritatea maghiar\u0103 are dreptul la unele feluri de autonomie. Nu cred c\u0103 e o problem\u0103 s\u0103 ai formulat un asemenea proiect. Evident, dac\u0103 e nevoie s\u0103 se modifice Constitu\u0163ia, cu 66% \u00een Parlament [&hellip;]<\/p>\n","protected":false},"author":1,"featured_media":198947,"comment_status":"open","ping_status":"","sticky":false,"template":"","format":"standard","meta":{"footnotes":""},"categories":[2],"tags":[11],"class_list":["post-198946","post","type-post","status-publish","format-standard","has-post-thumbnail","hentry","category-politics","tag-digi24"],"_links":{"self":[{"href":"https:\/\/analyse.optim.biz\/index.php?rest_route=\/wp\/v2\/posts\/198946","targetHints":{"allow":["GET"]}}],"collection":[{"href":"https:\/\/analyse.optim.biz\/index.php?rest_route=\/wp\/v2\/posts"}],"about":[{"href":"https:\/\/analyse.optim.biz\/index.php?rest_route=\/wp\/v2\/types\/post"}],"author":[{"embeddable":true,"href":"https:\/\/analyse.optim.biz\/index.php?rest_route=\/wp\/v2\/users\/1"}],"replies":[{"embeddable":true,"href":"https:\/\/analyse.optim.biz\/index.php?rest_route=%2Fwp%2Fv2%2Fcomments&post=198946"}],"version-history":[{"count":0,"href":"https:\/\/analyse.optim.biz\/index.php?rest_route=\/wp\/v2\/posts\/198946\/revisions"}],"wp:featuredmedia":[{"embeddable":true,"href":"https:\/\/analyse.optim.biz\/index.php?rest_route=\/wp\/v2\/media\/198947"}],"wp:attachment":[{"href":"https:\/\/analyse.optim.biz\/index.php?rest_route=%2Fwp%2Fv2%2Fmedia&parent=198946"}],"wp:term":[{"taxonomy":"category","embeddable":true,"href":"https:\/\/analyse.optim.biz\/index.php?rest_route=%2Fwp%2Fv2%2Fcategories&post=198946"},{"taxonomy":"post_tag","embeddable":true,"href":"https:\/\/analyse.optim.biz\/index.php?rest_route=%2Fwp%2Fv2%2Ftags&post=198946"}],"curies":[{"name":"wp","href":"https:\/\/api.w.org\/{rel}","templated":true}]}}