{"id":198943,"date":"2014-08-20T14:22:04","date_gmt":"2014-08-20T11:22:04","guid":{"rendered":"https:\/\/analyse.optim.biz\/?p=198943"},"modified":"2014-08-20T14:22:04","modified_gmt":"2014-08-20T11:22:04","slug":"elena-udrea-dupa-intalnirea-cu-traian-basescu-a-fost-o-discutie-pozitiva-optimista-programul-de-candidat-a-fost-primit-pozitiv","status":"publish","type":"post","link":"https:\/\/analyse.optim.biz\/?p=198943","title":{"rendered":"Elena Udrea, dup\u0103 \u00eent\u00e2lnirea cu Traian B\u0103sescu: A fost o discu\u021bie pozitiv\u0103, optimist\u0103. Programul de candidat a fost primit pozitiv\u00a0"},"content":{"rendered":"<div class=\"entry data-app-meta data-app-meta-article\" data-embed-base-url-canonical=\"https:\/\/www.digi24.ro\/embed\/stiri\/actualitate\/politica\/elena-udrea-dupa-intalnirea-cu-traian-basescu-a-fost-o-discutie-pozitiva-optimista-programul-de-candidat-a-fost-primit-pozitiv-283424\">\n<p data-index=\"1\">\u00a0<img decoding=\"async\" src=\"https:\/\/analyse.optim.biz\/wp-content\/uploads\/2024\/09\/mczoyxnopwflmjq3zwm0ntjjotm1ndjmnjayyjc0mguwndjmmze0-thumb_.jpg\" data-skip-htmlfix=\"1\" title=\"mczoyxnopwflmjq3zwm0ntjjotm1ndjmnjayyjc0mguwndjmmze0-thumb_\"><\/p>\n<p data-index=\"2\"><strong>(FOTO Facebook Elena Udrea)<\/strong><\/p>\n<p data-index=\"3\"><strong>ACTUALIZARE 19.00.<\/strong> Elena Udrea a evitat s\u0103 spun\u0103 explicit dac\u0103 este candidatul favorit al \u0219efului statului, preciz\u00e2nd c\u0103 Traian B\u0103sescu va anun\u021ba, \u00een aceast\u0103 sear\u0103, ce decizie a luat \u00een privin\u021ba preziden\u021biabilului pe care \u00eel va sus\u021bine.<\/p>\n<p data-index=\"4\">\u201eCeea ce v\u0103 pot declara este c\u0103 a fost o discu\u0163ie pozitiv\u0103, una \u00een care am discutat foarte mult despre con\u0163inutul programului \u015fi oferta candidatului Elena Udrea, despre PMP \u015fi despre campania electoral\u0103 \u00een general. A fost o discu\u0163ie extrem de consistent\u0103, cu multe argumente. O descriu ca pe o \u00eent\u00e2lnire pozitiv\u0103, pentru mine \u015fi pentru partid\u201d, a spus pre\u0219edintele PMP. \u00a0<\/p>\n<p data-index=\"5\"><em><strong>\u201eVoi schimba majoritatea parlamentar\u0103 \u015fi voi schimba Guvernul, \u00eel voi \u00eenlocui pe domnul Victor Ponta cu un prim-ministru care s\u0103 aib\u0103 viziune \u015fi care s\u0103 fi demonstrat c\u0103 poate duce un proiect la bun sf\u00e2r\u015fit\u201d<\/strong><\/em>, a mai spus Elena Udrea.<\/p>\n<p data-index=\"6\"><em><strong>\u00centrebat\u0103 dac\u0103 Traian B\u0103sescu este o posibil\u0103 variant\u0103 pentru func\u0163ia de premier, Elena Udrea a r\u0103spuns c\u0103 nu a luat \u00een calcul aceast\u0103 variant\u0103,<\/strong><\/em> transmite Mediafax. \u00a0<\/p>\n<hr>\n<p data-index=\"7\">\u00a0\u00cent\u00e2lnirea vine la o zi dup\u0103 votarea pre\u015fedintelui PMP, \u00een cadrul Colegiului Na\u0163ional, ca \u015fi candidat al forma\u0163iunii la alegerile preziden\u0163iale.<\/p>\n<p data-index=\"8\"><a href=\"https:\/\/www.digi24.ro\/Stiri\/Digi24\/Actualitate\/Politica\/ELENA+UDREA+CANDIDAT+PMP+PREZIDENTIALE\" target=\"_blank\" data-skip-linkfix=\"1\" rel=\"noopener\"><strong>Elena Udrea<\/strong><\/a> a declarat, dup\u0103 anun\u0163area candidaturii sale, c\u0103 mizeaz\u0103 pe sus\u0163inerea pre\u015fedintelui <strong>Traian B\u0103sescu<\/strong> \u00een aceast\u0103 campanie.\u00a0<\/p>\n<p data-index=\"9\">Elena Udrea vrea s\u0103 ob\u0163in\u0103 r\u0103spunsul ferm c\u0103 ea este candidatul sus\u0163inut de pre\u015fedinte \u00een competi\u0163ia pentru Cotroceni.<\/p>\n<p data-index=\"10\">Ini\u0163ial, Traian B\u0103sescu a semnat pe lista de sus\u0163in\u0103tori ai lui <a href=\"https:\/\/www.digi24.ro\/Stiri\/Digi24\/Actualitate\/Politica\/Cristian+Diaconescu+Imi+anunt+candidatura+de+independent+la+pres\" target=\"_blank\" data-skip-linkfix=\"1\" rel=\"noopener\"><strong>Cristian Diaconescu<\/strong><\/a>, c\u00e2nd acesta fusese desemnat din partea PMP drept candidat la preziden\u0163iale.<\/p>\n<p data-index=\"11\">\u00cen urm\u0103 cu dou\u0103 zile, Cristian Diaconescu a anun\u0163at c\u0103 va candida ca independent.<\/p>\n<p data-index=\"12\">Elena Udrea a declarat, la <strong><a href=\"http:\/\/adevarul.ro\/news\/politica\/elena-udrea-candidatul-pmp-presedintia-romaniei-victor-ponta-alegeri-prezidentiale-1_53f4240a0d133766a86b4094\/index.html\" target=\"_blank\" data-skip-linkfix=\"1\" rel=\"noopener\">Adev\u0103rul Live<\/a>,<\/strong> c\u0103 semn\u0103tura lui Traian B\u0103sescu pentru candidatura lui Cristian Diaconescu nu mai este valabil\u0103 \u0219i c\u0103 \u0219eful statului va putea semna pentru un alt candidat.<\/p>\n<p data-index=\"13\">&#8220;Legal se poate (ca Traian B\u0103sescu s\u0103 semneze pentru un alt candidat, n.r.) pentru c\u0103 domnul Cristian Diaconescu nu mai este candidatul PMP, d\u00e2nsul dac\u0103 vrea s\u0103 str\u00e2ng\u0103 alt\u0103 list\u0103 de semn\u0103turi, aceea nu mai este valabil\u0103. Legal s-ar putea. Important nu este neap\u0103rat aceast\u0103 semn\u0103tur\u0103. Sigur, conteaz\u0103 foarte mult pe lista de sus\u021bin\u0103tori a cui semneaz\u0103 Traian B\u0103sescu. Important este cui d\u0103 votul domnul pre\u0219edinte \u0219i pe cine va sus\u021bine \u00een aceast\u0103 campanie. M-a\u0219 bucura ca sus\u021binerea lui Traian B\u0103sescu s\u0103 vin\u0103 c\u0103tre mine&#8221;, a declarat liderul PMP.<\/p>\n<\/div>\n<p> Source URL: https:\/\/www.digi24.ro\/stiri\/actualitate\/politica\/elena-udrea-dupa-intalnirea-cu-traian-basescu-a-fost-o-discutie-pozitiva-optimista-programul-de-candidat-a-fost-primit-pozitiv-283424<\/p>\n","protected":false},"excerpt":{"rendered":"<p>\u00a0 (FOTO Facebook Elena Udrea) ACTUALIZARE 19.00. Elena Udrea a evitat s\u0103 spun\u0103 explicit dac\u0103 este candidatul favorit al \u0219efului statului, preciz\u00e2nd c\u0103 Traian B\u0103sescu va anun\u021ba, \u00een aceast\u0103 sear\u0103, ce decizie a luat \u00een privin\u021ba preziden\u021biabilului pe care \u00eel va sus\u021bine. \u201eCeea ce v\u0103 pot declara este c\u0103 a fost o discu\u0163ie pozitiv\u0103, una [&hellip;]<\/p>\n","protected":false},"author":1,"featured_media":198944,"comment_status":"open","ping_status":"","sticky":false,"template":"","format":"standard","meta":{"footnotes":""},"categories":[2],"tags":[11],"class_list":["post-198943","post","type-post","status-publish","format-standard","has-post-thumbnail","hentry","category-politics","tag-digi24"],"_links":{"self":[{"href":"https:\/\/analyse.optim.biz\/index.php?rest_route=\/wp\/v2\/posts\/198943","targetHints":{"allow":["GET"]}}],"collection":[{"href":"https:\/\/analyse.optim.biz\/index.php?rest_route=\/wp\/v2\/posts"}],"about":[{"href":"https:\/\/analyse.optim.biz\/index.php?rest_route=\/wp\/v2\/types\/post"}],"author":[{"embeddable":true,"href":"https:\/\/analyse.optim.biz\/index.php?rest_route=\/wp\/v2\/users\/1"}],"replies":[{"embeddable":true,"href":"https:\/\/analyse.optim.biz\/index.php?rest_route=%2Fwp%2Fv2%2Fcomments&post=198943"}],"version-history":[{"count":0,"href":"https:\/\/analyse.optim.biz\/index.php?rest_route=\/wp\/v2\/posts\/198943\/revisions"}],"wp:featuredmedia":[{"embeddable":true,"href":"https:\/\/analyse.optim.biz\/index.php?rest_route=\/wp\/v2\/media\/198944"}],"wp:attachment":[{"href":"https:\/\/analyse.optim.biz\/index.php?rest_route=%2Fwp%2Fv2%2Fmedia&parent=198943"}],"wp:term":[{"taxonomy":"category","embeddable":true,"href":"https:\/\/analyse.optim.biz\/index.php?rest_route=%2Fwp%2Fv2%2Fcategories&post=198943"},{"taxonomy":"post_tag","embeddable":true,"href":"https:\/\/analyse.optim.biz\/index.php?rest_route=%2Fwp%2Fv2%2Ftags&post=198943"}],"curies":[{"name":"wp","href":"https:\/\/api.w.org\/{rel}","templated":true}]}}