{"id":1987071,"date":"2026-06-12T18:14:30","date_gmt":"2026-06-12T15:14:30","guid":{"rendered":"https:\/\/analyse.optim.biz\/?p=1987071"},"modified":"2026-06-12T18:14:30","modified_gmt":"2026-06-12T15:14:30","slug":"diana-sosoaca-pune-la-punct-ambasadele-straine-din-romania-care-sustin-ideologia-lgbt","status":"publish","type":"post","link":"https:\/\/analyse.optim.biz\/?p=1987071","title":{"rendered":"Diana \u0218o\u0219oac\u0103 pune la punct ambasadele str\u0103ine din Rom\u00e2nia care sus\u021bin ideologia LGBT"},"content":{"rendered":"<p>[analyse_image type=&#8221;featured&#8221; src=&#8221;https:\/\/www.incorectpolitic.com\/wp-content\/uploads\/2024\/02\/diana-sosoaca-elie-wiesel.jpg&#8221;]<\/p>\n<div class=\"entry\">\n<p><strong>Incorect Politic<\/strong><br \/>\nIunie 12, 2026<\/p>\n<p><a href=\"https:\/\/www.incorectpolitic.com\/diana-sosoaca-sustine-inarmarea-populatiei-si-acesta-este-un-lucru-bun-daca-am-arma-ma-apar-singura-in-tara-asta-cand-esti-patriot-deja-esti-in-pericol\/diana-sosoaca-arme\/\" rel=\"attachment wp-att-45579\"><img loading=\"lazy\" decoding=\"async\" class=\"size-large wp-image-45579 aligncenter lazyload\" alt width=\"618\" height=\"412\" src=\"https:\/\/www.incorectpolitic.com\/wp-content\/uploads\/2021\/01\/Diana-Sosoaca-arme-800x533.jpg\"><\/a><\/p>\n<p><img loading=\"lazy\" decoding=\"async\" class=\"size-large wp-image-45579 aligncenter\" src=\"https:\/\/www.incorectpolitic.com\/wp-content\/uploads\/2021\/01\/Diana-Sosoaca-arme-800x533.jpg\" alt width=\"618\" height=\"412\" data-eio=\"l\"><\/p>\n<h3><strong>Diana \u0218o\u0219oac\u0103 pune la punct ambasadele str\u0103ine din Rom\u00e2nia care sus\u021bin ideologia LGBT<\/strong><\/h3>\n<p><em>Via <a href=\"https:\/\/sosro.ro\/protest-impotriva-ambasadelor-care-impun-poporului-roman-ideologia-lgbt\/\">SOSRO<\/a>:<\/em><\/p>\n<h3><strong>PROTEST \u00ceMPOTRIVA AMBASADELOR CARE IMPUN POPORULUI ROM\u00c2N IDEOLOGIA LGBT<\/strong><\/h3>\n<p><strong>DIANA IOVANOVICI-\u0218O\u0218OAC\u0102: NIMENI NU ARE DREPTUL S\u0102 DICTEZE VALORILE MORALE \u015eI CULTURALE POPORULUI ROM\u00c2N! CEREM AMBASADELOR STR\u0102INE S\u0102 EXPLICE \u00ceN BAZA C\u0102RUI TEMEI LEGAL NE OBLIG\u0102 S\u0102 NE LEP\u0102D\u0102M DE CREDIN\u0162A ORTODOX\u0102 \u015eI S\u0102 TRANSFORM\u0102M ROM\u00c2NIA \u00ceN SODOMA \u015eI GOMORA!\u00a0<\/strong><\/p>\n<p>\u00a0<\/p>\n<p>Partidul S.O.S. Rom\u00e2nia a luat act cu \u00eengrijorare \u015fi condamn\u0103 cu fermitate declara\u021bia comun\u0103 semnat\u0103 de mai multe ambasade acreditate la Bucure\u0219ti cu ocazia evenimentului care promoveaz\u0103 propaganda LGBT \u00een Rom\u00e2nia, denumit pompos Bucharest Pride 2026. Aceast\u0103 declara\u021bie dep\u0103\u0219e\u0219te limitele diploma\u021biei \u0219i este o jignire f\u0103r\u0103 precedent la adresa poporului rom\u00e2n cre\u015ftin ortodox , la adresa valorilor na\u0163ionale, culturale, tradi\u0163ionale din Rom\u00e2nia.<\/p>\n<p>Rom\u00e2nia este un stat suveran. Poporul rom\u00e2n are dreptul exclusiv de a decide asupra valorilor, tradi\u021biilor, credin\u0163ei \u0219i modelului de societate pe care dore\u0219te s\u0103 \u00eel transmit\u0103 genera\u021biilor viitoare. Nicio ambasad\u0103 \u0219i nicio structur\u0103 extern\u0103 nu poate pretinde rolul de educator ideologic al societ\u0103\u021bii rom\u00e2ne\u0219ti.<\/p>\n<p>Este inacceptabil ca misiuni diplomatice acreditate \u00een Rom\u00e2nia s\u0103 desf\u0103\u0219oare campanii publice prin care promoveaz\u0103 anumite agende sociale \u0219i ideologice, \u00een timp ce ignor\u0103 dreptul majorit\u0103\u021bii cet\u0103\u021benilor de a-\u0219i p\u0103stra identitatea cultural\u0103, religioas\u0103 \u0219i na\u021bional\u0103. Rolul unei ambasade este dezvoltarea rela\u021biilor bilaterale dintre state, nu influen\u021barea politicilor sociale \u0219i morale ale \u021b\u0103rii gazd\u0103.<\/p>\n<p>Aici este Rom\u00e2nia! Nu este \u021bara ambasadelor str\u0103ine! Poporul rom\u00e2n are dreptul s\u0103 \u00ee\u0219i apere credin\u021ba, familia, tradi\u021bia, identitatea na\u021bional\u0103 \u0219i valorile cre\u0219tine f\u0103r\u0103 s\u0103 primeasc\u0103 lec\u021bii de moral\u0103 de la diploma\u021bi acredita\u021bi temporar la Bucure\u0219ti.<\/p>\n<p>Constitu\u021bia Rom\u00e2niei garanteaz\u0103 libertatea tuturor cet\u0103\u021benilor \u0219i protec\u021bia drepturilor fundamentale, \u00eens\u0103 aceasta consacr\u0103 \u00een acela\u0219i timp dreptul poporului rom\u00e2n de a-\u0219i p\u0103stra identitatea na\u021bional\u0103, tradi\u021biile \u0219i valorile culturale. Respectarea drepturilor individuale nu poate fi transformat\u0103 \u00eentr-un instrument de presiune politic\u0103 sau ideologic\u0103 asupra unei \u00eentregi societ\u0103\u021bi.<\/p>\n<p>Este revolt\u0103tor c\u0103 unele reprezentan\u021be diplomatice aleg s\u0103 dea lec\u0163ii poporului rom\u00e2n din bordelurile lor mizerabile, \u00een loc s\u0103 manifeste preocupare pentru problemele reale ale cet\u0103\u021benilor: s\u0103r\u0103cia, depopularea, exodul tinerilor, criza demografic\u0103, destr\u0103marea familiei \u0219i declinul comunit\u0103\u021bilor rurale.<\/p>\n<p>Nu accept\u0103m ca reprezentan\u021bii unor state care asist\u0103 neputincio\u0219i la golirea bisericilor din \u0163\u0103rile lor \u0219i la transformarea acestora \u00een baruri, spa\u021bii de divertisment \u015fi bordeluri s\u0103 vin\u0103 \u00een Rom\u00e2nia \u015fi ne dea lec\u021bii despre viitorul societ\u0103\u021bii, despre valori \u015fi despre moralitate.<\/p>\n<p>\u00cen Rom\u00e2nia bisericile sunt arhipline la Sf\u00e2nta Liturghie! \u00cen Rom\u00e2nia sunt comunit\u0103\u021bi vii \u0219i oameni care \u00ee\u0219i asum\u0103 credin\u021ba cre\u0219tin\u0103, cea mai important\u0103 resurs\u0103 spiritual\u0103 a na\u021biunii rom\u00e2ne \u015fi a Europei care a \u0163inut-o \u00een istorie.<\/p>\n<p>Aceast\u0103 situa\u0163ie ar trebui s\u0103 fie un motiv de reflec\u021bie pentru ace\u015fti ambasadori! Ace\u015ftia ambasadori nu pot fi un model nici pentru Rom\u00e2nia, nici pentru \u0163\u0103rile lor c\u0103rora nu le fac cinste!<\/p>\n<p>Familia format\u0103 din mam\u0103, tat\u0103 \u0219i copii r\u0103m\u00e2ne fundamentul civiliza\u021biei rom\u00e2ne\u0219ti \u0219i europene \u015fi promotorul vie\u0163ii. Ap\u0103rarea familiei, a natalit\u0103\u021bii \u0219i a valorilor cre\u0219tine nu reprezint\u0103 discriminare, ci exercitarea legitim\u0103 a dreptului unui popor de a-\u0219i conserva identitatea \u0219i continuitatea istoric\u0103.<\/p>\n<p>Rom\u00e2nia este o \u021bar\u0103 a libert\u0103\u021bii de exprimare, dar \u0219i o \u021bar\u0103 care \u00ee\u0219i ap\u0103r\u0103 suveranitatea, identitatea \u0219i valorile sale fundamentale.<\/p>\n<p>Cazurile care au zguduit opinia public\u0103 interna\u021bional\u0103, inclusiv scandalul Epstein, demonstreaz\u0103 c\u0103 societ\u0103\u021bile democratice trebuie s\u0103 r\u0103m\u00e2n\u0103 vigilente \u00een fa\u021ba oric\u0103ror tentative de relativizare a normelor morale \u0219i juridice fundamentale. Protec\u021bia copiilor, ap\u0103rarea familiei \u0219i sanc\u021bionarea ferm\u0103 a oric\u0103rei forme de exploatare sexual\u0103 trebuie s\u0103 r\u0103m\u00e2n\u0103 principii nenegociabile.<\/p>\n<p>Consider\u0103m c\u0103 aceast\u0103 declara\u021bie reprezint\u0103 o dep\u0103\u0219ire grav\u0103 a limitelor diploma\u021biei \u0219i o form\u0103 de presiune politic\u0103 exercitat\u0103 asupra societ\u0103\u021bii rom\u00e2ne\u0219ti.<\/p>\n<p>Solicit\u0103m Ministerului Afacerilor Externe s\u0103 reaminteasc\u0103 tuturor misiunilor diplomatice acreditate la Bucure\u0219ti obliga\u021bia de a respecta principiul neamestecului \u00een treburile interne ale statului rom\u00e2n \u0219i de a manifesta respect fa\u021b\u0103 de sensibilit\u0103\u021bile culturale \u0219i religioase ale poporului rom\u00e2n.<\/p>\n<p>Dac\u0103 nu o face MAE, o facem noi, poporul rom\u00e2n!<\/p>\n<p>Solicit\u0103m, de asemenea, Ministerului Afacerilor Externe s\u0103 precizeze public dac\u0103 aceste ac\u021biuni sunt compatibile cu obliga\u021biile asumate de misiunile diplomatice acreditate \u00een Rom\u00e2nia \u0219i dac\u0103 a existat vreo consultare oficial\u0103 cu autorit\u0103\u021bile rom\u00e2ne \u00eenaintea lans\u0103rii acestui demers.<\/p>\n<p>De asemenea, solicit\u0103m fiec\u0103rei ambasade semnatare s\u0103 r\u0103spund\u0103 public la urm\u0103toarele \u00eentreb\u0103ri:<\/p>\n<p>\u00cen baza c\u0103rui temei legal desf\u0103\u0219ura\u021bi voi astfel de campanii publice pe teritoriul Rom\u00e2niei?<\/p>\n<p>Cine v-a conferit vou\u0103 mandatul de a interveni \u00een problemele sociale, culturale \u0219i morale ale poporului rom\u00e2n?<\/p>\n<p>Cum v-a\u021bi permis s\u0103 transforma\u021bi reprezentan\u021bele diplomatice \u00een instrumente de promovare a unor agende ideologice \u00eentr-un stat suveran?<\/p>\n<p>Mesajul poporului rom\u00e2n pentru ace\u0219ti ambasadori care \u00ee\u0219i bat joc de popoarele pe care le reprezint\u0103 este urm\u0103torul:<\/p>\n<p>Dac\u0103 \u00eentr-adev\u0103r a\u021bi semnat, voi to\u021bi ambasadorii semnatari sunte\u021bi o ru\u0219ine pentru popoarele vizate. Dac\u0103 nu a\u021bi semnat, v\u0103 solicit\u0103m s\u0103 lua\u021bi atitudine \u00eempotriva ambasadorului Marii Britanii.<\/p>\n<p>\u00cei avertiz\u0103m pe to\u021bi cei care cred c\u0103 pot rescrie legea moral\u0103, tradi\u021bia \u0219i credin\u021ba unui popor c\u0103 nicio putere politic\u0103 nu este mai presus de judecata lui Dumnezeu. Imperii, regate \u0219i sisteme politice care p\u0103reau de neclintit au disp\u0103rut atunci c\u00e2nd au abandonat valorile care le-au dat coeziune \u0219i sens.<\/p>\n<p>Istoria biblic\u0103 a Sodomei \u0219i Gomorei r\u0103m\u00e2ne un avertisment pentru \u00eentreaga omenire c\u0103 nicio civiliza\u021bie nu poate supravie\u021bui atunci c\u00e2nd se \u00eendep\u0103rteaz\u0103 de r\u00e2nduiala lui Dumnezeu \u0219i ridic\u0103 p\u0103catul la rang de norm\u0103 social\u0103.<\/p>\n<p>Le spunem acestor ambasadori c\u0103 nu este nicio m\u00e2ndrie s\u0103 fie pro-LGBT! M\u00e2ndrie este s\u0103 fii rom\u00e2n, m\u00e2ndrie este s\u0103 apar\u021bii unei na\u021biuni cu profunde r\u0103d\u0103cini cre\u0219tine, m\u00e2ndrie este s\u0103 aperi credin\u021ba ortodox\u0103, care r\u0103m\u00e2ne pentru milioane de oameni un reper esen\u021bial al identit\u0103\u021bii, culturii \u0219i continuit\u0103\u021bii istorice a marelui popor rom\u00e2n.<\/p>\n<p>Dup\u0103 ce poporul rom\u00e2n a fost de straj\u0103 la por\u021bile Europei pentru a nu fi invadat\u0103 de Imperiul Otoman \u0219i ne-am distrus evolu\u021bia economic\u0103, \u00een timp ce Occidentul se \u00eembog\u0103\u021bea f\u0103r\u0103 m\u0103sur\u0103, poporul rom\u00e2n are dreptul \u0219i datoria de a-\u0219i ap\u0103ra valorile cre\u0219tine \u0219i identitatea spiritual\u0103 mo\u0219tenit\u0103 de la \u00eenainta\u0219i \u00een fa\u021ba oric\u0103rei \u00eencerc\u0103ri de a-i \u0219terge r\u0103d\u0103cinile \u0219i memoria istoric\u0103.<\/p>\n<p>A\u0219a s\u0103 ne ajute Dumnezeu!<\/p>\n<p>\u00a0<\/p>\n<p>Av. Europarlamentar<br \/>\nDiana Iovanovici-\u0218o\u0219oac\u0103<br \/>\nPre\u0219edintele Partidului S.O.S. Rom\u00e2nia<\/p>\n<\/div>\n<div class=\"entry\">\n<p><strong>Incorect Politic<\/strong><br \/>\nIunie 12, 2026<\/p>\n<p><a href=\"https:\/\/www.incorectpolitic.com\/diana-sosoaca-sustine-inarmarea-populatiei-si-acesta-este-un-lucru-bun-daca-am-arma-ma-apar-singura-in-tara-asta-cand-esti-patriot-deja-esti-in-pericol\/diana-sosoaca-arme\/\" rel=\"attachment wp-att-45579\"><img loading=\"lazy\" decoding=\"async\" class=\"size-large wp-image-45579 aligncenter lazyload\" alt width=\"618\" height=\"412\" src=\"https:\/\/www.incorectpolitic.com\/wp-content\/uploads\/2021\/01\/Diana-Sosoaca-arme-800x533.jpg\"><\/a><\/p>\n<p><img loading=\"lazy\" decoding=\"async\" class=\"size-large wp-image-45579 aligncenter\" src=\"https:\/\/www.incorectpolitic.com\/wp-content\/uploads\/2021\/01\/Diana-Sosoaca-arme-800x533.jpg\" alt width=\"618\" height=\"412\" data-eio=\"l\"><\/p>\n<h3><strong>Diana \u0218o\u0219oac\u0103 pune la punct ambasadele str\u0103ine din Rom\u00e2nia care sus\u021bin ideologia LGBT<\/strong><\/h3>\n<p><em>Via <a href=\"https:\/\/sosro.ro\/protest-impotriva-ambasadelor-care-impun-poporului-roman-ideologia-lgbt\/\">SOSRO<\/a>:<\/em><\/p>\n<h3><strong>PROTEST \u00ceMPOTRIVA AMBASADELOR CARE IMPUN POPORULUI ROM\u00c2N IDEOLOGIA LGBT<\/strong><\/h3>\n<p><strong>DIANA IOVANOVICI-\u0218O\u0218OAC\u0102: NIMENI NU ARE DREPTUL S\u0102 DICTEZE VALORILE MORALE \u015eI CULTURALE POPORULUI ROM\u00c2N! CEREM AMBASADELOR STR\u0102INE S\u0102 EXPLICE \u00ceN BAZA C\u0102RUI TEMEI LEGAL NE OBLIG\u0102 S\u0102 NE LEP\u0102D\u0102M DE CREDIN\u0162A ORTODOX\u0102 \u015eI S\u0102 TRANSFORM\u0102M ROM\u00c2NIA \u00ceN SODOMA \u015eI GOMORA!\u00a0<\/strong><\/p>\n<p>\u00a0<\/p>\n<p>Partidul S.O.S. Rom\u00e2nia a luat act cu \u00eengrijorare \u015fi condamn\u0103 cu fermitate declara\u021bia comun\u0103 semnat\u0103 de mai multe ambasade acreditate la Bucure\u0219ti cu ocazia evenimentului care promoveaz\u0103 propaganda LGBT \u00een Rom\u00e2nia, denumit pompos Bucharest Pride 2026. Aceast\u0103 declara\u021bie dep\u0103\u0219e\u0219te limitele diploma\u021biei \u0219i este o jignire f\u0103r\u0103 precedent la adresa poporului rom\u00e2n cre\u015ftin ortodox , la adresa valorilor na\u0163ionale, culturale, tradi\u0163ionale din Rom\u00e2nia.<\/p>\n<p>Rom\u00e2nia este un stat suveran. Poporul rom\u00e2n are dreptul exclusiv de a decide asupra valorilor, tradi\u021biilor, credin\u0163ei \u0219i modelului de societate pe care dore\u0219te s\u0103 \u00eel transmit\u0103 genera\u021biilor viitoare. Nicio ambasad\u0103 \u0219i nicio structur\u0103 extern\u0103 nu poate pretinde rolul de educator ideologic al societ\u0103\u021bii rom\u00e2ne\u0219ti.<\/p>\n<p>Este inacceptabil ca misiuni diplomatice acreditate \u00een Rom\u00e2nia s\u0103 desf\u0103\u0219oare campanii publice prin care promoveaz\u0103 anumite agende sociale \u0219i ideologice, \u00een timp ce ignor\u0103 dreptul majorit\u0103\u021bii cet\u0103\u021benilor de a-\u0219i p\u0103stra identitatea cultural\u0103, religioas\u0103 \u0219i na\u021bional\u0103. Rolul unei ambasade este dezvoltarea rela\u021biilor bilaterale dintre state, nu influen\u021barea politicilor sociale \u0219i morale ale \u021b\u0103rii gazd\u0103.<\/p>\n<p>Aici este Rom\u00e2nia! Nu este \u021bara ambasadelor str\u0103ine! Poporul rom\u00e2n are dreptul s\u0103 \u00ee\u0219i apere credin\u021ba, familia, tradi\u021bia, identitatea na\u021bional\u0103 \u0219i valorile cre\u0219tine f\u0103r\u0103 s\u0103 primeasc\u0103 lec\u021bii de moral\u0103 de la diploma\u021bi acredita\u021bi temporar la Bucure\u0219ti.<\/p>\n<p>Constitu\u021bia Rom\u00e2niei garanteaz\u0103 libertatea tuturor cet\u0103\u021benilor \u0219i protec\u021bia drepturilor fundamentale, \u00eens\u0103 aceasta consacr\u0103 \u00een acela\u0219i timp dreptul poporului rom\u00e2n de a-\u0219i p\u0103stra identitatea na\u021bional\u0103, tradi\u021biile \u0219i valorile culturale. Respectarea drepturilor individuale nu poate fi transformat\u0103 \u00eentr-un instrument de presiune politic\u0103 sau ideologic\u0103 asupra unei \u00eentregi societ\u0103\u021bi.<\/p>\n<p>Este revolt\u0103tor c\u0103 unele reprezentan\u021be diplomatice aleg s\u0103 dea lec\u0163ii poporului rom\u00e2n din bordelurile lor mizerabile, \u00een loc s\u0103 manifeste preocupare pentru problemele reale ale cet\u0103\u021benilor: s\u0103r\u0103cia, depopularea, exodul tinerilor, criza demografic\u0103, destr\u0103marea familiei \u0219i declinul comunit\u0103\u021bilor rurale.<\/p>\n<p>Nu accept\u0103m ca reprezentan\u021bii unor state care asist\u0103 neputincio\u0219i la golirea bisericilor din \u0163\u0103rile lor \u0219i la transformarea acestora \u00een baruri, spa\u021bii de divertisment \u015fi bordeluri s\u0103 vin\u0103 \u00een Rom\u00e2nia \u015fi ne dea lec\u021bii despre viitorul societ\u0103\u021bii, despre valori \u015fi despre moralitate.<\/p>\n<p>\u00cen Rom\u00e2nia bisericile sunt arhipline la Sf\u00e2nta Liturghie! \u00cen Rom\u00e2nia sunt comunit\u0103\u021bi vii \u0219i oameni care \u00ee\u0219i asum\u0103 credin\u021ba cre\u0219tin\u0103, cea mai important\u0103 resurs\u0103 spiritual\u0103 a na\u021biunii rom\u00e2ne \u015fi a Europei care a \u0163inut-o \u00een istorie.<\/p>\n<p>Aceast\u0103 situa\u0163ie ar trebui s\u0103 fie un motiv de reflec\u021bie pentru ace\u015fti ambasadori! Ace\u015ftia ambasadori nu pot fi un model nici pentru Rom\u00e2nia, nici pentru \u0163\u0103rile lor c\u0103rora nu le fac cinste!<\/p>\n<p>Familia format\u0103 din mam\u0103, tat\u0103 \u0219i copii r\u0103m\u00e2ne fundamentul civiliza\u021biei rom\u00e2ne\u0219ti \u0219i europene \u015fi promotorul vie\u0163ii. Ap\u0103rarea familiei, a natalit\u0103\u021bii \u0219i a valorilor cre\u0219tine nu reprezint\u0103 discriminare, ci exercitarea legitim\u0103 a dreptului unui popor de a-\u0219i conserva identitatea \u0219i continuitatea istoric\u0103.<\/p>\n<p>Rom\u00e2nia este o \u021bar\u0103 a libert\u0103\u021bii de exprimare, dar \u0219i o \u021bar\u0103 care \u00ee\u0219i ap\u0103r\u0103 suveranitatea, identitatea \u0219i valorile sale fundamentale.<\/p>\n<p>Cazurile care au zguduit opinia public\u0103 interna\u021bional\u0103, inclusiv scandalul Epstein, demonstreaz\u0103 c\u0103 societ\u0103\u021bile democratice trebuie s\u0103 r\u0103m\u00e2n\u0103 vigilente \u00een fa\u021ba oric\u0103ror tentative de relativizare a normelor morale \u0219i juridice fundamentale. Protec\u021bia copiilor, ap\u0103rarea familiei \u0219i sanc\u021bionarea ferm\u0103 a oric\u0103rei forme de exploatare sexual\u0103 trebuie s\u0103 r\u0103m\u00e2n\u0103 principii nenegociabile.<\/p>\n<p>Consider\u0103m c\u0103 aceast\u0103 declara\u021bie reprezint\u0103 o dep\u0103\u0219ire grav\u0103 a limitelor diploma\u021biei \u0219i o form\u0103 de presiune politic\u0103 exercitat\u0103 asupra societ\u0103\u021bii rom\u00e2ne\u0219ti.<\/p>\n<p>Solicit\u0103m Ministerului Afacerilor Externe s\u0103 reaminteasc\u0103 tuturor misiunilor diplomatice acreditate la Bucure\u0219ti obliga\u021bia de a respecta principiul neamestecului \u00een treburile interne ale statului rom\u00e2n \u0219i de a manifesta respect fa\u021b\u0103 de sensibilit\u0103\u021bile culturale \u0219i religioase ale poporului rom\u00e2n.<\/p>\n<p>Dac\u0103 nu o face MAE, o facem noi, poporul rom\u00e2n!<\/p>\n<p>Solicit\u0103m, de asemenea, Ministerului Afacerilor Externe s\u0103 precizeze public dac\u0103 aceste ac\u021biuni sunt compatibile cu obliga\u021biile asumate de misiunile diplomatice acreditate \u00een Rom\u00e2nia \u0219i dac\u0103 a existat vreo consultare oficial\u0103 cu autorit\u0103\u021bile rom\u00e2ne \u00eenaintea lans\u0103rii acestui demers.<\/p>\n<p>De asemenea, solicit\u0103m fiec\u0103rei ambasade semnatare s\u0103 r\u0103spund\u0103 public la urm\u0103toarele \u00eentreb\u0103ri:<\/p>\n<p>\u00cen baza c\u0103rui temei legal desf\u0103\u0219ura\u021bi voi astfel de campanii publice pe teritoriul Rom\u00e2niei?<\/p>\n<p>Cine v-a conferit vou\u0103 mandatul de a interveni \u00een problemele sociale, culturale \u0219i morale ale poporului rom\u00e2n?<\/p>\n<p>Cum v-a\u021bi permis s\u0103 transforma\u021bi reprezentan\u021bele diplomatice \u00een instrumente de promovare a unor agende ideologice \u00eentr-un stat suveran?<\/p>\n<p>Mesajul poporului rom\u00e2n pentru ace\u0219ti ambasadori care \u00ee\u0219i bat joc de popoarele pe care le reprezint\u0103 este urm\u0103torul:<\/p>\n<p>Dac\u0103 \u00eentr-adev\u0103r a\u021bi semnat, voi to\u021bi ambasadorii semnatari sunte\u021bi o ru\u0219ine pentru popoarele vizate. Dac\u0103 nu a\u021bi semnat, v\u0103 solicit\u0103m s\u0103 lua\u021bi atitudine \u00eempotriva ambasadorului Marii Britanii.<\/p>\n<p>\u00cei avertiz\u0103m pe to\u021bi cei care cred c\u0103 pot rescrie legea moral\u0103, tradi\u021bia \u0219i credin\u021ba unui popor c\u0103 nicio putere politic\u0103 nu este mai presus de judecata lui Dumnezeu. Imperii, regate \u0219i sisteme politice care p\u0103reau de neclintit au disp\u0103rut atunci c\u00e2nd au abandonat valorile care le-au dat coeziune \u0219i sens.<\/p>\n<p>Istoria biblic\u0103 a Sodomei \u0219i Gomorei r\u0103m\u00e2ne un avertisment pentru \u00eentreaga omenire c\u0103 nicio civiliza\u021bie nu poate supravie\u021bui atunci c\u00e2nd se \u00eendep\u0103rteaz\u0103 de r\u00e2nduiala lui Dumnezeu \u0219i ridic\u0103 p\u0103catul la rang de norm\u0103 social\u0103.<\/p>\n<p>Le spunem acestor ambasadori c\u0103 nu este nicio m\u00e2ndrie s\u0103 fie pro-LGBT! M\u00e2ndrie este s\u0103 fii rom\u00e2n, m\u00e2ndrie este s\u0103 apar\u021bii unei na\u021biuni cu profunde r\u0103d\u0103cini cre\u0219tine, m\u00e2ndrie este s\u0103 aperi credin\u021ba ortodox\u0103, care r\u0103m\u00e2ne pentru milioane de oameni un reper esen\u021bial al identit\u0103\u021bii, culturii \u0219i continuit\u0103\u021bii istorice a marelui popor rom\u00e2n.<\/p>\n<p>Dup\u0103 ce poporul rom\u00e2n a fost de straj\u0103 la por\u021bile Europei pentru a nu fi invadat\u0103 de Imperiul Otoman \u0219i ne-am distrus evolu\u021bia economic\u0103, \u00een timp ce Occidentul se \u00eembog\u0103\u021bea f\u0103r\u0103 m\u0103sur\u0103, poporul rom\u00e2n are dreptul \u0219i datoria de a-\u0219i ap\u0103ra valorile cre\u0219tine \u0219i identitatea spiritual\u0103 mo\u0219tenit\u0103 de la \u00eenainta\u0219i \u00een fa\u021ba oric\u0103rei \u00eencerc\u0103ri de a-i \u0219terge r\u0103d\u0103cinile \u0219i memoria istoric\u0103.<\/p>\n<p>A\u0219a s\u0103 ne ajute Dumnezeu!<\/p>\n<p>\u00a0<\/p>\n<p>Av. Europarlamentar<br \/>\nDiana Iovanovici-\u0218o\u0219oac\u0103<br \/>\nPre\u0219edintele Partidului S.O.S. Rom\u00e2nia<\/p>\n<\/div>\n<article class=\"post-80361 post type-post status-publish entry includes-feat-image\">\n<div class=\"featured-image alignleft\"><a class=\"featured_post_link\" href=\"https:\/\/www.incorectpolitic.com\/ultimul-fiu-al-daciei\/\" title=\"Ultimul Fiu al Daciei\"><img loading=\"lazy\" decoding=\"async\" width=\"100\" height=\"150\" src=\"https:\/\/www.incorectpolitic.com\/wp-content\/uploads\/2025\/10\/dac.jpeg\" class=\"attachment-thumbnail size-thumbnail wp-post-image lazyload\" alt><img loading=\"lazy\" decoding=\"async\" width=\"100\" height=\"150\" src=\"https:\/\/www.incorectpolitic.com\/wp-content\/uploads\/2025\/10\/dac.jpeg\" class=\"attachment-thumbnail size-thumbnail wp-post-image\" alt data-eio=\"l\"><\/a><\/div>\n<div class=\"entry-title\"><a class=\"featured_post_link\" href=\"https:\/\/www.incorectpolitic.com\/ultimul-fiu-al-daciei\/\" title=\"Ultimul Fiu al Daciei\">Ultimul Fiu al Daciei<\/a><\/div>\n<\/article>\n<article class=\"post-73927 post type-post status-publish entry includes-feat-image\">\n<div class=\"featured-image alignleft\"><a class=\"featured_post_link\" href=\"https:\/\/www.incorectpolitic.com\/cauzele-si-dinamica-antisemitismului\/\" title=\"Cauzele \u0219i Dinamica Antisemitismului\"><img loading=\"lazy\" decoding=\"async\" width=\"150\" height=\"150\" src=\"https:\/\/www.incorectpolitic.com\/wp-content\/uploads\/2018\/09\/bolshevik-jews-150x150.jpg\" class=\"attachment-thumbnail size-thumbnail wp-post-image lazyload\" alt><img loading=\"lazy\" decoding=\"async\" width=\"150\" height=\"150\" src=\"https:\/\/www.incorectpolitic.com\/wp-content\/uploads\/2018\/09\/bolshevik-jews-150x150.jpg\" class=\"attachment-thumbnail size-thumbnail wp-post-image\" alt data-eio=\"l\"><\/a><\/div>\n<div class=\"entry-title\"><a class=\"featured_post_link\" href=\"https:\/\/www.incorectpolitic.com\/cauzele-si-dinamica-antisemitismului\/\" title=\"Cauzele \u0219i Dinamica Antisemitismului\">Cauzele \u0219i Dinamica Antisemitismului<\/a><\/div>\n<\/article>\n<article class=\"post-72974 post type-post status-publish entry includes-feat-image\">\n<div class=\"featured-image alignleft\"><a class=\"featured_post_link\" href=\"https:\/\/www.incorectpolitic.com\/navalirea-jidanilor-de-vasile-alecsandri-piesa-interzisa\/\" title=\"N\u0103v\u0103lirea Jidanilor \u2013 de Vasile Alecsandri (Pies\u0103 interzis\u0103)\"><img loading=\"lazy\" decoding=\"async\" width=\"150\" height=\"150\" src=\"https:\/\/www.incorectpolitic.com\/wp-content\/uploads\/2024\/02\/jidani-navalire-2.png\" class=\"attachment-thumbnail size-thumbnail wp-post-image lazyload\" alt><img loading=\"lazy\" decoding=\"async\" width=\"150\" height=\"150\" src=\"https:\/\/www.incorectpolitic.com\/wp-content\/uploads\/2024\/02\/jidani-navalire-2.png\" class=\"attachment-thumbnail size-thumbnail wp-post-image\" alt data-eio=\"l\"><\/a><\/div>\n<div class=\"entry-title\"><a class=\"featured_post_link\" href=\"https:\/\/www.incorectpolitic.com\/navalirea-jidanilor-de-vasile-alecsandri-piesa-interzisa\/\" title=\"N\u0103v\u0103lirea Jidanilor \u2013 de Vasile Alecsandri (Pies\u0103 interzis\u0103)\">N\u0103v\u0103lirea Jidanilor \u2013 de Vasile Alecsandri (Pies\u0103 interzis\u0103)<\/a><\/div>\n<\/article>\n<article class=\"post-71879 post type-post status-publish entry includes-feat-image\">\n<div class=\"featured-image alignleft\"><a class=\"featured_post_link\" href=\"https:\/\/www.incorectpolitic.com\/europa-si-romania-in-anul-2050\/\" title=\"Europa \u0219i Rom\u00e2nia \u00een anul 2050\"><img loading=\"lazy\" decoding=\"async\" width=\"147\" height=\"150\" src=\"https:\/\/www.incorectpolitic.com\/wp-content\/uploads\/2024\/01\/Romania-2050-2.png\" class=\"attachment-thumbnail size-thumbnail wp-post-image lazyload\" alt><img loading=\"lazy\" decoding=\"async\" width=\"147\" height=\"150\" src=\"https:\/\/www.incorectpolitic.com\/wp-content\/uploads\/2024\/01\/Romania-2050-2.png\" class=\"attachment-thumbnail size-thumbnail wp-post-image\" alt data-eio=\"l\"><\/a><\/div>\n<div class=\"entry-title\"><a class=\"featured_post_link\" href=\"https:\/\/www.incorectpolitic.com\/europa-si-romania-in-anul-2050\/\" title=\"Europa \u0219i Rom\u00e2nia \u00een anul 2050\">Europa \u0219i Rom\u00e2nia \u00een anul 2050<\/a><\/div>\n<\/article>\n<article class=\"post-23854 post type-post status-publish entry includes-feat-image\">\n<div class=\"featured-image alignleft\"><a class=\"featured_post_link\" href=\"https:\/\/www.incorectpolitic.com\/vizita-papei-autonomie-alternativa\/\" title=\"Vizita Papei \u2013 Autonomie Alternativ\u0103\"><img loading=\"lazy\" decoding=\"async\" width=\"150\" height=\"150\" class=\"attachment-thumbnail size-thumbnail wp-post-image lazyload\" alt src=\"https:\/\/www.incorectpolitic.com\/wp-content\/uploads\/2019\/06\/uI2HFtR-150x150.jpg\"><img loading=\"lazy\" decoding=\"async\" width=\"150\" height=\"150\" src=\"https:\/\/www.incorectpolitic.com\/wp-content\/uploads\/2019\/06\/uI2HFtR-150x150.jpg\" class=\"attachment-thumbnail size-thumbnail wp-post-image\" alt data-eio=\"l\"><\/a><\/div>\n<div class=\"entry-title\"><a class=\"featured_post_link\" href=\"https:\/\/www.incorectpolitic.com\/vizita-papei-autonomie-alternativa\/\" title=\"Vizita Papei \u2013 Autonomie Alternativ\u0103\">Vizita Papei \u2013 Autonomie Alternativ\u0103<\/a><\/div>\n<\/article>\n<article class=\"post-72111 post type-post status-publish entry includes-feat-image\">\n<div class=\"featured-image alignleft\"><a class=\"featured_post_link\" href=\"https:\/\/www.incorectpolitic.com\/revelion-2023-2024-vine-anul-biruintei\/\" title=\"Revelion 2023 \u2013 2024 vine ANUL BIRUIN\u021aEI\"><img loading=\"lazy\" decoding=\"async\" width=\"150\" height=\"150\" src=\"https:\/\/www.incorectpolitic.com\/wp-content\/uploads\/2023\/12\/anul-biruintei.png\" class=\"attachment-thumbnail size-thumbnail wp-post-image lazyload\" alt><img loading=\"lazy\" decoding=\"async\" width=\"150\" height=\"150\" src=\"https:\/\/www.incorectpolitic.com\/wp-content\/uploads\/2023\/12\/anul-biruintei.png\" class=\"attachment-thumbnail size-thumbnail wp-post-image\" alt data-eio=\"l\"><\/a><\/div>\n<div class=\"entry-title\"><a class=\"featured_post_link\" href=\"https:\/\/www.incorectpolitic.com\/revelion-2023-2024-vine-anul-biruintei\/\" title=\"Revelion 2023 \u2013 2024 vine ANUL BIRUIN\u021aEI\">Revelion 2023 \u2013 2024 vine ANUL BIRUIN\u021aEI<\/a><\/div>\n<\/article>\n<article class=\"post-50139 post type-post status-publish entry includes-feat-image\">\n<div class=\"featured-image alignleft\"><a class=\"featured_post_link\" href=\"https:\/\/www.incorectpolitic.com\/analiza-strategiei-adoptata-de-guvern-pentru-combaterea-antisemitismului-xenofobiei-si-discursului-instigator-la-ura-2021-2023\/\" title=\"Analiza Strategiei Adoptat\u0103 de Guvern Pentru Combaterea \u201cantisemitismului, xenofobiei \u0219i discursului instigator la ur\u0103 2021-2023\u201d\"><img loading=\"lazy\" decoding=\"async\" width=\"150\" height=\"150\" src=\"https:\/\/www.incorectpolitic.com\/wp-content\/uploads\/2019\/08\/Jewish-censorship-e1421273251759-2-150x150.jpg\" class=\"attachment-thumbnail size-thumbnail wp-post-image lazyload\" alt><img loading=\"lazy\" decoding=\"async\" width=\"150\" height=\"150\" src=\"https:\/\/www.incorectpolitic.com\/wp-content\/uploads\/2019\/08\/Jewish-censorship-e1421273251759-2-150x150.jpg\" class=\"attachment-thumbnail size-thumbnail wp-post-image\" alt data-eio=\"l\"><\/a><\/div>\n<div class=\"entry-title\"><a class=\"featured_post_link\" href=\"https:\/\/www.incorectpolitic.com\/analiza-strategiei-adoptata-de-guvern-pentru-combaterea-antisemitismului-xenofobiei-si-discursului-instigator-la-ura-2021-2023\/\" title=\"Analiza Strategiei Adoptat\u0103 de Guvern Pentru Combaterea \u201cantisemitismului, xenofobiei \u0219i discursului instigator la ur\u0103 2021-2023\u201d\">Analiza Strategiei Adoptat\u0103 de Guvern Pentru Combaterea \u201cantisemitismului, xenofobiei \u0219i discursului instigator la ur\u0103 2021-2023\u201d<\/a><\/div>\n<\/article>\n<article class=\"post-70829 post type-post status-publish entry includes-feat-image\">\n<div class=\"featured-image alignleft\"><a class=\"featured_post_link\" href=\"https:\/\/www.incorectpolitic.com\/pozitia-unilaterala-a-pseudo-politicienilor-din-romania-si-a-bor-in-sustinerea-israelului-singurul-stat-terorist-din-lume-arata-ca-acestia-nu-au-o-fibra-cu-adevarat-nationala\/\" title=\"Pozi\u021bia unilateral\u0103 a pseudo politicienilor din Rom\u00e2nia \u0219i a BOR \u00een sus\u021binerea Israelului, singurul stat terorist din lume, arat\u0103 c\u0103 ace\u0219tia nu au o fibr\u0103 cu adev\u0103rat na\u021bional\u0103\"><img loading=\"lazy\" decoding=\"async\" width=\"150\" height=\"89\" src=\"https:\/\/www.incorectpolitic.com\/wp-content\/uploads\/2023\/08\/circumcision.png\" class=\"attachment-thumbnail size-thumbnail wp-post-image lazyload\" alt><img loading=\"lazy\" decoding=\"async\" width=\"150\" height=\"89\" src=\"https:\/\/www.incorectpolitic.com\/wp-content\/uploads\/2023\/08\/circumcision.png\" class=\"attachment-thumbnail size-thumbnail wp-post-image\" alt data-eio=\"l\"><\/a><\/div>\n<div class=\"entry-title\"><a class=\"featured_post_link\" href=\"https:\/\/www.incorectpolitic.com\/pozitia-unilaterala-a-pseudo-politicienilor-din-romania-si-a-bor-in-sustinerea-israelului-singurul-stat-terorist-din-lume-arata-ca-acestia-nu-au-o-fibra-cu-adevarat-nationala\/\" title=\"Pozi\u021bia unilateral\u0103 a pseudo politicienilor din Rom\u00e2nia \u0219i a BOR \u00een sus\u021binerea Israelului, singurul stat terorist din lume, arat\u0103 c\u0103 ace\u0219tia nu au o fibr\u0103 cu adev\u0103rat na\u021bional\u0103\">Pozi\u021bia unilateral\u0103 a pseudo politicienilor din Rom\u00e2nia \u0219i a BOR \u00een sus\u021binerea Israelului, singurul stat terorist din lume, arat\u0103 c\u0103 ace\u0219tia nu au o fibr\u0103 cu adev\u0103rat na\u021bional\u0103<\/a><\/div>\n<\/article>\n<article class=\"post-66937 post type-post status-publish entry includes-feat-image\">\n<div class=\"featured-image alignleft\"><a class=\"featured_post_link\" href=\"https:\/\/www.incorectpolitic.com\/agresiunea-impotriva-revizionistilor-istorici-si-efectele-linsajului-judiciar-de-la-nuremberg\/\" title=\"Agresiunea \u00eempotriva Revizioni\u0219tilor Istorici \u0219i efectele lin\u0219ajului judiciar de la Nurnberg\"><img loading=\"lazy\" decoding=\"async\" width=\"150\" height=\"100\" src=\"https:\/\/www.incorectpolitic.com\/wp-content\/uploads\/2023\/04\/image_2023-04-30_134634134.png\" class=\"attachment-thumbnail size-thumbnail wp-post-image lazyload\" alt><img loading=\"lazy\" decoding=\"async\" width=\"150\" height=\"100\" src=\"https:\/\/www.incorectpolitic.com\/wp-content\/uploads\/2023\/04\/image_2023-04-30_134634134.png\" class=\"attachment-thumbnail size-thumbnail wp-post-image\" alt data-eio=\"l\"><\/a><\/div>\n<div class=\"entry-title\"><a class=\"featured_post_link\" href=\"https:\/\/www.incorectpolitic.com\/agresiunea-impotriva-revizionistilor-istorici-si-efectele-linsajului-judiciar-de-la-nuremberg\/\" title=\"Agresiunea \u00eempotriva Revizioni\u0219tilor Istorici \u0219i efectele lin\u0219ajului judiciar de la Nurnberg\">Agresiunea \u00eempotriva Revizioni\u0219tilor Istorici \u0219i efectele lin\u0219ajului judiciar de la Nurnberg<\/a><\/div>\n<\/article>\n<article class=\"post-19111 post type-post status-publish entry includes-feat-image\">\n<div class=\"featured-image alignleft\"><a class=\"featured_post_link\" href=\"https:\/\/www.incorectpolitic.com\/despre-adevar\/\" title=\"Despre Adev\u0103r\"><img loading=\"lazy\" decoding=\"async\" width=\"150\" height=\"150\" src=\"https:\/\/www.incorectpolitic.com\/wp-content\/uploads\/2019\/02\/freedomfromchain-150x150.jpg\" class=\"attachment-thumbnail size-thumbnail wp-post-image lazyload\" alt><img loading=\"lazy\" decoding=\"async\" width=\"150\" height=\"150\" src=\"https:\/\/www.incorectpolitic.com\/wp-content\/uploads\/2019\/02\/freedomfromchain-150x150.jpg\" class=\"attachment-thumbnail size-thumbnail wp-post-image\" alt data-eio=\"l\"><\/a><\/div>\n<div class=\"entry-title\"><a class=\"featured_post_link\" href=\"https:\/\/www.incorectpolitic.com\/despre-adevar\/\" title=\"Despre Adev\u0103r\">Despre Adev\u0103r<\/a><\/div>\n<\/article>\n<article class=\"post-53767 post type-post status-publish entry includes-feat-image\">\n<div class=\"featured-image alignleft\"><a class=\"featured_post_link\" href=\"https:\/\/www.incorectpolitic.com\/dictionarul-coincidentelor-cine-sunt-iudeii-care-ne-au-influentat-tara-in-istoria-recenta\/\" title=\"DIC\u021aIONARUL COINCIDEN\u021aELOR  \u2013 Cine sunt iudeii care ne-au influen\u021bat \u021bara \u00een istoria recent\u0103\"><img loading=\"lazy\" decoding=\"async\" width=\"150\" height=\"150\" src=\"https:\/\/www.incorectpolitic.com\/wp-content\/uploads\/2021\/09\/coinc-150x150.png\" class=\"attachment-thumbnail size-thumbnail wp-post-image lazyload\" alt><img loading=\"lazy\" decoding=\"async\" width=\"150\" height=\"150\" src=\"https:\/\/www.incorectpolitic.com\/wp-content\/uploads\/2021\/09\/coinc-150x150.png\" class=\"attachment-thumbnail size-thumbnail wp-post-image\" alt data-eio=\"l\"><\/a><\/div>\n<div class=\"entry-title\"><a class=\"featured_post_link\" href=\"https:\/\/www.incorectpolitic.com\/dictionarul-coincidentelor-cine-sunt-iudeii-care-ne-au-influentat-tara-in-istoria-recenta\/\" title=\"DIC\u021aIONARUL COINCIDEN\u021aELOR  \u2013 Cine sunt iudeii care ne-au influen\u021bat \u021bara \u00een istoria recent\u0103\">DIC\u021aIONARUL COINCIDEN\u021aELOR  \u2013 Cine sunt iudeii care ne-au influen\u021bat \u021bara \u00een istoria recent\u0103<\/a><\/div>\n<\/article>\n<article class=\"post-51156 post type-post status-publish entry includes-feat-image\">\n<div class=\"featured-image alignleft\"><a class=\"featured_post_link\" href=\"https:\/\/www.incorectpolitic.com\/desertaciune-nu-aparare\/\" title=\"DE\u0218ERT\u0102CIUNE?! Nu, AP\u0102RARE!\"><img loading=\"lazy\" decoding=\"async\" width=\"150\" height=\"150\" class=\"attachment-thumbnail size-thumbnail wp-post-image lazyload\" alt src=\"https:\/\/www.incorectpolitic.com\/wp-content\/uploads\/2021\/06\/desertaciune-nu-aparare-150x150.jpg\"><img loading=\"lazy\" decoding=\"async\" width=\"150\" height=\"150\" src=\"https:\/\/www.incorectpolitic.com\/wp-content\/uploads\/2021\/06\/desertaciune-nu-aparare-150x150.jpg\" class=\"attachment-thumbnail size-thumbnail wp-post-image\" alt data-eio=\"l\"><\/a><\/div>\n<div class=\"entry-title\"><a class=\"featured_post_link\" href=\"https:\/\/www.incorectpolitic.com\/desertaciune-nu-aparare\/\" title=\"DE\u0218ERT\u0102CIUNE?! Nu, AP\u0102RARE!\">DE\u0218ERT\u0102CIUNE?! Nu, AP\u0102RARE!<\/a><\/div>\n<\/article>\n<article class=\"post-44728 post type-post status-publish entry includes-feat-image\">\n<div class=\"featured-image alignleft\"><a class=\"featured_post_link\" href=\"https:\/\/www.incorectpolitic.com\/resetarea-medicinei-sau-resetarea-omenirii-prin-nanotehnologie\/\" title=\"Resetarea Medicinei sau Resetarea Omenirii prin Nanotehnologie\"><img loading=\"lazy\" decoding=\"async\" width=\"150\" height=\"150\" src=\"https:\/\/www.incorectpolitic.com\/wp-content\/uploads\/2020\/12\/ed8a914d6d236c9d231903a8b2e79f63-150x150.gif\" class=\"attachment-thumbnail size-thumbnail wp-post-image lazyload\" alt><img loading=\"lazy\" decoding=\"async\" width=\"150\" height=\"150\" src=\"https:\/\/www.incorectpolitic.com\/wp-content\/uploads\/2020\/12\/ed8a914d6d236c9d231903a8b2e79f63-150x150.gif\" class=\"attachment-thumbnail size-thumbnail wp-post-image\" alt data-eio=\"l\"><\/a><\/div>\n<div class=\"entry-title\"><a class=\"featured_post_link\" href=\"https:\/\/www.incorectpolitic.com\/resetarea-medicinei-sau-resetarea-omenirii-prin-nanotehnologie\/\" title=\"Resetarea Medicinei sau Resetarea Omenirii prin Nanotehnologie\">Resetarea Medicinei sau Resetarea Omenirii prin Nanotehnologie<\/a><\/div>\n<\/article>\n<article class=\"post-43837 post type-post status-publish entry includes-feat-image\">\n<div class=\"featured-image alignleft\"><a class=\"featured_post_link\" href=\"https:\/\/www.incorectpolitic.com\/noul-legamant\/\" title=\"Noul Leg\u0103m\u00e2nt\"><img loading=\"lazy\" decoding=\"async\" width=\"150\" height=\"150\" src=\"https:\/\/www.incorectpolitic.com\/wp-content\/uploads\/2020\/12\/NL-150x150.jpg\" class=\"attachment-thumbnail size-thumbnail wp-post-image lazyload\" alt><img loading=\"lazy\" decoding=\"async\" width=\"150\" height=\"150\" src=\"https:\/\/www.incorectpolitic.com\/wp-content\/uploads\/2020\/12\/NL-150x150.jpg\" class=\"attachment-thumbnail size-thumbnail wp-post-image\" alt data-eio=\"l\"><\/a><\/div>\n<div class=\"entry-title\"><a class=\"featured_post_link\" href=\"https:\/\/www.incorectpolitic.com\/noul-legamant\/\" title=\"Noul Leg\u0103m\u00e2nt\">Noul Leg\u0103m\u00e2nt<\/a><\/div>\n<\/article>\n<article class=\"post-42525 post type-post status-publish entry includes-feat-image\">\n<div class=\"featured-image alignleft\"><a class=\"featured_post_link\" href=\"https:\/\/www.incorectpolitic.com\/vaccinarea-inseamna-crima-un-atentat-la-sanatatea-personala-la-integritatea-corporala-si-intimitatea-oricarui-om-liber-medicul-ce-vaccineaza-cu-forta-un-om-liber-merita-sa-fie-pedepsit-de-acesta\/\" title=\"Vaccinarea \u00eenseamn\u0103 crim\u0103, un atentat la s\u0103n\u0103tatea personal\u0103, la integritatea corporal\u0103 \u0219i intimitatea oric\u0103rui om liber. Medicul ce vaccineaz\u0103 cu for\u021ba un om liber merit\u0103 s\u0103 fie pedepsit de acesta\"><img loading=\"lazy\" decoding=\"async\" width=\"150\" height=\"150\" src=\"https:\/\/www.incorectpolitic.com\/wp-content\/uploads\/2020\/11\/syringe_0-150x150.jpg\" class=\"attachment-thumbnail size-thumbnail wp-post-image lazyload\" alt><img loading=\"lazy\" decoding=\"async\" width=\"150\" height=\"150\" src=\"https:\/\/www.incorectpolitic.com\/wp-content\/uploads\/2020\/11\/syringe_0-150x150.jpg\" class=\"attachment-thumbnail size-thumbnail wp-post-image\" alt data-eio=\"l\"><\/a><\/div>\n<div class=\"entry-title\"><a class=\"featured_post_link\" href=\"https:\/\/www.incorectpolitic.com\/vaccinarea-inseamna-crima-un-atentat-la-sanatatea-personala-la-integritatea-corporala-si-intimitatea-oricarui-om-liber-medicul-ce-vaccineaza-cu-forta-un-om-liber-merita-sa-fie-pedepsit-de-acesta\/\" title=\"Vaccinarea \u00eenseamn\u0103 crim\u0103, un atentat la s\u0103n\u0103tatea personal\u0103, la integritatea corporal\u0103 \u0219i intimitatea oric\u0103rui om liber. Medicul ce vaccineaz\u0103 cu for\u021ba un om liber merit\u0103 s\u0103 fie pedepsit de acesta\">Vaccinarea \u00eenseamn\u0103 crim\u0103, un atentat la s\u0103n\u0103tatea personal\u0103, la integritatea corporal\u0103 \u0219i intimitatea oric\u0103rui om liber. Medicul ce vaccineaz\u0103 cu for\u021ba un om liber merit\u0103 s\u0103 fie pedepsit de acesta<\/a><\/div>\n<\/article>\n<article class=\"post-38338 post type-post status-publish entry includes-feat-image\">\n<div class=\"featured-image alignleft\"><a class=\"featured_post_link\" href=\"https:\/\/www.incorectpolitic.com\/trebuie-sa-distrugem-suprematia-jidoveasca\/\" title=\"Trebuie s\u0103 distrugem superma\u021bia jidoveasc\u0103!\"><img loading=\"lazy\" decoding=\"async\" width=\"150\" height=\"150\" src=\"https:\/\/www.incorectpolitic.com\/wp-content\/uploads\/2018\/11\/GunoiOPS-150x150.png\" class=\"attachment-thumbnail size-thumbnail wp-post-image lazyload\" alt><img loading=\"lazy\" decoding=\"async\" width=\"150\" height=\"150\" src=\"https:\/\/www.incorectpolitic.com\/wp-content\/uploads\/2018\/11\/GunoiOPS-150x150.png\" class=\"attachment-thumbnail size-thumbnail wp-post-image\" alt data-eio=\"l\"><\/a><\/div>\n<div class=\"entry-title\"><a class=\"featured_post_link\" href=\"https:\/\/www.incorectpolitic.com\/trebuie-sa-distrugem-suprematia-jidoveasca\/\" title=\"Trebuie s\u0103 distrugem superma\u021bia jidoveasc\u0103!\">Trebuie s\u0103 distrugem superma\u021bia jidoveasc\u0103!<\/a><\/div>\n<\/article>\n<article class=\"post-30776 post type-post status-publish entry includes-feat-image\">\n<div class=\"featured-image alignleft\"><a class=\"featured_post_link\" href=\"https:\/\/www.incorectpolitic.com\/da-ti-doua-palme-si-ridica-te\/\" title=\"D\u0103-\u021bi Dou\u0103 Palme \u0219i Ridic\u0103-te\"><img loading=\"lazy\" decoding=\"async\" width=\"150\" height=\"150\" src=\"https:\/\/www.incorectpolitic.com\/wp-content\/uploads\/2019\/11\/1-mai-620x350-150x150.jpg\" class=\"attachment-thumbnail size-thumbnail wp-post-image lazyload\" alt><img loading=\"lazy\" decoding=\"async\" width=\"150\" height=\"150\" src=\"https:\/\/www.incorectpolitic.com\/wp-content\/uploads\/2019\/11\/1-mai-620x350-150x150.jpg\" class=\"attachment-thumbnail size-thumbnail wp-post-image\" alt data-eio=\"l\"><\/a><\/div>\n<div class=\"entry-title\"><a class=\"featured_post_link\" href=\"https:\/\/www.incorectpolitic.com\/da-ti-doua-palme-si-ridica-te\/\" title=\"D\u0103-\u021bi Dou\u0103 Palme \u0219i Ridic\u0103-te\">D\u0103-\u021bi Dou\u0103 Palme \u0219i Ridic\u0103-te<\/a><\/div>\n<\/article>\n<article class=\"post-27862 post type-post status-publish entry includes-feat-image\">\n<div class=\"featured-image alignleft\"><a class=\"featured_post_link\" href=\"https:\/\/www.incorectpolitic.com\/scrisoare-deschisa-catre-neamul-romanesc\/\" title=\"Scrisoare Deschis\u0103 C\u0103tre Neamul Rom\u00e2nesc\"><img loading=\"lazy\" decoding=\"async\" width=\"150\" height=\"150\" src=\"https:\/\/www.incorectpolitic.com\/wp-content\/uploads\/2019\/09\/videoblocks-male-hand-reload-a-revolver-magnum-gun-without-bullets-magnum-revolver-and-empty-bullet-magnum-lead-round-nose-45-auto-rim-revolver-rounds_ha1focujz_thumbnail-full01-150x150.jpg\" class=\"attachment-thumbnail size-thumbnail wp-post-image lazyload\" alt><img loading=\"lazy\" decoding=\"async\" width=\"150\" height=\"150\" src=\"https:\/\/www.incorectpolitic.com\/wp-content\/uploads\/2019\/09\/videoblocks-male-hand-reload-a-revolver-magnum-gun-without-bullets-magnum-revolver-and-empty-bullet-magnum-lead-round-nose-45-auto-rim-revolver-rounds_ha1focujz_thumbnail-full01-150x150.jpg\" class=\"attachment-thumbnail size-thumbnail wp-post-image\" alt data-eio=\"l\"><\/a><\/div>\n<div class=\"entry-title\"><a class=\"featured_post_link\" href=\"https:\/\/www.incorectpolitic.com\/scrisoare-deschisa-catre-neamul-romanesc\/\" title=\"Scrisoare Deschis\u0103 C\u0103tre Neamul Rom\u00e2nesc\">Scrisoare Deschis\u0103 C\u0103tre Neamul Rom\u00e2nesc<\/a><\/div>\n<\/article>\n<article class=\"post-26255 post type-post status-publish entry includes-feat-image\">\n<div class=\"featured-image alignleft\"><a class=\"featured_post_link\" href=\"https:\/\/www.incorectpolitic.com\/sociologia-eliberarii-si-curentele-laterale-de-sedimentare-revolutionara\/\" title=\"Sociologia Eliber\u0103rii \u0219i Curentele Laterale de Sedimentare Revolu\u021bionar\u0103\"><img loading=\"lazy\" decoding=\"async\" width=\"150\" height=\"150\" src=\"https:\/\/www.incorectpolitic.com\/wp-content\/uploads\/2020\/12\/nm3-150x150.png\" class=\"attachment-thumbnail size-thumbnail wp-post-image lazyload\" alt><img loading=\"lazy\" decoding=\"async\" width=\"150\" height=\"150\" src=\"https:\/\/www.incorectpolitic.com\/wp-content\/uploads\/2020\/12\/nm3-150x150.png\" class=\"attachment-thumbnail size-thumbnail wp-post-image\" alt data-eio=\"l\"><\/a><\/div>\n<div class=\"entry-title\"><a class=\"featured_post_link\" href=\"https:\/\/www.incorectpolitic.com\/sociologia-eliberarii-si-curentele-laterale-de-sedimentare-revolutionara\/\" title=\"Sociologia Eliber\u0103rii \u0219i Curentele Laterale de Sedimentare Revolu\u021bionar\u0103\">Sociologia Eliber\u0103rii \u0219i Curentele Laterale de Sedimentare Revolu\u021bionar\u0103<\/a><\/div>\n<\/article>\n<article class=\"post-21977 post type-post status-publish entry includes-feat-image\">\n<div class=\"featured-image alignleft\"><a class=\"featured_post_link\" href=\"https:\/\/www.incorectpolitic.com\/impotriva-fatalismului\/\" title=\"\u00cempotriva Fatalismului\"><img loading=\"lazy\" decoding=\"async\" width=\"150\" height=\"150\" src=\"https:\/\/www.incorectpolitic.com\/wp-content\/uploads\/2019\/04\/thumb-150x150.jpg\" class=\"attachment-thumbnail size-thumbnail wp-post-image lazyload\" alt><img loading=\"lazy\" decoding=\"async\" width=\"150\" height=\"150\" src=\"https:\/\/www.incorectpolitic.com\/wp-content\/uploads\/2019\/04\/thumb-150x150.jpg\" class=\"attachment-thumbnail size-thumbnail wp-post-image\" alt data-eio=\"l\"><\/a><\/div>\n<div class=\"entry-title\"><a class=\"featured_post_link\" href=\"https:\/\/www.incorectpolitic.com\/impotriva-fatalismului\/\" title=\"\u00cempotriva Fatalismului\">\u00cempotriva Fatalismului<\/a><\/div>\n<\/article>\n<article class=\"post-20844 post type-post status-publish entry includes-feat-image\">\n<div class=\"featured-image alignleft\"><a class=\"featured_post_link\" href=\"https:\/\/www.incorectpolitic.com\/inceputul-etapei-post-globaliste-mass-media-ultimul-obstacol\/\" title=\"\u00cenceputul Etapei Post-Globaliste \u2013  Mass Media Ultimul Obstacol\"><img loading=\"lazy\" decoding=\"async\" width=\"150\" height=\"150\" src=\"https:\/\/www.incorectpolitic.com\/wp-content\/uploads\/2019\/03\/https___cdn.cnn_.com_cnnnext_dam_assets_181202123002-yellow-vest-protest-150x150.jpg\" class=\"attachment-thumbnail size-thumbnail wp-post-image lazyload\" alt><img loading=\"lazy\" decoding=\"async\" width=\"150\" height=\"150\" src=\"https:\/\/www.incorectpolitic.com\/wp-content\/uploads\/2019\/03\/https___cdn.cnn_.com_cnnnext_dam_assets_181202123002-yellow-vest-protest-150x150.jpg\" class=\"attachment-thumbnail size-thumbnail wp-post-image\" alt data-eio=\"l\"><\/a><\/div>\n<div class=\"entry-title\"><a class=\"featured_post_link\" href=\"https:\/\/www.incorectpolitic.com\/inceputul-etapei-post-globaliste-mass-media-ultimul-obstacol\/\" title=\"\u00cenceputul Etapei Post-Globaliste \u2013  Mass Media Ultimul Obstacol\">\u00cenceputul Etapei Post-Globaliste \u2013  Mass Media Ultimul Obstacol<\/a><\/div>\n<\/article>\n<article class=\"post-19704 post type-post status-publish entry includes-feat-image\">\n<div class=\"featured-image alignleft\"><a class=\"featured_post_link\" href=\"https:\/\/www.incorectpolitic.com\/mlastina-mass-media-serial-complet\/\" title=\"Mla\u0219tina Mass Media  \u2013 Serial Complet\"><img loading=\"lazy\" decoding=\"async\" width=\"150\" height=\"150\" src=\"https:\/\/www.incorectpolitic.com\/wp-content\/uploads\/2018\/06\/colaj-modificat-1-768x278-150x150.jpg\" class=\"attachment-thumbnail size-thumbnail wp-post-image lazyload\" alt><img loading=\"lazy\" decoding=\"async\" width=\"150\" height=\"150\" src=\"https:\/\/www.incorectpolitic.com\/wp-content\/uploads\/2018\/06\/colaj-modificat-1-768x278-150x150.jpg\" class=\"attachment-thumbnail size-thumbnail wp-post-image\" alt data-eio=\"l\"><\/a><\/div>\n<div class=\"entry-title\"><a class=\"featured_post_link\" href=\"https:\/\/www.incorectpolitic.com\/mlastina-mass-media-serial-complet\/\" title=\"Mla\u0219tina Mass Media  \u2013 Serial Complet\">Mla\u0219tina Mass Media  \u2013 Serial Complet<\/a><\/div>\n<\/article>\n<article class=\"post-5104 post type-post status-publish entry includes-feat-image\">\n<div class=\"featured-image alignleft\"><a class=\"featured_post_link\" href=\"https:\/\/www.incorectpolitic.com\/momentul-1937\/\" title=\"Momentul 1937\"><img loading=\"lazy\" decoding=\"async\" width=\"150\" height=\"150\" src=\"https:\/\/www.incorectpolitic.com\/wp-content\/uploads\/2018\/03\/capitanul-codreanu2003a-150x150.jpg\" class=\"attachment-thumbnail size-thumbnail wp-post-image lazyload\" alt><img loading=\"lazy\" decoding=\"async\" width=\"150\" height=\"150\" src=\"https:\/\/www.incorectpolitic.com\/wp-content\/uploads\/2018\/03\/capitanul-codreanu2003a-150x150.jpg\" class=\"attachment-thumbnail size-thumbnail wp-post-image\" alt data-eio=\"l\"><\/a><\/div>\n<div class=\"entry-title\"><a class=\"featured_post_link\" href=\"https:\/\/www.incorectpolitic.com\/momentul-1937\/\" title=\"Momentul 1937\">Momentul 1937<\/a><\/div>\n<\/article>\n<article class=\"post-16914 post type-post status-publish entry includes-feat-image\">\n<div class=\"featured-image alignleft\"><a class=\"featured_post_link\" href=\"https:\/\/www.incorectpolitic.com\/portretul-romanului-iudeo-crestin\/\" title=\"Portretul Rom\u00e2nului Iudeo-Cre\u0219tin Iubitor de Infanticid\"><img loading=\"lazy\" decoding=\"async\" width=\"150\" height=\"150\" src=\"https:\/\/www.incorectpolitic.com\/wp-content\/uploads\/2019\/01\/venn-150x150.jpg\" class=\"attachment-thumbnail size-thumbnail wp-post-image lazyload\" alt><img loading=\"lazy\" decoding=\"async\" width=\"150\" height=\"150\" src=\"https:\/\/www.incorectpolitic.com\/wp-content\/uploads\/2019\/01\/venn-150x150.jpg\" class=\"attachment-thumbnail size-thumbnail wp-post-image\" alt data-eio=\"l\"><\/a><\/div>\n<div class=\"entry-title\"><a class=\"featured_post_link\" href=\"https:\/\/www.incorectpolitic.com\/portretul-romanului-iudeo-crestin\/\" title=\"Portretul Rom\u00e2nului Iudeo-Cre\u0219tin Iubitor de Infanticid\">Portretul Rom\u00e2nului Iudeo-Cre\u0219tin Iubitor de Infanticid<\/a><\/div>\n<\/article>\n<article class=\"post-13899 post type-post status-publish entry includes-feat-image\">\n<div class=\"featured-image alignleft\"><a class=\"featured_post_link\" href=\"https:\/\/www.incorectpolitic.com\/manifest-impotriva-national-sionismului\/\" title=\"Manifest \u00cempotriva Na\u021bional-Sionismului din Rom\u00e2nia\"><img loading=\"lazy\" decoding=\"async\" width=\"150\" height=\"150\" src=\"https:\/\/www.incorectpolitic.com\/wp-content\/uploads\/2018\/10\/z1-150x150.png\" class=\"attachment-thumbnail size-thumbnail wp-post-image lazyload\" alt><img loading=\"lazy\" decoding=\"async\" width=\"150\" height=\"150\" src=\"https:\/\/www.incorectpolitic.com\/wp-content\/uploads\/2018\/10\/z1-150x150.png\" class=\"attachment-thumbnail size-thumbnail wp-post-image\" alt data-eio=\"l\"><\/a><\/div>\n<div class=\"entry-title\"><a class=\"featured_post_link\" href=\"https:\/\/www.incorectpolitic.com\/manifest-impotriva-national-sionismului\/\" title=\"Manifest \u00cempotriva Na\u021bional-Sionismului din Rom\u00e2nia\">Manifest \u00cempotriva Na\u021bional-Sionismului din Rom\u00e2nia<\/a><\/div>\n<\/article>\n<article class=\"post-7498 post type-post status-publish entry includes-feat-image\">\n<div class=\"featured-image alignleft\"><a class=\"featured_post_link\" href=\"https:\/\/www.incorectpolitic.com\/istorie-zydokomuna-cea-mai-completa-lista-a-nomenclaturii-iudeo-bolsevice-din-romania\/\" title=\"Istorie: \u017bYDOKOMUNA, Cea Mai Complet\u0103 List\u0103 a Nomenclaturii Iudeo-Bol\u0219evice din Rom\u00e2nia\"><img loading=\"lazy\" decoding=\"async\" width=\"150\" height=\"150\" src=\"https:\/\/www.incorectpolitic.com\/wp-content\/uploads\/2018\/06\/holocaustul-rosu-150x150.jpg\" class=\"attachment-thumbnail size-thumbnail wp-post-image lazyload\" alt><img loading=\"lazy\" decoding=\"async\" width=\"150\" height=\"150\" src=\"https:\/\/www.incorectpolitic.com\/wp-content\/uploads\/2018\/06\/holocaustul-rosu-150x150.jpg\" class=\"attachment-thumbnail size-thumbnail wp-post-image\" alt data-eio=\"l\"><\/a><\/div>\n<div class=\"entry-title\"><a class=\"featured_post_link\" href=\"https:\/\/www.incorectpolitic.com\/istorie-zydokomuna-cea-mai-completa-lista-a-nomenclaturii-iudeo-bolsevice-din-romania\/\" title=\"Istorie: \u017bYDOKOMUNA, Cea Mai Complet\u0103 List\u0103 a Nomenclaturii Iudeo-Bol\u0219evice din Rom\u00e2nia\">Istorie: \u017bYDOKOMUNA, Cea Mai Complet\u0103 List\u0103 a Nomenclaturii Iudeo-Bol\u0219evice din Rom\u00e2nia<\/a><\/div>\n<\/article>\n<article class=\"post-6413 post type-post status-publish entry includes-feat-image\">\n<div class=\"featured-image alignleft\"><a class=\"featured_post_link\" href=\"https:\/\/www.incorectpolitic.com\/iudaismul-este-un-proiect-politic\/\" title=\"Iudaismul Este Un Proiect Politic\"><img loading=\"lazy\" decoding=\"async\" width=\"150\" height=\"150\" src=\"https:\/\/www.incorectpolitic.com\/wp-content\/uploads\/2018\/05\/israelzionismjudaism5-150x150.jpeg\" class=\"attachment-thumbnail size-thumbnail wp-post-image lazyload\" alt><img loading=\"lazy\" decoding=\"async\" width=\"150\" height=\"150\" src=\"https:\/\/www.incorectpolitic.com\/wp-content\/uploads\/2018\/05\/israelzionismjudaism5-150x150.jpeg\" class=\"attachment-thumbnail size-thumbnail wp-post-image\" alt data-eio=\"l\"><\/a><\/div>\n<div class=\"entry-title\"><a class=\"featured_post_link\" href=\"https:\/\/www.incorectpolitic.com\/iudaismul-este-un-proiect-politic\/\" title=\"Iudaismul Este Un Proiect Politic\">Iudaismul Este Un Proiect Politic<\/a><\/div>\n<\/article>\n<article class=\"post-5089 post type-post status-publish entry includes-feat-image\">\n<div class=\"featured-image alignleft\"><a class=\"featured_post_link\" href=\"https:\/\/www.incorectpolitic.com\/exploziv-si-excluziv-interviul-interzis-in-presa-romaneasca\/\" title=\"EXPLOZIV \u0218I EXCLUSIV: Interviul INTERZIS \u00een Presa Rom\u00e2neasc\u0103\"><img loading=\"lazy\" decoding=\"async\" width=\"150\" height=\"150\" src=\"https:\/\/www.incorectpolitic.com\/wp-content\/uploads\/2018\/03\/gscz6z-150x150.gif\" class=\"attachment-thumbnail size-thumbnail wp-post-image lazyload\" alt><img loading=\"lazy\" decoding=\"async\" width=\"150\" height=\"150\" src=\"https:\/\/www.incorectpolitic.com\/wp-content\/uploads\/2018\/03\/gscz6z-150x150.gif\" class=\"attachment-thumbnail size-thumbnail wp-post-image\" alt data-eio=\"l\"><\/a><\/div>\n<div class=\"entry-title\"><a class=\"featured_post_link\" href=\"https:\/\/www.incorectpolitic.com\/exploziv-si-excluziv-interviul-interzis-in-presa-romaneasca\/\" title=\"EXPLOZIV \u0218I EXCLUSIV: Interviul INTERZIS \u00een Presa Rom\u00e2neasc\u0103\">EXPLOZIV \u0218I EXCLUSIV: Interviul INTERZIS \u00een Presa Rom\u00e2neasc\u0103<\/a><\/div>\n<\/article>\n<article class=\"post-1109 post type-post status-publish entry includes-feat-image\">\n<div class=\"featured-image alignleft\"><a class=\"featured_post_link\" href=\"https:\/\/www.incorectpolitic.com\/ofensiva-spirituala-poloniei\/\" title=\"Ofensiva Spiritual\u0103 a Poloniei\"><img loading=\"lazy\" decoding=\"async\" width=\"150\" height=\"150\" src=\"https:\/\/www.incorectpolitic.com\/wp-content\/uploads\/2017\/10\/jesus-with-whip3-150x150.jpg\" class=\"attachment-thumbnail size-thumbnail wp-post-image lazyload\" alt><img loading=\"lazy\" decoding=\"async\" width=\"150\" height=\"150\" src=\"https:\/\/www.incorectpolitic.com\/wp-content\/uploads\/2017\/10\/jesus-with-whip3-150x150.jpg\" class=\"attachment-thumbnail size-thumbnail wp-post-image\" alt data-eio=\"l\"><\/a><\/div>\n<div class=\"entry-title\"><a class=\"featured_post_link\" href=\"https:\/\/www.incorectpolitic.com\/ofensiva-spirituala-poloniei\/\" title=\"Ofensiva Spiritual\u0103 a Poloniei\">Ofensiva Spiritual\u0103 a Poloniei<\/a><\/div>\n<\/article>\n<article class=\"post-5673 post type-post status-publish entry includes-feat-image\">\n<div class=\"featured-image alignleft\"><a class=\"featured_post_link\" href=\"https:\/\/www.incorectpolitic.com\/biciul-prigonirii-romanilor-este-in-mana-jidanilor\/\" title=\"Biciul Prigonirii Rom\u00e2nilor Este \u00een M\u00e2na Jidanilor!\"><img loading=\"lazy\" decoding=\"async\" width=\"150\" height=\"150\" src=\"https:\/\/www.incorectpolitic.com\/wp-content\/uploads\/2018\/04\/S.-Vexler-si-B.-Netanyahu-150x150.jpg\" class=\"attachment-thumbnail size-thumbnail wp-post-image lazyload\" alt><img loading=\"lazy\" decoding=\"async\" width=\"150\" height=\"150\" src=\"https:\/\/www.incorectpolitic.com\/wp-content\/uploads\/2018\/04\/S.-Vexler-si-B.-Netanyahu-150x150.jpg\" class=\"attachment-thumbnail size-thumbnail wp-post-image\" alt data-eio=\"l\"><\/a><\/div>\n<div class=\"entry-title\"><a class=\"featured_post_link\" href=\"https:\/\/www.incorectpolitic.com\/biciul-prigonirii-romanilor-este-in-mana-jidanilor\/\" title=\"Biciul Prigonirii Rom\u00e2nilor Este \u00een M\u00e2na Jidanilor!\">Biciul Prigonirii Rom\u00e2nilor Este \u00een M\u00e2na Jidanilor!<\/a><\/div>\n<\/article>\n<article class=\"post-80464 post type-post status-publish entry includes-feat-image\">\n<div class=\"featured-image alignleft\"><a class=\"featured_post_link\" href=\"https:\/\/www.incorectpolitic.com\/talmudismul-este-esenta-satanismului\/\" title=\"TALMUDISMUL ESTE ESEN\u021aA SATANISMULUI\"><img loading=\"lazy\" decoding=\"async\" width=\"150\" height=\"150\" src=\"https:\/\/www.incorectpolitic.com\/wp-content\/uploads\/2020\/02\/vasile-zarnescu-150x150.png\" class=\"attachment-thumbnail size-thumbnail wp-post-image lazyload\" alt><img loading=\"lazy\" decoding=\"async\" width=\"150\" height=\"150\" src=\"https:\/\/www.incorectpolitic.com\/wp-content\/uploads\/2020\/02\/vasile-zarnescu-150x150.png\" class=\"attachment-thumbnail size-thumbnail wp-post-image\" alt data-eio=\"l\"><\/a><\/div>\n<div class=\"entry-title\"><a class=\"featured_post_link\" href=\"https:\/\/www.incorectpolitic.com\/talmudismul-este-esenta-satanismului\/\" title=\"TALMUDISMUL ESTE ESEN\u021aA SATANISMULUI\">TALMUDISMUL ESTE ESEN\u021aA SATANISMULUI<\/a><\/div>\n<\/article>\n<article class=\"post-20005 post type-post status-publish entry includes-feat-image\">\n<div class=\"featured-image alignleft\"><a class=\"featured_post_link\" href=\"https:\/\/www.incorectpolitic.com\/viciul-matematic-elementar-v-m-e-2\/\" title=\"Viciul Matematic Elementar (V.M.E.)\"><img loading=\"lazy\" decoding=\"async\" width=\"150\" height=\"150\" src=\"https:\/\/www.incorectpolitic.com\/wp-content\/uploads\/2017\/12\/tell-lie-vision-150x150.jpg\" class=\"attachment-thumbnail size-thumbnail wp-post-image lazyload\" alt><img loading=\"lazy\" decoding=\"async\" width=\"150\" height=\"150\" src=\"https:\/\/www.incorectpolitic.com\/wp-content\/uploads\/2017\/12\/tell-lie-vision-150x150.jpg\" class=\"attachment-thumbnail size-thumbnail wp-post-image\" alt data-eio=\"l\"><\/a><\/div>\n<div class=\"entry-title\"><a class=\"featured_post_link\" href=\"https:\/\/www.incorectpolitic.com\/viciul-matematic-elementar-v-m-e-2\/\" title=\"Viciul Matematic Elementar (V.M.E.)\">Viciul Matematic Elementar (V.M.E.)<\/a><\/div>\n<\/article>\n<p>[analyse_source url=&#8221;https:\/\/www.incorectpolitic.com\/diana-sosoaca-pune-la-punct-ambasadele-straine-din-romania-care-sustin-ideologia-lgbt\/&#8221;]<\/p>\n","protected":false},"excerpt":{"rendered":"<p>[analyse_image type=&#8221;featured&#8221; src=&#8221;https:\/\/www.incorectpolitic.com\/wp-content\/uploads\/2024\/02\/diana-sosoaca-elie-wiesel.jpg&#8221;] Incorect Politic Iunie 12, 2026 Diana \u0218o\u0219oac\u0103 pune la punct ambasadele str\u0103ine din Rom\u00e2nia care sus\u021bin ideologia LGBT Via SOSRO: PROTEST \u00ceMPOTRIVA AMBASADELOR CARE IMPUN POPORULUI ROM\u00c2N IDEOLOGIA LGBT DIANA IOVANOVICI-\u0218O\u0218OAC\u0102: NIMENI NU ARE DREPTUL S\u0102 DICTEZE VALORILE MORALE \u015eI CULTURALE POPORULUI ROM\u00c2N! CEREM AMBASADELOR STR\u0102INE S\u0102 EXPLICE \u00ceN BAZA C\u0102RUI TEMEI [&hellip;]<\/p>\n","protected":false},"author":1,"featured_media":0,"comment_status":"open","ping_status":"","sticky":false,"template":"","format":"standard","meta":{"footnotes":""},"categories":[89],"tags":[226,95],"class_list":["post-1987071","post","type-post","status-publish","format-standard","hentry","category-romania","tag-crawlmanager","tag-incorectpolitic-com"],"_links":{"self":[{"href":"https:\/\/analyse.optim.biz\/index.php?rest_route=\/wp\/v2\/posts\/1987071","targetHints":{"allow":["GET"]}}],"collection":[{"href":"https:\/\/analyse.optim.biz\/index.php?rest_route=\/wp\/v2\/posts"}],"about":[{"href":"https:\/\/analyse.optim.biz\/index.php?rest_route=\/wp\/v2\/types\/post"}],"author":[{"embeddable":true,"href":"https:\/\/analyse.optim.biz\/index.php?rest_route=\/wp\/v2\/users\/1"}],"replies":[{"embeddable":true,"href":"https:\/\/analyse.optim.biz\/index.php?rest_route=%2Fwp%2Fv2%2Fcomments&post=1987071"}],"version-history":[{"count":0,"href":"https:\/\/analyse.optim.biz\/index.php?rest_route=\/wp\/v2\/posts\/1987071\/revisions"}],"wp:attachment":[{"href":"https:\/\/analyse.optim.biz\/index.php?rest_route=%2Fwp%2Fv2%2Fmedia&parent=1987071"}],"wp:term":[{"taxonomy":"category","embeddable":true,"href":"https:\/\/analyse.optim.biz\/index.php?rest_route=%2Fwp%2Fv2%2Fcategories&post=1987071"},{"taxonomy":"post_tag","embeddable":true,"href":"https:\/\/analyse.optim.biz\/index.php?rest_route=%2Fwp%2Fv2%2Ftags&post=1987071"}],"curies":[{"name":"wp","href":"https:\/\/api.w.org\/{rel}","templated":true}]}}