{"id":198653,"date":"2014-08-18T19:36:42","date_gmt":"2014-08-18T16:36:42","guid":{"rendered":"https:\/\/analyse.optim.biz\/?p=198653"},"modified":"2014-08-18T19:36:42","modified_gmt":"2014-08-18T16:36:42","slug":"victor-ponta-va-anunta-marti-inaintea-sedintei-de-guvern-propunerea-pentru-ministerul-bugetului","status":"publish","type":"post","link":"https:\/\/analyse.optim.biz\/?p=198653","title":{"rendered":"Victor Ponta va anun\u0163a, mar\u0163i, \u00eenaintea \u015fedin\u0163ei de Guvern, propunerea pentru ministerul Bugetului"},"content":{"rendered":"<div class=\"entry data-app-meta data-app-meta-article\" data-embed-base-url-canonical=\"https:\/\/www.digi24.ro\/embed\/stiri\/actualitate\/politica\/victor-ponta-va-anunta-marti-inaintea-sedintei-de-guvern-propunerea-pentru-ministerul-bugetului-282677\">\n<p data-index=\"1\"><img decoding=\"async\" src=\"https:\/\/analyse.optim.biz\/wp-content\/uploads\/2024\/09\/n2vjmjqwymriowjjnwrhoti0zdu2ytfinteznzk3yjk-thumb_.jpg\" data-skip-htmlfix=\"1\" title=\"n2vjmjqwymriowjjnwrhoti0zdu2ytfinteznzk3yjk-thumb_\"><\/p>\n<p data-index=\"2\">Premierul\u00a0Victor Ponta\u00a0declarase,s\u0103pt\u0103m\u00e2na trecut\u0103, c\u0103 noile propuneri pentru func\u0163iile de mini\u015ftri ai Culturii \u015fi Bugetului vor fi f\u0103cute la sf\u00e2r\u015fitul lunii august, el ad\u0103ug\u00e2nd c\u0103 se g\u00e2nde\u015fte s\u0103-i fac\u0103 \u201eo surpriz\u0103 pl\u0103cut\u0103\u201d \u015fefului statului,\u00a0Traian B\u0103sescu, \u00eentruc\u00e2t nu mai poate refuza nominaliz\u0103rile.<\/p>\n<p data-index=\"3\">\u201eLa sf\u00e2r\u015fitul lunii august o s\u0103 discut \u015fi cu cei de la UDMR dac\u0103 fac o nou\u0103 propunere la Cultur\u0103. De asemenea, noi (PSD, n.r.) vom face o nou\u0103 propunere la Buget p\u00e2n\u0103 la sf\u00e2r\u015fitul lunii august. \u015ei, de data aceasta, din fericire, domnul B\u0103sescu nu mai poate s\u0103 refuze. M\u0103 g\u00e2ndesc s\u0103-i fac o surpriz\u0103 pl\u0103cut\u0103\u201d, a spus Victor Ponta, la Constan\u0163a.<\/p>\n<p data-index=\"4\">Pre\u0219edintele Traian B\u0103sescu a anun\u021bat, luna aceast\u0103,<a href=\"https:\/\/www.digi24.ro\/Stiri\/Digi24\/Actualitate\/Politica\/TRAIAN+BASESCU+DECLARATII+PRESA\" target=\"_blank\" data-skip-linkfix=\"1\" rel=\"noopener\"><strong> c\u0103 respinge propunerile ini\u021biale<\/strong><\/a> pentru ministerele Culturii \u0219i Bugetului, Rozalia Biro \u0219i Claudiu Manda.<\/p>\n<\/div>\n<p> Source URL: https:\/\/www.digi24.ro\/stiri\/actualitate\/politica\/victor-ponta-va-anunta-marti-inaintea-sedintei-de-guvern-propunerea-pentru-ministerul-bugetului-282677<\/p>\n","protected":false},"excerpt":{"rendered":"<p>Premierul\u00a0Victor Ponta\u00a0declarase,s\u0103pt\u0103m\u00e2na trecut\u0103, c\u0103 noile propuneri pentru func\u0163iile de mini\u015ftri ai Culturii \u015fi Bugetului vor fi f\u0103cute la sf\u00e2r\u015fitul lunii august, el ad\u0103ug\u00e2nd c\u0103 se g\u00e2nde\u015fte s\u0103-i fac\u0103 \u201eo surpriz\u0103 pl\u0103cut\u0103\u201d \u015fefului statului,\u00a0Traian B\u0103sescu, \u00eentruc\u00e2t nu mai poate refuza nominaliz\u0103rile. \u201eLa sf\u00e2r\u015fitul lunii august o s\u0103 discut \u015fi cu cei de la UDMR dac\u0103 fac [&hellip;]<\/p>\n","protected":false},"author":1,"featured_media":198654,"comment_status":"open","ping_status":"","sticky":false,"template":"","format":"standard","meta":{"footnotes":""},"categories":[2],"tags":[11],"class_list":["post-198653","post","type-post","status-publish","format-standard","has-post-thumbnail","hentry","category-politics","tag-digi24"],"_links":{"self":[{"href":"https:\/\/analyse.optim.biz\/index.php?rest_route=\/wp\/v2\/posts\/198653","targetHints":{"allow":["GET"]}}],"collection":[{"href":"https:\/\/analyse.optim.biz\/index.php?rest_route=\/wp\/v2\/posts"}],"about":[{"href":"https:\/\/analyse.optim.biz\/index.php?rest_route=\/wp\/v2\/types\/post"}],"author":[{"embeddable":true,"href":"https:\/\/analyse.optim.biz\/index.php?rest_route=\/wp\/v2\/users\/1"}],"replies":[{"embeddable":true,"href":"https:\/\/analyse.optim.biz\/index.php?rest_route=%2Fwp%2Fv2%2Fcomments&post=198653"}],"version-history":[{"count":0,"href":"https:\/\/analyse.optim.biz\/index.php?rest_route=\/wp\/v2\/posts\/198653\/revisions"}],"wp:featuredmedia":[{"embeddable":true,"href":"https:\/\/analyse.optim.biz\/index.php?rest_route=\/wp\/v2\/media\/198654"}],"wp:attachment":[{"href":"https:\/\/analyse.optim.biz\/index.php?rest_route=%2Fwp%2Fv2%2Fmedia&parent=198653"}],"wp:term":[{"taxonomy":"category","embeddable":true,"href":"https:\/\/analyse.optim.biz\/index.php?rest_route=%2Fwp%2Fv2%2Fcategories&post=198653"},{"taxonomy":"post_tag","embeddable":true,"href":"https:\/\/analyse.optim.biz\/index.php?rest_route=%2Fwp%2Fv2%2Ftags&post=198653"}],"curies":[{"name":"wp","href":"https:\/\/api.w.org\/{rel}","templated":true}]}}