{"id":1986155,"date":"2026-06-12T08:29:24","date_gmt":"2026-06-12T05:29:24","guid":{"rendered":"https:\/\/analyse.optim.biz\/?p=1986155"},"modified":"2026-06-12T08:29:24","modified_gmt":"2026-06-12T05:29:24","slug":"printul-legionar-alexandru-cantacuzino-trebuie-sa-cream-o-noua-traditie-de-simtire-romaneasca-pentru-cinci-sute-de-ani","status":"publish","type":"post","link":"https:\/\/analyse.optim.biz\/?p=1986155","title":{"rendered":"Prin\u021bul legionar Alexandru Cantacuzino: Trebuie s\u0103 cre\u0103m o nou\u0103 tradi\u021bie de sim\u021bire rom\u00e2neasc\u0103 pentru cinci sute de ani"},"content":{"rendered":"<p>[analyse_image type=&#8221;featured&#8221; src=&#8221;https:\/\/www.incorectpolitic.com\/wp-content\/uploads\/2026\/06\/alecu-cantacuzino.jpg&#8221;]<\/p>\n<div class=\"entry\">\n<p data-start=\"194\" data-end=\"264\">Sterie Ciumetti<br \/><strong>Incorect Politic<\/strong><br \/>\nIunie 12, 2026<\/p>\n<p data-start=\"194\" data-end=\"264\"><a href=\"https:\/\/www.incorectpolitic.com\/sa-sfarsim-odata-cu-resemnarea-invinsului\/alecu-cantacuzino\/\" rel=\"attachment wp-att-81779\"><img loading=\"lazy\" decoding=\"async\" class=\"size-full wp-image-81779 aligncenter\" src=\"https:\/\/www.incorectpolitic.com\/wp-content\/uploads\/2026\/06\/alecu-cantacuzino.jpg\" alt width=\"960\" height=\"1342\"><\/a><\/p>\n<h3 data-start=\"194\" data-end=\"264\"><strong>Prin\u021bul legionar Alexandru Cantacuzino: Trebuie s\u0103 cre\u0103m o nou\u0103 tradi\u021bie de sim\u021bire rom\u00e2neasc\u0103 pentru cinci sute de ani<\/strong><\/h3>\n<p data-start=\"194\" data-end=\"264\">Pentru aceasta, prima cerin\u021b\u0103 este o desprindere de trecutul apropiat.<\/p>\n<p data-start=\"269\" data-end=\"530\">Lucien Romier a scris despre noi: \u201eCe poate da o referin\u021b\u0103 la trecut \u00eentr-o \u021bar\u0103 care a fost timp de secole o r\u0103sp\u00e2ntie de invazii, o mozaic\u0103 de influen\u021be du\u0219mane, o \u021bar\u0103 a c\u0103ror membre separate au fost supuse radia\u021biunilor unor culturi diferite dac\u0103 nu opuse\u201d.<\/p>\n<p data-start=\"535\" data-end=\"732\">Avem deci o slab\u0103 tradi\u021bie de moral\u0103, de caracter, de \u021binut\u0103 \u0219i de valori de via\u021b\u0103 rom\u00e2neasc\u0103, \u0219i chiar aceast\u0103 slab\u0103 tradi\u021bie trebuie s\u0103 o c\u0103ut\u0103m dincolo de ultimii 300 de ani ai istoriei noastre.<\/p>\n<p data-start=\"737\" data-end=\"878\">Nici una din figurile mari ale celor care au muncit pentru a face Rom\u00e2nia modern\u0103, nu ne poate sluji drept model de om pentru via\u021ba de m\u00e2ine.<\/p>\n<p data-start=\"883\" data-end=\"1035\">Nu ne pot inspira exemple pentru un trai legionar nici via\u021ba lui Kog\u0103lniceanu, nici via\u021ba lui Maiorescu, nici via\u021ba lui Ion Br\u0103tianu, de\u0219i le respect\u0103m.<\/p>\n<p data-start=\"1040\" data-end=\"1079\">Ace\u0219ti oameni \u00eens\u0103 au sim\u021bit rom\u00e2ne\u0219te.<\/p>\n<p data-start=\"1084\" data-end=\"1255\">Din contr\u0103, st\u0103p\u00e2nitorii no\u0219tri de acum formeaz\u0103 o clas\u0103 becisnic\u0103, nevolnic\u0103, \u00eenstr\u0103inat\u0103, una din cele mai r\u0103uf\u0103c\u0103toare din c\u00e2te s-au perindat pe p\u0103m\u00e2ntul \u021b\u0103rii noastre.<\/p>\n<p data-start=\"1260\" data-end=\"1370\">Marele lor p\u0103cat este artificialitatea, lipsa de receptivitate fa\u021b\u0103 de efluviile cerului \u0219i \u021b\u0103r\u00e2nei rom\u00e2ne\u0219ti.<\/p>\n<p data-start=\"1375\" data-end=\"1507\">Cu o sensibilitate g\u0103l\u0103gioas\u0103, ei au vibrat \u00eendeob\u0219te fa\u021b\u0103 de undele ce le radiaz\u0103 principiile burgheze \u0219i capitaliste din occident.<\/p>\n<p data-start=\"1512\" data-end=\"1580\">Ei nu \u201eau aplecat urechea la murmurul tainic al p\u0103m\u00e2ntului p\u0103rinte\u201d.<\/p>\n<p data-start=\"1585\" data-end=\"1658\">Infirmitatea lor este deforma\u021biunea cauzat\u0103 de norme de judecat\u0103 str\u0103ine.<\/p>\n<p data-start=\"1663\" data-end=\"1727\">Consecin\u021ba este pervertirea autenticit\u0103\u021bii reflexelor rom\u00e2ne\u0219ti.<\/p>\n<p data-start=\"1751\" data-end=\"1874\">Rom\u00e2nul de m\u00e2ine va avea o des\u0103v\u00e2r\u0219it\u0103 autonomie spiritual\u0103 \u0219i autenticitate rom\u00e2neasc\u0103 \u00een creier, \u00een suflet \u0219i \u00een sim\u021bire.<\/p>\n<p data-start=\"1879\" data-end=\"2092\">El se va sim\u021bi p\u00e2ng\u0103rit ca de-o tr\u0103dare, dac\u0103 \u00eempins de un n\u0103rav de sclav, se va l\u0103sa oprit \u00een ajutorarea \u0219i \u00een m\u00e2ng\u00e2ierea nevoilor \u0219i necazurilor rom\u00e2ne\u0219ti de ce vor spune min\u021bile \u0219i autorit\u0103\u021bile din str\u0103in\u0103tate.<\/p>\n<p data-start=\"2097\" data-end=\"2328\">Nu cred s\u0103 se g\u0103seasc\u0103 francez care s\u0103-\u0219i fi zis vreodat\u0103: stai, nu milita pentru instaurarea unei autorit\u0103\u021bi dictatoriale sau aplicarea lui Numerus Clausus \u00een Fran\u021ba, fiindc\u0103 acestea ar putea fi dezaprobate de Rom\u00e2nia democratic\u0103.<\/p>\n<p data-start=\"2333\" data-end=\"2500\">Avem deci s\u0103 ne desprindem de moravurile \u0219i de influen\u021bele turce\u0219ti, ruse\u0219ti, grece\u0219ti, ungure\u0219ti, fran\u021buze\u0219ti, de obiceiurile de g\u00e2ndire \u0219i de sim\u021bire ale str\u0103inilor.<\/p>\n<p data-start=\"2505\" data-end=\"2660\">S\u0103 ne cioplim un eu al nostru rom\u00e2nesc dup\u0103 visul legionar \u0219i dup\u0103 modelele ce le g\u0103sim dincolo de istoria ultimilor trei sute de ani ai Neamului rom\u00e2nesc.<\/p>\n<p data-start=\"2665\" data-end=\"2873\">G\u0103sim pildele necesare \u00een via\u021ba lui \u0218tefan cel Mare, \u00een via\u021ba lui Matei Basarab, \u00een via\u021ba lui Mihai Viteazul, \u00een vie\u021bile lui Horia, Clo\u0219ca \u0219i Cri\u0219an, \u00een via\u021ba lui Tudor Vladimirescu, \u00een via\u021ba lui Avram Iancu.<\/p>\n<p data-start=\"2878\" data-end=\"3075\">Iar acest eu rom\u00e2nesc, c\u0103lit \u0219i modelat, at\u00e2t prin \u00eencerc\u0103rile ce le \u00eenfrunt\u0103m, c\u00e2t \u0219i prin biruin\u021ba ce o vom cuceri, s\u0103 slujeasc\u0103 drept exemplar c\u00e2rmuitor de existen\u021b\u0103 pentru genera\u021biile viitoare.<\/p>\n<p data-start=\"3080\" data-end=\"3242\">Prima condi\u021bie pentru crearea rom\u00e2nului de m\u00e2ine este deci s\u0103 pierdem moravurile \u0219i obsesia traiului b\u0103tr\u00e2nesc de ast\u0103zi \u0219i s\u0103 vrem s\u0103 \u00eenv\u0103\u021b\u0103m existen\u021ba de m\u00e2ine.<\/p>\n<p data-start=\"3247\" data-end=\"3435\">Trebuie s\u0103 ne liber\u0103m de spectrul, de vedenia trecutului apropiat, s\u0103 ne dezr\u0103d\u0103cin\u0103m \u0219i apoi s\u0103 ne replant\u0103m via\u021ba \u0219i voin\u021ba noastr\u0103 de a tr\u0103i, \u00een cerin\u021bele \u0219i impulsurile vremii noastre.<\/p>\n<p data-start=\"3459\" data-end=\"3607\">\u00cen opera de reeducare sufleteasc\u0103 ce ne este dat\u0103 s\u0103 \u00eemplinim, trebuie deci s\u0103 cre\u0103m o nou\u0103 tradi\u021bie de sim\u021bire rom\u00e2neasc\u0103 pentru cinci sute de ani.<\/p>\n<p data-start=\"3612\" data-end=\"3775\">Rom\u00e2nul s-a obi\u0219nuit s\u0103-\u0219i restr\u00e2ng\u0103 nevoile \u0219i din nefericire \u0219i-a dezvoltat energia mai mult \u00een aptitudini de rezisten\u021b\u0103 pasiv\u0103, dec\u00e2t \u00een \u00eensu\u0219iri de activitate.<\/p>\n<p data-start=\"3780\" data-end=\"3894\">El are cusururile unui temperament format printr-o lung\u0103 adaptare a unor sfor\u021b\u0103ri reduse, la o hran\u0103 insuficient\u0103.<\/p>\n<p data-start=\"3899\" data-end=\"3984\">S\u0103 nu crede\u021bi \u00eens\u0103 c\u0103 firea rom\u00e2nului este molatec\u0103 \u0219i fle\u0219c\u0103it\u0103, prin predestina\u021bie.<\/p>\n<p data-start=\"3989\" data-end=\"4166\">Pl\u0103e\u0219ii voinici \u0219i \u00eencrunta\u021bi ai lui \u0218tefan cel Mare, cred c\u0103 ar privi cu dispre\u021b pe urma\u0219ii lor de ast\u0103zi, abrutiza\u021bi de alcool, de \u00een\u0219el\u0103ciuni, de boli trupe\u0219ti \u0219i suflete\u0219ti.<\/p>\n<p data-start=\"4171\" data-end=\"4285\">Cu substan\u021ba rom\u00e2neasc\u0103 se \u00eent\u00e2mpl\u0103 o poveste asem\u0103n\u0103toare aceleia a bobului de gr\u00e2u din morm\u00e2ntul lui Tutankamon.<\/p>\n<p data-start=\"4290\" data-end=\"4368\">Acest bob de gr\u00e2u scos la lumin\u0103 dup\u0103 c\u00e2teva mii de ani a \u00eenceput s\u0103 dea spic.<\/p>\n<p data-start=\"4373\" data-end=\"4482\">Rom\u00e2nul mai p\u0103streaz\u0103 \u00een ad\u00e2ncimile lui valen\u021bele rom\u00e2ne\u0219ti acoperite de multe apuc\u0103turi \u0219i cusururi str\u0103ine.<\/p>\n<p data-start=\"4487\" data-end=\"4551\">Aceste valen\u021be a\u0219teapt\u0103 numai un climat rom\u00e2nesc spre a germina.<\/p>\n<p data-start=\"4556\" data-end=\"4829\">Rom\u00e2nul de m\u00e2ine va avea s\u0103 se lepede de urm\u0103toarele n\u0103ravuri: \u00eeng\u0103duin\u021ba, \u0219mecheria, incorectitudinea, repulsiunea pentru sfor\u021bare, pasivitatea \u00een reac\u021biuni, resemnarea, dorin\u021ba de c\u00e2\u0219tiguri lesnicioase \u0219i repezi, dorul dup\u0103 o via\u021b\u0103 tihnit\u0103, \u00een genere calit\u0103\u021bile burgheze.<\/p>\n<p data-start=\"4834\" data-end=\"4927\">Toate aceste feluri de purtare mic\u0219oreaz\u0103 sau chiar anihileaz\u0103 vigoarea revolu\u021biei na\u021bionale.<\/p>\n<p data-start=\"4932\" data-end=\"5033\">P\u0103zi\u021bi-v\u0103, camarazi, de aceste defecte, dar mai cu seam\u0103 vreau s\u0103 strig, p\u0103zi\u021bi-v\u0103 de lepra tr\u0103d\u0103rii.<\/p>\n<p data-start=\"4932\" data-end=\"5033\"><em>Fragmente din Rom\u00e2nul de M\u00e2ine, de Alexandru Cantacuzino<\/em><\/p>\n<\/div>\n<div class=\"entry\">\n<p data-start=\"194\" data-end=\"264\">Sterie Ciumetti<br \/><strong>Incorect Politic<\/strong><br \/>\nIunie 12, 2026<\/p>\n<p data-start=\"194\" data-end=\"264\"><a href=\"https:\/\/www.incorectpolitic.com\/sa-sfarsim-odata-cu-resemnarea-invinsului\/alecu-cantacuzino\/\" rel=\"attachment wp-att-81779\"><img loading=\"lazy\" decoding=\"async\" class=\"size-full wp-image-81779 aligncenter\" src=\"https:\/\/www.incorectpolitic.com\/wp-content\/uploads\/2026\/06\/alecu-cantacuzino.jpg\" alt width=\"960\" height=\"1342\"><\/a><\/p>\n<h3 data-start=\"194\" data-end=\"264\"><strong>Prin\u021bul legionar Alexandru Cantacuzino: Trebuie s\u0103 cre\u0103m o nou\u0103 tradi\u021bie de sim\u021bire rom\u00e2neasc\u0103 pentru cinci sute de ani<\/strong><\/h3>\n<p data-start=\"194\" data-end=\"264\">Pentru aceasta, prima cerin\u021b\u0103 este o desprindere de trecutul apropiat.<\/p>\n<p data-start=\"269\" data-end=\"530\">Lucien Romier a scris despre noi: \u201eCe poate da o referin\u021b\u0103 la trecut \u00eentr-o \u021bar\u0103 care a fost timp de secole o r\u0103sp\u00e2ntie de invazii, o mozaic\u0103 de influen\u021be du\u0219mane, o \u021bar\u0103 a c\u0103ror membre separate au fost supuse radia\u021biunilor unor culturi diferite dac\u0103 nu opuse\u201d.<\/p>\n<p data-start=\"535\" data-end=\"732\">Avem deci o slab\u0103 tradi\u021bie de moral\u0103, de caracter, de \u021binut\u0103 \u0219i de valori de via\u021b\u0103 rom\u00e2neasc\u0103, \u0219i chiar aceast\u0103 slab\u0103 tradi\u021bie trebuie s\u0103 o c\u0103ut\u0103m dincolo de ultimii 300 de ani ai istoriei noastre.<\/p>\n<p data-start=\"737\" data-end=\"878\">Nici una din figurile mari ale celor care au muncit pentru a face Rom\u00e2nia modern\u0103, nu ne poate sluji drept model de om pentru via\u021ba de m\u00e2ine.<\/p>\n<p data-start=\"883\" data-end=\"1035\">Nu ne pot inspira exemple pentru un trai legionar nici via\u021ba lui Kog\u0103lniceanu, nici via\u021ba lui Maiorescu, nici via\u021ba lui Ion Br\u0103tianu, de\u0219i le respect\u0103m.<\/p>\n<p data-start=\"1040\" data-end=\"1079\">Ace\u0219ti oameni \u00eens\u0103 au sim\u021bit rom\u00e2ne\u0219te.<\/p>\n<p data-start=\"1084\" data-end=\"1255\">Din contr\u0103, st\u0103p\u00e2nitorii no\u0219tri de acum formeaz\u0103 o clas\u0103 becisnic\u0103, nevolnic\u0103, \u00eenstr\u0103inat\u0103, una din cele mai r\u0103uf\u0103c\u0103toare din c\u00e2te s-au perindat pe p\u0103m\u00e2ntul \u021b\u0103rii noastre.<\/p>\n<p data-start=\"1260\" data-end=\"1370\">Marele lor p\u0103cat este artificialitatea, lipsa de receptivitate fa\u021b\u0103 de efluviile cerului \u0219i \u021b\u0103r\u00e2nei rom\u00e2ne\u0219ti.<\/p>\n<p data-start=\"1375\" data-end=\"1507\">Cu o sensibilitate g\u0103l\u0103gioas\u0103, ei au vibrat \u00eendeob\u0219te fa\u021b\u0103 de undele ce le radiaz\u0103 principiile burgheze \u0219i capitaliste din occident.<\/p>\n<p data-start=\"1512\" data-end=\"1580\">Ei nu \u201eau aplecat urechea la murmurul tainic al p\u0103m\u00e2ntului p\u0103rinte\u201d.<\/p>\n<p data-start=\"1585\" data-end=\"1658\">Infirmitatea lor este deforma\u021biunea cauzat\u0103 de norme de judecat\u0103 str\u0103ine.<\/p>\n<p data-start=\"1663\" data-end=\"1727\">Consecin\u021ba este pervertirea autenticit\u0103\u021bii reflexelor rom\u00e2ne\u0219ti.<\/p>\n<p data-start=\"1751\" data-end=\"1874\">Rom\u00e2nul de m\u00e2ine va avea o des\u0103v\u00e2r\u0219it\u0103 autonomie spiritual\u0103 \u0219i autenticitate rom\u00e2neasc\u0103 \u00een creier, \u00een suflet \u0219i \u00een sim\u021bire.<\/p>\n<p data-start=\"1879\" data-end=\"2092\">El se va sim\u021bi p\u00e2ng\u0103rit ca de-o tr\u0103dare, dac\u0103 \u00eempins de un n\u0103rav de sclav, se va l\u0103sa oprit \u00een ajutorarea \u0219i \u00een m\u00e2ng\u00e2ierea nevoilor \u0219i necazurilor rom\u00e2ne\u0219ti de ce vor spune min\u021bile \u0219i autorit\u0103\u021bile din str\u0103in\u0103tate.<\/p>\n<p data-start=\"2097\" data-end=\"2328\">Nu cred s\u0103 se g\u0103seasc\u0103 francez care s\u0103-\u0219i fi zis vreodat\u0103: stai, nu milita pentru instaurarea unei autorit\u0103\u021bi dictatoriale sau aplicarea lui Numerus Clausus \u00een Fran\u021ba, fiindc\u0103 acestea ar putea fi dezaprobate de Rom\u00e2nia democratic\u0103.<\/p>\n<p data-start=\"2333\" data-end=\"2500\">Avem deci s\u0103 ne desprindem de moravurile \u0219i de influen\u021bele turce\u0219ti, ruse\u0219ti, grece\u0219ti, ungure\u0219ti, fran\u021buze\u0219ti, de obiceiurile de g\u00e2ndire \u0219i de sim\u021bire ale str\u0103inilor.<\/p>\n<p data-start=\"2505\" data-end=\"2660\">S\u0103 ne cioplim un eu al nostru rom\u00e2nesc dup\u0103 visul legionar \u0219i dup\u0103 modelele ce le g\u0103sim dincolo de istoria ultimilor trei sute de ani ai Neamului rom\u00e2nesc.<\/p>\n<p data-start=\"2665\" data-end=\"2873\">G\u0103sim pildele necesare \u00een via\u021ba lui \u0218tefan cel Mare, \u00een via\u021ba lui Matei Basarab, \u00een via\u021ba lui Mihai Viteazul, \u00een vie\u021bile lui Horia, Clo\u0219ca \u0219i Cri\u0219an, \u00een via\u021ba lui Tudor Vladimirescu, \u00een via\u021ba lui Avram Iancu.<\/p>\n<p data-start=\"2878\" data-end=\"3075\">Iar acest eu rom\u00e2nesc, c\u0103lit \u0219i modelat, at\u00e2t prin \u00eencerc\u0103rile ce le \u00eenfrunt\u0103m, c\u00e2t \u0219i prin biruin\u021ba ce o vom cuceri, s\u0103 slujeasc\u0103 drept exemplar c\u00e2rmuitor de existen\u021b\u0103 pentru genera\u021biile viitoare.<\/p>\n<p data-start=\"3080\" data-end=\"3242\">Prima condi\u021bie pentru crearea rom\u00e2nului de m\u00e2ine este deci s\u0103 pierdem moravurile \u0219i obsesia traiului b\u0103tr\u00e2nesc de ast\u0103zi \u0219i s\u0103 vrem s\u0103 \u00eenv\u0103\u021b\u0103m existen\u021ba de m\u00e2ine.<\/p>\n<p data-start=\"3247\" data-end=\"3435\">Trebuie s\u0103 ne liber\u0103m de spectrul, de vedenia trecutului apropiat, s\u0103 ne dezr\u0103d\u0103cin\u0103m \u0219i apoi s\u0103 ne replant\u0103m via\u021ba \u0219i voin\u021ba noastr\u0103 de a tr\u0103i, \u00een cerin\u021bele \u0219i impulsurile vremii noastre.<\/p>\n<p data-start=\"3459\" data-end=\"3607\">\u00cen opera de reeducare sufleteasc\u0103 ce ne este dat\u0103 s\u0103 \u00eemplinim, trebuie deci s\u0103 cre\u0103m o nou\u0103 tradi\u021bie de sim\u021bire rom\u00e2neasc\u0103 pentru cinci sute de ani.<\/p>\n<p data-start=\"3612\" data-end=\"3775\">Rom\u00e2nul s-a obi\u0219nuit s\u0103-\u0219i restr\u00e2ng\u0103 nevoile \u0219i din nefericire \u0219i-a dezvoltat energia mai mult \u00een aptitudini de rezisten\u021b\u0103 pasiv\u0103, dec\u00e2t \u00een \u00eensu\u0219iri de activitate.<\/p>\n<p data-start=\"3780\" data-end=\"3894\">El are cusururile unui temperament format printr-o lung\u0103 adaptare a unor sfor\u021b\u0103ri reduse, la o hran\u0103 insuficient\u0103.<\/p>\n<p data-start=\"3899\" data-end=\"3984\">S\u0103 nu crede\u021bi \u00eens\u0103 c\u0103 firea rom\u00e2nului este molatec\u0103 \u0219i fle\u0219c\u0103it\u0103, prin predestina\u021bie.<\/p>\n<p data-start=\"3989\" data-end=\"4166\">Pl\u0103e\u0219ii voinici \u0219i \u00eencrunta\u021bi ai lui \u0218tefan cel Mare, cred c\u0103 ar privi cu dispre\u021b pe urma\u0219ii lor de ast\u0103zi, abrutiza\u021bi de alcool, de \u00een\u0219el\u0103ciuni, de boli trupe\u0219ti \u0219i suflete\u0219ti.<\/p>\n<p data-start=\"4171\" data-end=\"4285\">Cu substan\u021ba rom\u00e2neasc\u0103 se \u00eent\u00e2mpl\u0103 o poveste asem\u0103n\u0103toare aceleia a bobului de gr\u00e2u din morm\u00e2ntul lui Tutankamon.<\/p>\n<p data-start=\"4290\" data-end=\"4368\">Acest bob de gr\u00e2u scos la lumin\u0103 dup\u0103 c\u00e2teva mii de ani a \u00eenceput s\u0103 dea spic.<\/p>\n<p data-start=\"4373\" data-end=\"4482\">Rom\u00e2nul mai p\u0103streaz\u0103 \u00een ad\u00e2ncimile lui valen\u021bele rom\u00e2ne\u0219ti acoperite de multe apuc\u0103turi \u0219i cusururi str\u0103ine.<\/p>\n<p data-start=\"4487\" data-end=\"4551\">Aceste valen\u021be a\u0219teapt\u0103 numai un climat rom\u00e2nesc spre a germina.<\/p>\n<p data-start=\"4556\" data-end=\"4829\">Rom\u00e2nul de m\u00e2ine va avea s\u0103 se lepede de urm\u0103toarele n\u0103ravuri: \u00eeng\u0103duin\u021ba, \u0219mecheria, incorectitudinea, repulsiunea pentru sfor\u021bare, pasivitatea \u00een reac\u021biuni, resemnarea, dorin\u021ba de c\u00e2\u0219tiguri lesnicioase \u0219i repezi, dorul dup\u0103 o via\u021b\u0103 tihnit\u0103, \u00een genere calit\u0103\u021bile burgheze.<\/p>\n<p data-start=\"4834\" data-end=\"4927\">Toate aceste feluri de purtare mic\u0219oreaz\u0103 sau chiar anihileaz\u0103 vigoarea revolu\u021biei na\u021bionale.<\/p>\n<p data-start=\"4932\" data-end=\"5033\">P\u0103zi\u021bi-v\u0103, camarazi, de aceste defecte, dar mai cu seam\u0103 vreau s\u0103 strig, p\u0103zi\u021bi-v\u0103 de lepra tr\u0103d\u0103rii.<\/p>\n<p data-start=\"4932\" data-end=\"5033\"><em>Fragmente din Rom\u00e2nul de M\u00e2ine, de Alexandru Cantacuzino<\/em><\/p>\n<\/div>\n<article class=\"post-80361 post type-post status-publish entry includes-feat-image\">\n<div class=\"featured-image alignleft\"><a class=\"featured_post_link\" href=\"https:\/\/www.incorectpolitic.com\/ultimul-fiu-al-daciei\/\" title=\"Ultimul Fiu al Daciei\"><img loading=\"lazy\" decoding=\"async\" width=\"100\" height=\"150\" src=\"https:\/\/www.incorectpolitic.com\/wp-content\/uploads\/2025\/10\/dac.jpeg\" class=\"attachment-thumbnail size-thumbnail wp-post-image lazyload\" alt><img loading=\"lazy\" decoding=\"async\" width=\"100\" height=\"150\" src=\"https:\/\/www.incorectpolitic.com\/wp-content\/uploads\/2025\/10\/dac.jpeg\" class=\"attachment-thumbnail size-thumbnail wp-post-image\" alt data-eio=\"l\"><\/a><\/div>\n<div class=\"entry-title\"><a class=\"featured_post_link\" href=\"https:\/\/www.incorectpolitic.com\/ultimul-fiu-al-daciei\/\" title=\"Ultimul Fiu al Daciei\">Ultimul Fiu al Daciei<\/a><\/div>\n<\/article>\n<article class=\"post-73927 post type-post status-publish entry includes-feat-image\">\n<div class=\"featured-image alignleft\"><a class=\"featured_post_link\" href=\"https:\/\/www.incorectpolitic.com\/cauzele-si-dinamica-antisemitismului\/\" title=\"Cauzele \u0219i Dinamica Antisemitismului\"><img loading=\"lazy\" decoding=\"async\" width=\"150\" height=\"150\" src=\"https:\/\/www.incorectpolitic.com\/wp-content\/uploads\/2018\/09\/bolshevik-jews-150x150.jpg\" class=\"attachment-thumbnail size-thumbnail wp-post-image lazyload\" alt><img loading=\"lazy\" decoding=\"async\" width=\"150\" height=\"150\" src=\"https:\/\/www.incorectpolitic.com\/wp-content\/uploads\/2018\/09\/bolshevik-jews-150x150.jpg\" class=\"attachment-thumbnail size-thumbnail wp-post-image\" alt data-eio=\"l\"><\/a><\/div>\n<div class=\"entry-title\"><a class=\"featured_post_link\" href=\"https:\/\/www.incorectpolitic.com\/cauzele-si-dinamica-antisemitismului\/\" title=\"Cauzele \u0219i Dinamica Antisemitismului\">Cauzele \u0219i Dinamica Antisemitismului<\/a><\/div>\n<\/article>\n<article class=\"post-72974 post type-post status-publish entry includes-feat-image\">\n<div class=\"featured-image alignleft\"><a class=\"featured_post_link\" href=\"https:\/\/www.incorectpolitic.com\/navalirea-jidanilor-de-vasile-alecsandri-piesa-interzisa\/\" title=\"N\u0103v\u0103lirea Jidanilor \u2013 de Vasile Alecsandri (Pies\u0103 interzis\u0103)\"><img loading=\"lazy\" decoding=\"async\" width=\"150\" height=\"150\" src=\"https:\/\/www.incorectpolitic.com\/wp-content\/uploads\/2024\/02\/jidani-navalire-2.png\" class=\"attachment-thumbnail size-thumbnail wp-post-image lazyload\" alt><img loading=\"lazy\" decoding=\"async\" width=\"150\" height=\"150\" src=\"https:\/\/www.incorectpolitic.com\/wp-content\/uploads\/2024\/02\/jidani-navalire-2.png\" class=\"attachment-thumbnail size-thumbnail wp-post-image\" alt data-eio=\"l\"><\/a><\/div>\n<div class=\"entry-title\"><a class=\"featured_post_link\" href=\"https:\/\/www.incorectpolitic.com\/navalirea-jidanilor-de-vasile-alecsandri-piesa-interzisa\/\" title=\"N\u0103v\u0103lirea Jidanilor \u2013 de Vasile Alecsandri (Pies\u0103 interzis\u0103)\">N\u0103v\u0103lirea Jidanilor \u2013 de Vasile Alecsandri (Pies\u0103 interzis\u0103)<\/a><\/div>\n<\/article>\n<article class=\"post-71879 post type-post status-publish entry includes-feat-image\">\n<div class=\"featured-image alignleft\"><a class=\"featured_post_link\" href=\"https:\/\/www.incorectpolitic.com\/europa-si-romania-in-anul-2050\/\" title=\"Europa \u0219i Rom\u00e2nia \u00een anul 2050\"><img loading=\"lazy\" decoding=\"async\" width=\"147\" height=\"150\" src=\"https:\/\/www.incorectpolitic.com\/wp-content\/uploads\/2024\/01\/Romania-2050-2.png\" class=\"attachment-thumbnail size-thumbnail wp-post-image lazyload\" alt><img loading=\"lazy\" decoding=\"async\" width=\"147\" height=\"150\" src=\"https:\/\/www.incorectpolitic.com\/wp-content\/uploads\/2024\/01\/Romania-2050-2.png\" class=\"attachment-thumbnail size-thumbnail wp-post-image\" alt data-eio=\"l\"><\/a><\/div>\n<div class=\"entry-title\"><a class=\"featured_post_link\" href=\"https:\/\/www.incorectpolitic.com\/europa-si-romania-in-anul-2050\/\" title=\"Europa \u0219i Rom\u00e2nia \u00een anul 2050\">Europa \u0219i Rom\u00e2nia \u00een anul 2050<\/a><\/div>\n<\/article>\n<article class=\"post-23854 post type-post status-publish entry includes-feat-image\">\n<div class=\"featured-image alignleft\"><a class=\"featured_post_link\" href=\"https:\/\/www.incorectpolitic.com\/vizita-papei-autonomie-alternativa\/\" title=\"Vizita Papei \u2013 Autonomie Alternativ\u0103\"><img loading=\"lazy\" decoding=\"async\" width=\"150\" height=\"150\" class=\"attachment-thumbnail size-thumbnail wp-post-image lazyload\" alt src=\"https:\/\/www.incorectpolitic.com\/wp-content\/uploads\/2019\/06\/uI2HFtR-150x150.jpg\"><img loading=\"lazy\" decoding=\"async\" width=\"150\" height=\"150\" src=\"https:\/\/www.incorectpolitic.com\/wp-content\/uploads\/2019\/06\/uI2HFtR-150x150.jpg\" class=\"attachment-thumbnail size-thumbnail wp-post-image\" alt data-eio=\"l\"><\/a><\/div>\n<div class=\"entry-title\"><a class=\"featured_post_link\" href=\"https:\/\/www.incorectpolitic.com\/vizita-papei-autonomie-alternativa\/\" title=\"Vizita Papei \u2013 Autonomie Alternativ\u0103\">Vizita Papei \u2013 Autonomie Alternativ\u0103<\/a><\/div>\n<\/article>\n<article class=\"post-72111 post type-post status-publish entry includes-feat-image\">\n<div class=\"featured-image alignleft\"><a class=\"featured_post_link\" href=\"https:\/\/www.incorectpolitic.com\/revelion-2023-2024-vine-anul-biruintei\/\" title=\"Revelion 2023 \u2013 2024 vine ANUL BIRUIN\u021aEI\"><img loading=\"lazy\" decoding=\"async\" width=\"150\" height=\"150\" src=\"https:\/\/www.incorectpolitic.com\/wp-content\/uploads\/2023\/12\/anul-biruintei.png\" class=\"attachment-thumbnail size-thumbnail wp-post-image lazyload\" alt><img loading=\"lazy\" decoding=\"async\" width=\"150\" height=\"150\" src=\"https:\/\/www.incorectpolitic.com\/wp-content\/uploads\/2023\/12\/anul-biruintei.png\" class=\"attachment-thumbnail size-thumbnail wp-post-image\" alt data-eio=\"l\"><\/a><\/div>\n<div class=\"entry-title\"><a class=\"featured_post_link\" href=\"https:\/\/www.incorectpolitic.com\/revelion-2023-2024-vine-anul-biruintei\/\" title=\"Revelion 2023 \u2013 2024 vine ANUL BIRUIN\u021aEI\">Revelion 2023 \u2013 2024 vine ANUL BIRUIN\u021aEI<\/a><\/div>\n<\/article>\n<article class=\"post-50139 post type-post status-publish entry includes-feat-image\">\n<div class=\"featured-image alignleft\"><a class=\"featured_post_link\" href=\"https:\/\/www.incorectpolitic.com\/analiza-strategiei-adoptata-de-guvern-pentru-combaterea-antisemitismului-xenofobiei-si-discursului-instigator-la-ura-2021-2023\/\" title=\"Analiza Strategiei Adoptat\u0103 de Guvern Pentru Combaterea \u201cantisemitismului, xenofobiei \u0219i discursului instigator la ur\u0103 2021-2023\u201d\"><img loading=\"lazy\" decoding=\"async\" width=\"150\" height=\"150\" src=\"https:\/\/www.incorectpolitic.com\/wp-content\/uploads\/2019\/08\/Jewish-censorship-e1421273251759-2-150x150.jpg\" class=\"attachment-thumbnail size-thumbnail wp-post-image lazyload\" alt><img loading=\"lazy\" decoding=\"async\" width=\"150\" height=\"150\" src=\"https:\/\/www.incorectpolitic.com\/wp-content\/uploads\/2019\/08\/Jewish-censorship-e1421273251759-2-150x150.jpg\" class=\"attachment-thumbnail size-thumbnail wp-post-image\" alt data-eio=\"l\"><\/a><\/div>\n<div class=\"entry-title\"><a class=\"featured_post_link\" href=\"https:\/\/www.incorectpolitic.com\/analiza-strategiei-adoptata-de-guvern-pentru-combaterea-antisemitismului-xenofobiei-si-discursului-instigator-la-ura-2021-2023\/\" title=\"Analiza Strategiei Adoptat\u0103 de Guvern Pentru Combaterea \u201cantisemitismului, xenofobiei \u0219i discursului instigator la ur\u0103 2021-2023\u201d\">Analiza Strategiei Adoptat\u0103 de Guvern Pentru Combaterea \u201cantisemitismului, xenofobiei \u0219i discursului instigator la ur\u0103 2021-2023\u201d<\/a><\/div>\n<\/article>\n<article class=\"post-70829 post type-post status-publish entry includes-feat-image\">\n<div class=\"featured-image alignleft\"><a class=\"featured_post_link\" href=\"https:\/\/www.incorectpolitic.com\/pozitia-unilaterala-a-pseudo-politicienilor-din-romania-si-a-bor-in-sustinerea-israelului-singurul-stat-terorist-din-lume-arata-ca-acestia-nu-au-o-fibra-cu-adevarat-nationala\/\" title=\"Pozi\u021bia unilateral\u0103 a pseudo politicienilor din Rom\u00e2nia \u0219i a BOR \u00een sus\u021binerea Israelului, singurul stat terorist din lume, arat\u0103 c\u0103 ace\u0219tia nu au o fibr\u0103 cu adev\u0103rat na\u021bional\u0103\"><img loading=\"lazy\" decoding=\"async\" width=\"150\" height=\"89\" src=\"https:\/\/www.incorectpolitic.com\/wp-content\/uploads\/2023\/08\/circumcision.png\" class=\"attachment-thumbnail size-thumbnail wp-post-image lazyload\" alt><img loading=\"lazy\" decoding=\"async\" width=\"150\" height=\"89\" src=\"https:\/\/www.incorectpolitic.com\/wp-content\/uploads\/2023\/08\/circumcision.png\" class=\"attachment-thumbnail size-thumbnail wp-post-image\" alt data-eio=\"l\"><\/a><\/div>\n<div class=\"entry-title\"><a class=\"featured_post_link\" href=\"https:\/\/www.incorectpolitic.com\/pozitia-unilaterala-a-pseudo-politicienilor-din-romania-si-a-bor-in-sustinerea-israelului-singurul-stat-terorist-din-lume-arata-ca-acestia-nu-au-o-fibra-cu-adevarat-nationala\/\" title=\"Pozi\u021bia unilateral\u0103 a pseudo politicienilor din Rom\u00e2nia \u0219i a BOR \u00een sus\u021binerea Israelului, singurul stat terorist din lume, arat\u0103 c\u0103 ace\u0219tia nu au o fibr\u0103 cu adev\u0103rat na\u021bional\u0103\">Pozi\u021bia unilateral\u0103 a pseudo politicienilor din Rom\u00e2nia \u0219i a BOR \u00een sus\u021binerea Israelului, singurul stat terorist din lume, arat\u0103 c\u0103 ace\u0219tia nu au o fibr\u0103 cu adev\u0103rat na\u021bional\u0103<\/a><\/div>\n<\/article>\n<article class=\"post-66937 post type-post status-publish entry includes-feat-image\">\n<div class=\"featured-image alignleft\"><a class=\"featured_post_link\" href=\"https:\/\/www.incorectpolitic.com\/agresiunea-impotriva-revizionistilor-istorici-si-efectele-linsajului-judiciar-de-la-nuremberg\/\" title=\"Agresiunea \u00eempotriva Revizioni\u0219tilor Istorici \u0219i efectele lin\u0219ajului judiciar de la Nurnberg\"><img loading=\"lazy\" decoding=\"async\" width=\"150\" height=\"100\" src=\"https:\/\/www.incorectpolitic.com\/wp-content\/uploads\/2023\/04\/image_2023-04-30_134634134.png\" class=\"attachment-thumbnail size-thumbnail wp-post-image lazyload\" alt><img loading=\"lazy\" decoding=\"async\" width=\"150\" height=\"100\" src=\"https:\/\/www.incorectpolitic.com\/wp-content\/uploads\/2023\/04\/image_2023-04-30_134634134.png\" class=\"attachment-thumbnail size-thumbnail wp-post-image\" alt data-eio=\"l\"><\/a><\/div>\n<div class=\"entry-title\"><a class=\"featured_post_link\" href=\"https:\/\/www.incorectpolitic.com\/agresiunea-impotriva-revizionistilor-istorici-si-efectele-linsajului-judiciar-de-la-nuremberg\/\" title=\"Agresiunea \u00eempotriva Revizioni\u0219tilor Istorici \u0219i efectele lin\u0219ajului judiciar de la Nurnberg\">Agresiunea \u00eempotriva Revizioni\u0219tilor Istorici \u0219i efectele lin\u0219ajului judiciar de la Nurnberg<\/a><\/div>\n<\/article>\n<article class=\"post-19111 post type-post status-publish entry includes-feat-image\">\n<div class=\"featured-image alignleft\"><a class=\"featured_post_link\" href=\"https:\/\/www.incorectpolitic.com\/despre-adevar\/\" title=\"Despre Adev\u0103r\"><img loading=\"lazy\" decoding=\"async\" width=\"150\" height=\"150\" src=\"https:\/\/www.incorectpolitic.com\/wp-content\/uploads\/2019\/02\/freedomfromchain-150x150.jpg\" class=\"attachment-thumbnail size-thumbnail wp-post-image lazyload\" alt><img loading=\"lazy\" decoding=\"async\" width=\"150\" height=\"150\" src=\"https:\/\/www.incorectpolitic.com\/wp-content\/uploads\/2019\/02\/freedomfromchain-150x150.jpg\" class=\"attachment-thumbnail size-thumbnail wp-post-image\" alt data-eio=\"l\"><\/a><\/div>\n<div class=\"entry-title\"><a class=\"featured_post_link\" href=\"https:\/\/www.incorectpolitic.com\/despre-adevar\/\" title=\"Despre Adev\u0103r\">Despre Adev\u0103r<\/a><\/div>\n<\/article>\n<article class=\"post-53767 post type-post status-publish entry includes-feat-image\">\n<div class=\"featured-image alignleft\"><a class=\"featured_post_link\" href=\"https:\/\/www.incorectpolitic.com\/dictionarul-coincidentelor-cine-sunt-iudeii-care-ne-au-influentat-tara-in-istoria-recenta\/\" title=\"DIC\u021aIONARUL COINCIDEN\u021aELOR  \u2013 Cine sunt iudeii care ne-au influen\u021bat \u021bara \u00een istoria recent\u0103\"><img loading=\"lazy\" decoding=\"async\" width=\"150\" height=\"150\" src=\"https:\/\/www.incorectpolitic.com\/wp-content\/uploads\/2021\/09\/coinc-150x150.png\" class=\"attachment-thumbnail size-thumbnail wp-post-image lazyload\" alt><img loading=\"lazy\" decoding=\"async\" width=\"150\" height=\"150\" src=\"https:\/\/www.incorectpolitic.com\/wp-content\/uploads\/2021\/09\/coinc-150x150.png\" class=\"attachment-thumbnail size-thumbnail wp-post-image\" alt data-eio=\"l\"><\/a><\/div>\n<div class=\"entry-title\"><a class=\"featured_post_link\" href=\"https:\/\/www.incorectpolitic.com\/dictionarul-coincidentelor-cine-sunt-iudeii-care-ne-au-influentat-tara-in-istoria-recenta\/\" title=\"DIC\u021aIONARUL COINCIDEN\u021aELOR  \u2013 Cine sunt iudeii care ne-au influen\u021bat \u021bara \u00een istoria recent\u0103\">DIC\u021aIONARUL COINCIDEN\u021aELOR  \u2013 Cine sunt iudeii care ne-au influen\u021bat \u021bara \u00een istoria recent\u0103<\/a><\/div>\n<\/article>\n<article class=\"post-51156 post type-post status-publish entry includes-feat-image\">\n<div class=\"featured-image alignleft\"><a class=\"featured_post_link\" href=\"https:\/\/www.incorectpolitic.com\/desertaciune-nu-aparare\/\" title=\"DE\u0218ERT\u0102CIUNE?! Nu, AP\u0102RARE!\"><img loading=\"lazy\" decoding=\"async\" width=\"150\" height=\"150\" class=\"attachment-thumbnail size-thumbnail wp-post-image lazyload\" alt src=\"https:\/\/www.incorectpolitic.com\/wp-content\/uploads\/2021\/06\/desertaciune-nu-aparare-150x150.jpg\"><img loading=\"lazy\" decoding=\"async\" width=\"150\" height=\"150\" src=\"https:\/\/www.incorectpolitic.com\/wp-content\/uploads\/2021\/06\/desertaciune-nu-aparare-150x150.jpg\" class=\"attachment-thumbnail size-thumbnail wp-post-image\" alt data-eio=\"l\"><\/a><\/div>\n<div class=\"entry-title\"><a class=\"featured_post_link\" href=\"https:\/\/www.incorectpolitic.com\/desertaciune-nu-aparare\/\" title=\"DE\u0218ERT\u0102CIUNE?! Nu, AP\u0102RARE!\">DE\u0218ERT\u0102CIUNE?! Nu, AP\u0102RARE!<\/a><\/div>\n<\/article>\n<article class=\"post-44728 post type-post status-publish entry includes-feat-image\">\n<div class=\"featured-image alignleft\"><a class=\"featured_post_link\" href=\"https:\/\/www.incorectpolitic.com\/resetarea-medicinei-sau-resetarea-omenirii-prin-nanotehnologie\/\" title=\"Resetarea Medicinei sau Resetarea Omenirii prin Nanotehnologie\"><img loading=\"lazy\" decoding=\"async\" width=\"150\" height=\"150\" src=\"https:\/\/www.incorectpolitic.com\/wp-content\/uploads\/2020\/12\/ed8a914d6d236c9d231903a8b2e79f63-150x150.gif\" class=\"attachment-thumbnail size-thumbnail wp-post-image lazyload\" alt><img loading=\"lazy\" decoding=\"async\" width=\"150\" height=\"150\" src=\"https:\/\/www.incorectpolitic.com\/wp-content\/uploads\/2020\/12\/ed8a914d6d236c9d231903a8b2e79f63-150x150.gif\" class=\"attachment-thumbnail size-thumbnail wp-post-image\" alt data-eio=\"l\"><\/a><\/div>\n<div class=\"entry-title\"><a class=\"featured_post_link\" href=\"https:\/\/www.incorectpolitic.com\/resetarea-medicinei-sau-resetarea-omenirii-prin-nanotehnologie\/\" title=\"Resetarea Medicinei sau Resetarea Omenirii prin Nanotehnologie\">Resetarea Medicinei sau Resetarea Omenirii prin Nanotehnologie<\/a><\/div>\n<\/article>\n<article class=\"post-43837 post type-post status-publish entry includes-feat-image\">\n<div class=\"featured-image alignleft\"><a class=\"featured_post_link\" href=\"https:\/\/www.incorectpolitic.com\/noul-legamant\/\" title=\"Noul Leg\u0103m\u00e2nt\"><img loading=\"lazy\" decoding=\"async\" width=\"150\" height=\"150\" src=\"https:\/\/www.incorectpolitic.com\/wp-content\/uploads\/2020\/12\/NL-150x150.jpg\" class=\"attachment-thumbnail size-thumbnail wp-post-image lazyload\" alt><img loading=\"lazy\" decoding=\"async\" width=\"150\" height=\"150\" src=\"https:\/\/www.incorectpolitic.com\/wp-content\/uploads\/2020\/12\/NL-150x150.jpg\" class=\"attachment-thumbnail size-thumbnail wp-post-image\" alt data-eio=\"l\"><\/a><\/div>\n<div class=\"entry-title\"><a class=\"featured_post_link\" href=\"https:\/\/www.incorectpolitic.com\/noul-legamant\/\" title=\"Noul Leg\u0103m\u00e2nt\">Noul Leg\u0103m\u00e2nt<\/a><\/div>\n<\/article>\n<article class=\"post-42525 post type-post status-publish entry includes-feat-image\">\n<div class=\"featured-image alignleft\"><a class=\"featured_post_link\" href=\"https:\/\/www.incorectpolitic.com\/vaccinarea-inseamna-crima-un-atentat-la-sanatatea-personala-la-integritatea-corporala-si-intimitatea-oricarui-om-liber-medicul-ce-vaccineaza-cu-forta-un-om-liber-merita-sa-fie-pedepsit-de-acesta\/\" title=\"Vaccinarea \u00eenseamn\u0103 crim\u0103, un atentat la s\u0103n\u0103tatea personal\u0103, la integritatea corporal\u0103 \u0219i intimitatea oric\u0103rui om liber. Medicul ce vaccineaz\u0103 cu for\u021ba un om liber merit\u0103 s\u0103 fie pedepsit de acesta\"><img loading=\"lazy\" decoding=\"async\" width=\"150\" height=\"150\" src=\"https:\/\/www.incorectpolitic.com\/wp-content\/uploads\/2020\/11\/syringe_0-150x150.jpg\" class=\"attachment-thumbnail size-thumbnail wp-post-image lazyload\" alt><img loading=\"lazy\" decoding=\"async\" width=\"150\" height=\"150\" src=\"https:\/\/www.incorectpolitic.com\/wp-content\/uploads\/2020\/11\/syringe_0-150x150.jpg\" class=\"attachment-thumbnail size-thumbnail wp-post-image\" alt data-eio=\"l\"><\/a><\/div>\n<div class=\"entry-title\"><a class=\"featured_post_link\" href=\"https:\/\/www.incorectpolitic.com\/vaccinarea-inseamna-crima-un-atentat-la-sanatatea-personala-la-integritatea-corporala-si-intimitatea-oricarui-om-liber-medicul-ce-vaccineaza-cu-forta-un-om-liber-merita-sa-fie-pedepsit-de-acesta\/\" title=\"Vaccinarea \u00eenseamn\u0103 crim\u0103, un atentat la s\u0103n\u0103tatea personal\u0103, la integritatea corporal\u0103 \u0219i intimitatea oric\u0103rui om liber. Medicul ce vaccineaz\u0103 cu for\u021ba un om liber merit\u0103 s\u0103 fie pedepsit de acesta\">Vaccinarea \u00eenseamn\u0103 crim\u0103, un atentat la s\u0103n\u0103tatea personal\u0103, la integritatea corporal\u0103 \u0219i intimitatea oric\u0103rui om liber. Medicul ce vaccineaz\u0103 cu for\u021ba un om liber merit\u0103 s\u0103 fie pedepsit de acesta<\/a><\/div>\n<\/article>\n<article class=\"post-38338 post type-post status-publish entry includes-feat-image\">\n<div class=\"featured-image alignleft\"><a class=\"featured_post_link\" href=\"https:\/\/www.incorectpolitic.com\/trebuie-sa-distrugem-suprematia-jidoveasca\/\" title=\"Trebuie s\u0103 distrugem superma\u021bia jidoveasc\u0103!\"><img loading=\"lazy\" decoding=\"async\" width=\"150\" height=\"150\" src=\"https:\/\/www.incorectpolitic.com\/wp-content\/uploads\/2018\/11\/GunoiOPS-150x150.png\" class=\"attachment-thumbnail size-thumbnail wp-post-image lazyload\" alt><img loading=\"lazy\" decoding=\"async\" width=\"150\" height=\"150\" src=\"https:\/\/www.incorectpolitic.com\/wp-content\/uploads\/2018\/11\/GunoiOPS-150x150.png\" class=\"attachment-thumbnail size-thumbnail wp-post-image\" alt data-eio=\"l\"><\/a><\/div>\n<div class=\"entry-title\"><a class=\"featured_post_link\" href=\"https:\/\/www.incorectpolitic.com\/trebuie-sa-distrugem-suprematia-jidoveasca\/\" title=\"Trebuie s\u0103 distrugem superma\u021bia jidoveasc\u0103!\">Trebuie s\u0103 distrugem superma\u021bia jidoveasc\u0103!<\/a><\/div>\n<\/article>\n<article class=\"post-30776 post type-post status-publish entry includes-feat-image\">\n<div class=\"featured-image alignleft\"><a class=\"featured_post_link\" href=\"https:\/\/www.incorectpolitic.com\/da-ti-doua-palme-si-ridica-te\/\" title=\"D\u0103-\u021bi Dou\u0103 Palme \u0219i Ridic\u0103-te\"><img loading=\"lazy\" decoding=\"async\" width=\"150\" height=\"150\" src=\"https:\/\/www.incorectpolitic.com\/wp-content\/uploads\/2019\/11\/1-mai-620x350-150x150.jpg\" class=\"attachment-thumbnail size-thumbnail wp-post-image lazyload\" alt><img loading=\"lazy\" decoding=\"async\" width=\"150\" height=\"150\" src=\"https:\/\/www.incorectpolitic.com\/wp-content\/uploads\/2019\/11\/1-mai-620x350-150x150.jpg\" class=\"attachment-thumbnail size-thumbnail wp-post-image\" alt data-eio=\"l\"><\/a><\/div>\n<div class=\"entry-title\"><a class=\"featured_post_link\" href=\"https:\/\/www.incorectpolitic.com\/da-ti-doua-palme-si-ridica-te\/\" title=\"D\u0103-\u021bi Dou\u0103 Palme \u0219i Ridic\u0103-te\">D\u0103-\u021bi Dou\u0103 Palme \u0219i Ridic\u0103-te<\/a><\/div>\n<\/article>\n<article class=\"post-27862 post type-post status-publish entry includes-feat-image\">\n<div class=\"featured-image alignleft\"><a class=\"featured_post_link\" href=\"https:\/\/www.incorectpolitic.com\/scrisoare-deschisa-catre-neamul-romanesc\/\" title=\"Scrisoare Deschis\u0103 C\u0103tre Neamul Rom\u00e2nesc\"><img loading=\"lazy\" decoding=\"async\" width=\"150\" height=\"150\" src=\"https:\/\/www.incorectpolitic.com\/wp-content\/uploads\/2019\/09\/videoblocks-male-hand-reload-a-revolver-magnum-gun-without-bullets-magnum-revolver-and-empty-bullet-magnum-lead-round-nose-45-auto-rim-revolver-rounds_ha1focujz_thumbnail-full01-150x150.jpg\" class=\"attachment-thumbnail size-thumbnail wp-post-image lazyload\" alt><img loading=\"lazy\" decoding=\"async\" width=\"150\" height=\"150\" src=\"https:\/\/www.incorectpolitic.com\/wp-content\/uploads\/2019\/09\/videoblocks-male-hand-reload-a-revolver-magnum-gun-without-bullets-magnum-revolver-and-empty-bullet-magnum-lead-round-nose-45-auto-rim-revolver-rounds_ha1focujz_thumbnail-full01-150x150.jpg\" class=\"attachment-thumbnail size-thumbnail wp-post-image\" alt data-eio=\"l\"><\/a><\/div>\n<div class=\"entry-title\"><a class=\"featured_post_link\" href=\"https:\/\/www.incorectpolitic.com\/scrisoare-deschisa-catre-neamul-romanesc\/\" title=\"Scrisoare Deschis\u0103 C\u0103tre Neamul Rom\u00e2nesc\">Scrisoare Deschis\u0103 C\u0103tre Neamul Rom\u00e2nesc<\/a><\/div>\n<\/article>\n<article class=\"post-26255 post type-post status-publish entry includes-feat-image\">\n<div class=\"featured-image alignleft\"><a class=\"featured_post_link\" href=\"https:\/\/www.incorectpolitic.com\/sociologia-eliberarii-si-curentele-laterale-de-sedimentare-revolutionara\/\" title=\"Sociologia Eliber\u0103rii \u0219i Curentele Laterale de Sedimentare Revolu\u021bionar\u0103\"><img loading=\"lazy\" decoding=\"async\" width=\"150\" height=\"150\" src=\"https:\/\/www.incorectpolitic.com\/wp-content\/uploads\/2020\/12\/nm3-150x150.png\" class=\"attachment-thumbnail size-thumbnail wp-post-image lazyload\" alt><img loading=\"lazy\" decoding=\"async\" width=\"150\" height=\"150\" src=\"https:\/\/www.incorectpolitic.com\/wp-content\/uploads\/2020\/12\/nm3-150x150.png\" class=\"attachment-thumbnail size-thumbnail wp-post-image\" alt data-eio=\"l\"><\/a><\/div>\n<div class=\"entry-title\"><a class=\"featured_post_link\" href=\"https:\/\/www.incorectpolitic.com\/sociologia-eliberarii-si-curentele-laterale-de-sedimentare-revolutionara\/\" title=\"Sociologia Eliber\u0103rii \u0219i Curentele Laterale de Sedimentare Revolu\u021bionar\u0103\">Sociologia Eliber\u0103rii \u0219i Curentele Laterale de Sedimentare Revolu\u021bionar\u0103<\/a><\/div>\n<\/article>\n<article class=\"post-21977 post type-post status-publish entry includes-feat-image\">\n<div class=\"featured-image alignleft\"><a class=\"featured_post_link\" href=\"https:\/\/www.incorectpolitic.com\/impotriva-fatalismului\/\" title=\"\u00cempotriva Fatalismului\"><img loading=\"lazy\" decoding=\"async\" width=\"150\" height=\"150\" src=\"https:\/\/www.incorectpolitic.com\/wp-content\/uploads\/2019\/04\/thumb-150x150.jpg\" class=\"attachment-thumbnail size-thumbnail wp-post-image lazyload\" alt><img loading=\"lazy\" decoding=\"async\" width=\"150\" height=\"150\" src=\"https:\/\/www.incorectpolitic.com\/wp-content\/uploads\/2019\/04\/thumb-150x150.jpg\" class=\"attachment-thumbnail size-thumbnail wp-post-image\" alt data-eio=\"l\"><\/a><\/div>\n<div class=\"entry-title\"><a class=\"featured_post_link\" href=\"https:\/\/www.incorectpolitic.com\/impotriva-fatalismului\/\" title=\"\u00cempotriva Fatalismului\">\u00cempotriva Fatalismului<\/a><\/div>\n<\/article>\n<article class=\"post-20844 post type-post status-publish entry includes-feat-image\">\n<div class=\"featured-image alignleft\"><a class=\"featured_post_link\" href=\"https:\/\/www.incorectpolitic.com\/inceputul-etapei-post-globaliste-mass-media-ultimul-obstacol\/\" title=\"\u00cenceputul Etapei Post-Globaliste \u2013  Mass Media Ultimul Obstacol\"><img loading=\"lazy\" decoding=\"async\" width=\"150\" height=\"150\" src=\"https:\/\/www.incorectpolitic.com\/wp-content\/uploads\/2019\/03\/https___cdn.cnn_.com_cnnnext_dam_assets_181202123002-yellow-vest-protest-150x150.jpg\" class=\"attachment-thumbnail size-thumbnail wp-post-image lazyload\" alt><img loading=\"lazy\" decoding=\"async\" width=\"150\" height=\"150\" src=\"https:\/\/www.incorectpolitic.com\/wp-content\/uploads\/2019\/03\/https___cdn.cnn_.com_cnnnext_dam_assets_181202123002-yellow-vest-protest-150x150.jpg\" class=\"attachment-thumbnail size-thumbnail wp-post-image\" alt data-eio=\"l\"><\/a><\/div>\n<div class=\"entry-title\"><a class=\"featured_post_link\" href=\"https:\/\/www.incorectpolitic.com\/inceputul-etapei-post-globaliste-mass-media-ultimul-obstacol\/\" title=\"\u00cenceputul Etapei Post-Globaliste \u2013  Mass Media Ultimul Obstacol\">\u00cenceputul Etapei Post-Globaliste \u2013  Mass Media Ultimul Obstacol<\/a><\/div>\n<\/article>\n<article class=\"post-19704 post type-post status-publish entry includes-feat-image\">\n<div class=\"featured-image alignleft\"><a class=\"featured_post_link\" href=\"https:\/\/www.incorectpolitic.com\/mlastina-mass-media-serial-complet\/\" title=\"Mla\u0219tina Mass Media  \u2013 Serial Complet\"><img loading=\"lazy\" decoding=\"async\" width=\"150\" height=\"150\" src=\"https:\/\/www.incorectpolitic.com\/wp-content\/uploads\/2018\/06\/colaj-modificat-1-768x278-150x150.jpg\" class=\"attachment-thumbnail size-thumbnail wp-post-image lazyload\" alt><img loading=\"lazy\" decoding=\"async\" width=\"150\" height=\"150\" src=\"https:\/\/www.incorectpolitic.com\/wp-content\/uploads\/2018\/06\/colaj-modificat-1-768x278-150x150.jpg\" class=\"attachment-thumbnail size-thumbnail wp-post-image\" alt data-eio=\"l\"><\/a><\/div>\n<div class=\"entry-title\"><a class=\"featured_post_link\" href=\"https:\/\/www.incorectpolitic.com\/mlastina-mass-media-serial-complet\/\" title=\"Mla\u0219tina Mass Media  \u2013 Serial Complet\">Mla\u0219tina Mass Media  \u2013 Serial Complet<\/a><\/div>\n<\/article>\n<article class=\"post-5104 post type-post status-publish entry includes-feat-image\">\n<div class=\"featured-image alignleft\"><a class=\"featured_post_link\" href=\"https:\/\/www.incorectpolitic.com\/momentul-1937\/\" title=\"Momentul 1937\"><img loading=\"lazy\" decoding=\"async\" width=\"150\" height=\"150\" src=\"https:\/\/www.incorectpolitic.com\/wp-content\/uploads\/2018\/03\/capitanul-codreanu2003a-150x150.jpg\" class=\"attachment-thumbnail size-thumbnail wp-post-image lazyload\" alt><img loading=\"lazy\" decoding=\"async\" width=\"150\" height=\"150\" src=\"https:\/\/www.incorectpolitic.com\/wp-content\/uploads\/2018\/03\/capitanul-codreanu2003a-150x150.jpg\" class=\"attachment-thumbnail size-thumbnail wp-post-image\" alt data-eio=\"l\"><\/a><\/div>\n<div class=\"entry-title\"><a class=\"featured_post_link\" href=\"https:\/\/www.incorectpolitic.com\/momentul-1937\/\" title=\"Momentul 1937\">Momentul 1937<\/a><\/div>\n<\/article>\n<article class=\"post-16914 post type-post status-publish entry includes-feat-image\">\n<div class=\"featured-image alignleft\"><a class=\"featured_post_link\" href=\"https:\/\/www.incorectpolitic.com\/portretul-romanului-iudeo-crestin\/\" title=\"Portretul Rom\u00e2nului Iudeo-Cre\u0219tin Iubitor de Infanticid\"><img loading=\"lazy\" decoding=\"async\" width=\"150\" height=\"150\" src=\"https:\/\/www.incorectpolitic.com\/wp-content\/uploads\/2019\/01\/venn-150x150.jpg\" class=\"attachment-thumbnail size-thumbnail wp-post-image lazyload\" alt><img loading=\"lazy\" decoding=\"async\" width=\"150\" height=\"150\" src=\"https:\/\/www.incorectpolitic.com\/wp-content\/uploads\/2019\/01\/venn-150x150.jpg\" class=\"attachment-thumbnail size-thumbnail wp-post-image\" alt data-eio=\"l\"><\/a><\/div>\n<div class=\"entry-title\"><a class=\"featured_post_link\" href=\"https:\/\/www.incorectpolitic.com\/portretul-romanului-iudeo-crestin\/\" title=\"Portretul Rom\u00e2nului Iudeo-Cre\u0219tin Iubitor de Infanticid\">Portretul Rom\u00e2nului Iudeo-Cre\u0219tin Iubitor de Infanticid<\/a><\/div>\n<\/article>\n<article class=\"post-13899 post type-post status-publish entry includes-feat-image\">\n<div class=\"featured-image alignleft\"><a class=\"featured_post_link\" href=\"https:\/\/www.incorectpolitic.com\/manifest-impotriva-national-sionismului\/\" title=\"Manifest \u00cempotriva Na\u021bional-Sionismului din Rom\u00e2nia\"><img loading=\"lazy\" decoding=\"async\" width=\"150\" height=\"150\" src=\"https:\/\/www.incorectpolitic.com\/wp-content\/uploads\/2018\/10\/z1-150x150.png\" class=\"attachment-thumbnail size-thumbnail wp-post-image lazyload\" alt><img loading=\"lazy\" decoding=\"async\" width=\"150\" height=\"150\" src=\"https:\/\/www.incorectpolitic.com\/wp-content\/uploads\/2018\/10\/z1-150x150.png\" class=\"attachment-thumbnail size-thumbnail wp-post-image\" alt data-eio=\"l\"><\/a><\/div>\n<div class=\"entry-title\"><a class=\"featured_post_link\" href=\"https:\/\/www.incorectpolitic.com\/manifest-impotriva-national-sionismului\/\" title=\"Manifest \u00cempotriva Na\u021bional-Sionismului din Rom\u00e2nia\">Manifest \u00cempotriva Na\u021bional-Sionismului din Rom\u00e2nia<\/a><\/div>\n<\/article>\n<article class=\"post-7498 post type-post status-publish entry includes-feat-image\">\n<div class=\"featured-image alignleft\"><a class=\"featured_post_link\" href=\"https:\/\/www.incorectpolitic.com\/istorie-zydokomuna-cea-mai-completa-lista-a-nomenclaturii-iudeo-bolsevice-din-romania\/\" title=\"Istorie: \u017bYDOKOMUNA, Cea Mai Complet\u0103 List\u0103 a Nomenclaturii Iudeo-Bol\u0219evice din Rom\u00e2nia\"><img loading=\"lazy\" decoding=\"async\" width=\"150\" height=\"150\" src=\"https:\/\/www.incorectpolitic.com\/wp-content\/uploads\/2018\/06\/holocaustul-rosu-150x150.jpg\" class=\"attachment-thumbnail size-thumbnail wp-post-image lazyload\" alt><img loading=\"lazy\" decoding=\"async\" width=\"150\" height=\"150\" src=\"https:\/\/www.incorectpolitic.com\/wp-content\/uploads\/2018\/06\/holocaustul-rosu-150x150.jpg\" class=\"attachment-thumbnail size-thumbnail wp-post-image\" alt data-eio=\"l\"><\/a><\/div>\n<div class=\"entry-title\"><a class=\"featured_post_link\" href=\"https:\/\/www.incorectpolitic.com\/istorie-zydokomuna-cea-mai-completa-lista-a-nomenclaturii-iudeo-bolsevice-din-romania\/\" title=\"Istorie: \u017bYDOKOMUNA, Cea Mai Complet\u0103 List\u0103 a Nomenclaturii Iudeo-Bol\u0219evice din Rom\u00e2nia\">Istorie: \u017bYDOKOMUNA, Cea Mai Complet\u0103 List\u0103 a Nomenclaturii Iudeo-Bol\u0219evice din Rom\u00e2nia<\/a><\/div>\n<\/article>\n<article class=\"post-6413 post type-post status-publish entry includes-feat-image\">\n<div class=\"featured-image alignleft\"><a class=\"featured_post_link\" href=\"https:\/\/www.incorectpolitic.com\/iudaismul-este-un-proiect-politic\/\" title=\"Iudaismul Este Un Proiect Politic\"><img loading=\"lazy\" decoding=\"async\" width=\"150\" height=\"150\" src=\"https:\/\/www.incorectpolitic.com\/wp-content\/uploads\/2018\/05\/israelzionismjudaism5-150x150.jpeg\" class=\"attachment-thumbnail size-thumbnail wp-post-image lazyload\" alt><img loading=\"lazy\" decoding=\"async\" width=\"150\" height=\"150\" src=\"https:\/\/www.incorectpolitic.com\/wp-content\/uploads\/2018\/05\/israelzionismjudaism5-150x150.jpeg\" class=\"attachment-thumbnail size-thumbnail wp-post-image\" alt data-eio=\"l\"><\/a><\/div>\n<div class=\"entry-title\"><a class=\"featured_post_link\" href=\"https:\/\/www.incorectpolitic.com\/iudaismul-este-un-proiect-politic\/\" title=\"Iudaismul Este Un Proiect Politic\">Iudaismul Este Un Proiect Politic<\/a><\/div>\n<\/article>\n<article class=\"post-5089 post type-post status-publish entry includes-feat-image\">\n<div class=\"featured-image alignleft\"><a class=\"featured_post_link\" href=\"https:\/\/www.incorectpolitic.com\/exploziv-si-excluziv-interviul-interzis-in-presa-romaneasca\/\" title=\"EXPLOZIV \u0218I EXCLUSIV: Interviul INTERZIS \u00een Presa Rom\u00e2neasc\u0103\"><img loading=\"lazy\" decoding=\"async\" width=\"150\" height=\"150\" src=\"https:\/\/www.incorectpolitic.com\/wp-content\/uploads\/2018\/03\/gscz6z-150x150.gif\" class=\"attachment-thumbnail size-thumbnail wp-post-image lazyload\" alt><img loading=\"lazy\" decoding=\"async\" width=\"150\" height=\"150\" src=\"https:\/\/www.incorectpolitic.com\/wp-content\/uploads\/2018\/03\/gscz6z-150x150.gif\" class=\"attachment-thumbnail size-thumbnail wp-post-image\" alt data-eio=\"l\"><\/a><\/div>\n<div class=\"entry-title\"><a class=\"featured_post_link\" href=\"https:\/\/www.incorectpolitic.com\/exploziv-si-excluziv-interviul-interzis-in-presa-romaneasca\/\" title=\"EXPLOZIV \u0218I EXCLUSIV: Interviul INTERZIS \u00een Presa Rom\u00e2neasc\u0103\">EXPLOZIV \u0218I EXCLUSIV: Interviul INTERZIS \u00een Presa Rom\u00e2neasc\u0103<\/a><\/div>\n<\/article>\n<article class=\"post-1109 post type-post status-publish entry includes-feat-image\">\n<div class=\"featured-image alignleft\"><a class=\"featured_post_link\" href=\"https:\/\/www.incorectpolitic.com\/ofensiva-spirituala-poloniei\/\" title=\"Ofensiva Spiritual\u0103 a Poloniei\"><img loading=\"lazy\" decoding=\"async\" width=\"150\" height=\"150\" src=\"https:\/\/www.incorectpolitic.com\/wp-content\/uploads\/2017\/10\/jesus-with-whip3-150x150.jpg\" class=\"attachment-thumbnail size-thumbnail wp-post-image lazyload\" alt><img loading=\"lazy\" decoding=\"async\" width=\"150\" height=\"150\" src=\"https:\/\/www.incorectpolitic.com\/wp-content\/uploads\/2017\/10\/jesus-with-whip3-150x150.jpg\" class=\"attachment-thumbnail size-thumbnail wp-post-image\" alt data-eio=\"l\"><\/a><\/div>\n<div class=\"entry-title\"><a class=\"featured_post_link\" href=\"https:\/\/www.incorectpolitic.com\/ofensiva-spirituala-poloniei\/\" title=\"Ofensiva Spiritual\u0103 a Poloniei\">Ofensiva Spiritual\u0103 a Poloniei<\/a><\/div>\n<\/article>\n<article class=\"post-5673 post type-post status-publish entry includes-feat-image\">\n<div class=\"featured-image alignleft\"><a class=\"featured_post_link\" href=\"https:\/\/www.incorectpolitic.com\/biciul-prigonirii-romanilor-este-in-mana-jidanilor\/\" title=\"Biciul Prigonirii Rom\u00e2nilor Este \u00een M\u00e2na Jidanilor!\"><img loading=\"lazy\" decoding=\"async\" width=\"150\" height=\"150\" src=\"https:\/\/www.incorectpolitic.com\/wp-content\/uploads\/2018\/04\/S.-Vexler-si-B.-Netanyahu-150x150.jpg\" class=\"attachment-thumbnail size-thumbnail wp-post-image lazyload\" alt><img loading=\"lazy\" decoding=\"async\" width=\"150\" height=\"150\" src=\"https:\/\/www.incorectpolitic.com\/wp-content\/uploads\/2018\/04\/S.-Vexler-si-B.-Netanyahu-150x150.jpg\" class=\"attachment-thumbnail size-thumbnail wp-post-image\" alt data-eio=\"l\"><\/a><\/div>\n<div class=\"entry-title\"><a class=\"featured_post_link\" href=\"https:\/\/www.incorectpolitic.com\/biciul-prigonirii-romanilor-este-in-mana-jidanilor\/\" title=\"Biciul Prigonirii Rom\u00e2nilor Este \u00een M\u00e2na Jidanilor!\">Biciul Prigonirii Rom\u00e2nilor Este \u00een M\u00e2na Jidanilor!<\/a><\/div>\n<\/article>\n<article class=\"post-80464 post type-post status-publish entry includes-feat-image\">\n<div class=\"featured-image alignleft\"><a class=\"featured_post_link\" href=\"https:\/\/www.incorectpolitic.com\/talmudismul-este-esenta-satanismului\/\" title=\"TALMUDISMUL ESTE ESEN\u021aA SATANISMULUI\"><img loading=\"lazy\" decoding=\"async\" width=\"150\" height=\"150\" src=\"https:\/\/www.incorectpolitic.com\/wp-content\/uploads\/2020\/02\/vasile-zarnescu-150x150.png\" class=\"attachment-thumbnail size-thumbnail wp-post-image lazyload\" alt><img loading=\"lazy\" decoding=\"async\" width=\"150\" height=\"150\" src=\"https:\/\/www.incorectpolitic.com\/wp-content\/uploads\/2020\/02\/vasile-zarnescu-150x150.png\" class=\"attachment-thumbnail size-thumbnail wp-post-image\" alt data-eio=\"l\"><\/a><\/div>\n<div class=\"entry-title\"><a class=\"featured_post_link\" href=\"https:\/\/www.incorectpolitic.com\/talmudismul-este-esenta-satanismului\/\" title=\"TALMUDISMUL ESTE ESEN\u021aA SATANISMULUI\">TALMUDISMUL ESTE ESEN\u021aA SATANISMULUI<\/a><\/div>\n<\/article>\n<article class=\"post-20005 post type-post status-publish entry includes-feat-image\">\n<div class=\"featured-image alignleft\"><a class=\"featured_post_link\" href=\"https:\/\/www.incorectpolitic.com\/viciul-matematic-elementar-v-m-e-2\/\" title=\"Viciul Matematic Elementar (V.M.E.)\"><img loading=\"lazy\" decoding=\"async\" width=\"150\" height=\"150\" src=\"https:\/\/www.incorectpolitic.com\/wp-content\/uploads\/2017\/12\/tell-lie-vision-150x150.jpg\" class=\"attachment-thumbnail size-thumbnail wp-post-image lazyload\" alt><img loading=\"lazy\" decoding=\"async\" width=\"150\" height=\"150\" src=\"https:\/\/www.incorectpolitic.com\/wp-content\/uploads\/2017\/12\/tell-lie-vision-150x150.jpg\" class=\"attachment-thumbnail size-thumbnail wp-post-image\" alt data-eio=\"l\"><\/a><\/div>\n<div class=\"entry-title\"><a class=\"featured_post_link\" href=\"https:\/\/www.incorectpolitic.com\/viciul-matematic-elementar-v-m-e-2\/\" title=\"Viciul Matematic Elementar (V.M.E.)\">Viciul Matematic Elementar (V.M.E.)<\/a><\/div>\n<\/article>\n<p>[analyse_source url=&#8221;https:\/\/www.incorectpolitic.com\/printul-legionar-alexandru-cantacuzino-trebuie-sa-cream-o-noua-traditie-de-simtire-romaneasca-pentru-cinci-sute-de-ani\/&#8221;]<\/p>\n","protected":false},"excerpt":{"rendered":"<p>[analyse_image type=&#8221;featured&#8221; src=&#8221;https:\/\/www.incorectpolitic.com\/wp-content\/uploads\/2026\/06\/alecu-cantacuzino.jpg&#8221;] Sterie CiumettiIncorect Politic Iunie 12, 2026 Prin\u021bul legionar Alexandru Cantacuzino: Trebuie s\u0103 cre\u0103m o nou\u0103 tradi\u021bie de sim\u021bire rom\u00e2neasc\u0103 pentru cinci sute de ani Pentru aceasta, prima cerin\u021b\u0103 este o desprindere de trecutul apropiat. Lucien Romier a scris despre noi: \u201eCe poate da o referin\u021b\u0103 la trecut \u00eentr-o \u021bar\u0103 care a fost [&hellip;]<\/p>\n","protected":false},"author":1,"featured_media":0,"comment_status":"open","ping_status":"","sticky":false,"template":"","format":"standard","meta":{"footnotes":""},"categories":[89],"tags":[226,95],"class_list":["post-1986155","post","type-post","status-publish","format-standard","hentry","category-romania","tag-crawlmanager","tag-incorectpolitic-com"],"_links":{"self":[{"href":"https:\/\/analyse.optim.biz\/index.php?rest_route=\/wp\/v2\/posts\/1986155","targetHints":{"allow":["GET"]}}],"collection":[{"href":"https:\/\/analyse.optim.biz\/index.php?rest_route=\/wp\/v2\/posts"}],"about":[{"href":"https:\/\/analyse.optim.biz\/index.php?rest_route=\/wp\/v2\/types\/post"}],"author":[{"embeddable":true,"href":"https:\/\/analyse.optim.biz\/index.php?rest_route=\/wp\/v2\/users\/1"}],"replies":[{"embeddable":true,"href":"https:\/\/analyse.optim.biz\/index.php?rest_route=%2Fwp%2Fv2%2Fcomments&post=1986155"}],"version-history":[{"count":0,"href":"https:\/\/analyse.optim.biz\/index.php?rest_route=\/wp\/v2\/posts\/1986155\/revisions"}],"wp:attachment":[{"href":"https:\/\/analyse.optim.biz\/index.php?rest_route=%2Fwp%2Fv2%2Fmedia&parent=1986155"}],"wp:term":[{"taxonomy":"category","embeddable":true,"href":"https:\/\/analyse.optim.biz\/index.php?rest_route=%2Fwp%2Fv2%2Fcategories&post=1986155"},{"taxonomy":"post_tag","embeddable":true,"href":"https:\/\/analyse.optim.biz\/index.php?rest_route=%2Fwp%2Fv2%2Ftags&post=1986155"}],"curies":[{"name":"wp","href":"https:\/\/api.w.org\/{rel}","templated":true}]}}