{"id":198543,"date":"2014-08-27T13:20:31","date_gmt":"2014-08-27T10:20:31","guid":{"rendered":"https:\/\/analyse.optim.biz\/?p=198543"},"modified":"2014-08-27T13:20:31","modified_gmt":"2014-08-27T10:20:31","slug":"proiect-alesii-locali-au-zece-zile-la-dispozitie-sa-opteze-pentru-un-partid-sau-altul","status":"publish","type":"post","link":"https:\/\/analyse.optim.biz\/?p=198543","title":{"rendered":"Proiect: Ale\u015fii locali au zece zile la dispozi\u0163ie s\u0103 opteze pentru un partid sau altul"},"content":{"rendered":"<div class=\"entry data-app-meta data-app-meta-article\" data-embed-base-url-canonical=\"https:\/\/www.digi24.ro\/embed\/stiri\/actualitate\/politica\/proiect-alesii-locali-au-zece-zile-la-dispozitie-sa-opteze-pentru-un-partid-sau-altul-285959\">\n<p data-index=\"1\"><img decoding=\"async\" src=\"https:\/\/analyse.optim.biz\/wp-content\/uploads\/2024\/09\/lkpqryz3ptgwmczoyxnopte3zgy0yzi4mgviztfmoda1nge5y2iwmmfmmmuzzdk5-thumb_.jpg\" data-skip-htmlfix=\"1\" title=\"lkpqryz3ptgwmczoyxnopte3zgy0yzi4mgviztfmoda1nge5y2iwmmfmmmuzzdk5-thumb_\"><\/p>\n<p data-index=\"2\">\u201e\u00cen termen de 10 zile de la data intr\u0103rii \u00een vigoare a prezentei ordonan\u0163e de urgen\u0163\u0103 primarii \u015fi pre\u015fedin\u0163ii consiliilor jude\u0163ene, consilierii locali \u015fi consilierii jude\u0163eni, precum \u015fi candida\u0163ii care au fost declara\u0163i suplean\u0163i, isi pot exprima \u00een scris op\u021biunea cu privire la partidul politic din care doresc s\u0103 fac\u0103 parte, f\u0103r\u0103 ca ale\u0219ii locali respectivi s\u0103-\u0219i piard\u0103 calitatea dob\u00e2ndit\u0103 \u00een urma alegerilor.<\/p>\n<p data-index=\"3\">\u00cen prezent, la nivelul legisla\u021biei aplicabile administra\u021biei publice locale sunt eviden\u021biate o serie de disfunc\u021bionalit\u0103\u021bi care genereaz\u0103 dificult\u0103\u021bi \u00een func\u021bionarea eficient\u0103 a autorit\u0103\u021bilor publice de la nivel local\u201d, se arat\u0103 \u00een <strong>textul proiectului de ordonan\u0163\u0103 de urgen\u0163\u0103.\u00a0<\/strong><\/p>\n<p data-index=\"4\"><span><strong>TEXTUL OUG <a href=\"http:\/\/www.mdrap.ro\/proiect-de-og-pentru-reglementarea-unor-masuri-privind-functionarea-administratiei-publice-locale\" target=\"_blank\" data-skip-linkfix=\"1\" rel=\"noopener\">AICI<\/a><\/strong><\/span><\/p>\n<p data-index=\"5\">\u201e<strong>Actuala legisla\u021bie nu ofer\u0103 \u00een mod clar \u0219i acoperitor premisele pentru eficientizarea actului administrativ, ner\u0103spunz\u00e2nd astfel \u00een mod real tuturor provoc\u0103rilor majore \u0219i dificult\u0103\u021bilor cu care se confrunt\u0103 autorit\u0103\u021bile publice locale.<\/strong><\/p>\n<p data-index=\"6\">Astfel, \u00een vederea remedierii acestei sincope de sincronizare \u00eentre nevoile reale ale administra\u021biei publice locale \u0219i prevederile legale incidente se impune adaptarea acestora din urm\u0103 la exigen\u021bele contextului socio-politic.<\/p>\n<p data-index=\"7\">Una dintre disfunc\u021bionalit\u0103\u021bile generate de legisla\u021bia \u00een vigoare const\u0103 \u00een faptul c\u0103 aceasta nu ofer\u0103 solu\u021bii legale pentru \u201erupturile politice\u201d ap\u0103rute pe parcursul mandatului autorit\u0103\u021bilor locale \u0219i <strong>pentru remedierea efectelor negative ale acestora asupra continuit\u0103\u021bii \u0219i stabilit\u0103\u021bii activit\u0103\u021bii autorit\u0103\u021bilor locale,<\/strong> ceea ce pericliteaz\u0103 satisfacerea nevoilor colectivit\u0103\u021bilor locale.<\/p>\n<p data-index=\"8\">Tin\u00e2nd cont de faptul c\u0103 <strong>autorit\u0103\u021bile administra\u021biei publice locale \u00eent\u00e2mpin\u0103 greut\u0103\u021bi \u00een constituirea majorit\u0103\u021bilor care s\u0103 asigure stabilitate politic\u0103 urmare a reorganiz\u0103rii unor partide politice, alian\u021be politice sau alian\u021be electorale,<\/strong> dup\u0103 caz, se impune armonizarea legisla\u021biei specifice acestor categorii de ale\u0219i,<\/p>\n<p data-index=\"9\">Adoptarea acestor m\u0103suri \u00een regim de urgen\u021b\u0103 au \u00een vedere necesitatea elimin\u0103rii bloc\u0103rii dreptului suplean\u021bilor de a fi valida\u021bi ca urmare a desfiin\u021b\u0103rii alian\u021belor politice sau electorale pe listele c\u0103rora au candidat,<\/p>\n<p data-index=\"10\">\u00centruc\u00e2t aceste elemente <strong>vizeaz\u0103 interesul general public \u0219i constituie situa\u021bii de urgen\u021b\u0103 \u0219i extraordinare<\/strong> a c\u0103ror reglementare nu poate fi am\u00e2nat\u0103,<\/p>\n<p data-index=\"11\">Prezentul proiect reglementeaz\u0103 procedura de stabilire a apartenen\u0163ei politice pentru ale\u0219ii locali \u00een situa\u021bia \u00een care partidul\/ alian\u0163a politic\u0103\/ alian\u0163a electoral\u0103 din care fac parte se reorganizeaz\u0103 sau decide asocierea \u00een alte alian\u021be politice ori alian\u021be electorale, situa\u021bie \u00een care ale\u0219ii locali nu se mai reg\u0103sesc \u00een forma\u021biunea pe ale c\u0103rei liste au candidat \u0219i au fost ale\u0219i de c\u0103tre cet\u0103\u021beni\u201d, se arat\u0103 \u00een <strong>nota de fundamentare a proiectului.\u00a0<\/strong><\/p>\n<hr>\n<p data-index=\"12\"><strong>Textul actului normativ &#8211; ini\u0163iativ\u0103 a lui Liviu Dragnea<\/strong>&#8211; se refer\u0103 la primari, la consilieri locali, consilieri jude\u0163eni \u015fi pre\u015fedin\u0163i ai consiliilor jude\u0163ene.\u00a0<\/p>\n<p data-index=\"13\">Pre\u015fedintele PSD, premierul Victor Ponta, a precizat, luni, referindu-se la OUG propus\u0103 de vicepremierul Liviu Dragne, c\u0103 este necesar\u0103 deblocarea autorit\u0103\u0163ilor locale \u015fi ie\u015firea din minciun\u0103 \u015fi ipocrizie.<\/p>\n<p data-index=\"14\">&#8220;Nu am primit \u00eenc\u0103 acest text de lege. C\u00e2nd \u00eel primesc, o s\u0103-l discut\u0103m \u015fi anun\u0163\u0103m. P\u0103rerea mea despre acest lucru, vreau s\u0103 v\u0103 spun foarte direct:\u00a0cred c\u0103 este necesar \u00een primul r\u00e2nd s\u0103 debloc\u0103m autorit\u0103\u0163ile locale&#8221;, a precizat Ponta.<\/p>\n<p data-index=\"15\">Vicepremierul Liviu Dragnea\u00a0a declarat, vineri, la Suceava c\u0103, cel pu\u0163in \u00een ultima lun\u0103, a primit foarte multe solicit\u0103ri de la primari din \u0163ar\u0103, de la consilieri locali, jude\u0163eni, pre\u015fedin\u0163i de consilii jude\u0163ene, care i-au semnalat c\u0103 exist\u0103 o problem\u0103 determinat\u0103 de instabilitate \u00een administra\u0163ia local\u0103, generat\u0103 de apari\u0163ia noilor partide.<\/p>\n<p data-index=\"16\">\u201dDevine din ce \u00een ce mai pregnant\u0103 o situa\u0163ie. \u00cencepe s\u0103 se instaleze o oarecare instabilitate \u00een administra\u0163ia local\u0103 generat\u0103 de apari\u0163ia unor partide &#8211; PMP, PLR, ruperea USL, apari\u0163ia ACL \u015fi au \u00eenceput din ce \u00een ce mai mul\u0163i primari s\u0103 \u00ee\u015fi exprime public sus\u0163inerea pentru un partid, altul dec\u00e2t pe listele c\u0103ruia au candidat. Au \u00eenceput s\u0103 fie probleme \u00een majorit\u0103\u0163ile consiliilor locale \u015fi jude\u0163ene\u201d, a spus vicepremierul.<\/p>\n<p data-index=\"17\">El a ar\u0103tat c\u0103, \u00een acest context, propune s\u0103 existe o perioad\u0103 de dou\u0103 s\u0103pt\u0103m\u00e2ni \u00een care ale\u015fii locali s\u0103 aleag\u0103 partidul \u00een care s\u0103 activeze.\u00a0<\/p>\n<p data-index=\"18\"><a href=\"https:\/\/www.digi24.ro\/Stiri\/Digi24\/Actualitate\/Politica\/Traseism+legiferat+Opozitia+ameninta+cu+reclamatii+la+Bruxelles\" target=\"_blank\" data-skip-linkfix=\"1\" rel=\"noopener\"><strong>Opozi\u0163ia amenin\u0163\u0103<\/strong><\/a>cu pl\u00e2ngeri penale \u015fi reclama\u0163ii la Bruxelles, dac\u0103 Guvernul adopt\u0103 acest proiect.<\/p>\n<p data-index=\"19\"><span><strong><br \/><\/strong><\/span><\/p>\n<\/div>\n<p> Source URL: https:\/\/www.digi24.ro\/stiri\/actualitate\/politica\/proiect-alesii-locali-au-zece-zile-la-dispozitie-sa-opteze-pentru-un-partid-sau-altul-285959<\/p>\n","protected":false},"excerpt":{"rendered":"<p>\u201e\u00cen termen de 10 zile de la data intr\u0103rii \u00een vigoare a prezentei ordonan\u0163e de urgen\u0163\u0103 primarii \u015fi pre\u015fedin\u0163ii consiliilor jude\u0163ene, consilierii locali \u015fi consilierii jude\u0163eni, precum \u015fi candida\u0163ii care au fost declara\u0163i suplean\u0163i, isi pot exprima \u00een scris op\u021biunea cu privire la partidul politic din care doresc s\u0103 fac\u0103 parte, f\u0103r\u0103 ca ale\u0219ii locali [&hellip;]<\/p>\n","protected":false},"author":1,"featured_media":198544,"comment_status":"open","ping_status":"","sticky":false,"template":"","format":"standard","meta":{"footnotes":""},"categories":[2],"tags":[11],"class_list":["post-198543","post","type-post","status-publish","format-standard","has-post-thumbnail","hentry","category-politics","tag-digi24"],"_links":{"self":[{"href":"https:\/\/analyse.optim.biz\/index.php?rest_route=\/wp\/v2\/posts\/198543","targetHints":{"allow":["GET"]}}],"collection":[{"href":"https:\/\/analyse.optim.biz\/index.php?rest_route=\/wp\/v2\/posts"}],"about":[{"href":"https:\/\/analyse.optim.biz\/index.php?rest_route=\/wp\/v2\/types\/post"}],"author":[{"embeddable":true,"href":"https:\/\/analyse.optim.biz\/index.php?rest_route=\/wp\/v2\/users\/1"}],"replies":[{"embeddable":true,"href":"https:\/\/analyse.optim.biz\/index.php?rest_route=%2Fwp%2Fv2%2Fcomments&post=198543"}],"version-history":[{"count":0,"href":"https:\/\/analyse.optim.biz\/index.php?rest_route=\/wp\/v2\/posts\/198543\/revisions"}],"wp:featuredmedia":[{"embeddable":true,"href":"https:\/\/analyse.optim.biz\/index.php?rest_route=\/wp\/v2\/media\/198544"}],"wp:attachment":[{"href":"https:\/\/analyse.optim.biz\/index.php?rest_route=%2Fwp%2Fv2%2Fmedia&parent=198543"}],"wp:term":[{"taxonomy":"category","embeddable":true,"href":"https:\/\/analyse.optim.biz\/index.php?rest_route=%2Fwp%2Fv2%2Fcategories&post=198543"},{"taxonomy":"post_tag","embeddable":true,"href":"https:\/\/analyse.optim.biz\/index.php?rest_route=%2Fwp%2Fv2%2Ftags&post=198543"}],"curies":[{"name":"wp","href":"https:\/\/api.w.org\/{rel}","templated":true}]}}