{"id":198517,"date":"2014-08-27T18:43:36","date_gmt":"2014-08-27T15:43:36","guid":{"rendered":"https:\/\/analyse.optim.biz\/?p=198517"},"modified":"2014-08-27T18:43:36","modified_gmt":"2014-08-27T15:43:36","slug":"portret-darius-valcov-de-la-primar-pdl-la-ministru-desemnat-de-psd","status":"publish","type":"post","link":"https:\/\/analyse.optim.biz\/?p=198517","title":{"rendered":"PORTRET. Darius V\u00e2lcov, de la primar PDL la ministru desemnat de PSD"},"content":{"rendered":"<div class=\"entry data-app-meta data-app-meta-article\" data-embed-base-url-canonical=\"https:\/\/www.digi24.ro\/embed\/stiri\/actualitate\/politica\/portret-darius-valcov-de-la-primar-pdl-la-ministru-desemnat-de-psd-286177\">\n<p data-index=\"1\">Traian B\u0103sescu nu a avut nicio obiec\u0163ie la propunerea lui Victor Ponta ca Darius V\u00e2lcov s\u0103 fie ministru delegat pentru Buget, mai ales c\u0103 \u00eel cunoa\u015fte de mai bine de zece ani.<\/p>\n<p data-index=\"2\">\u201e<span>E o propunere pe care Victor Ponta si-o asum\u0103. N-a\u0219 putea spune c\u0103, dac\u0103 V\u00e2lcov a trecut la PSD n-a confirmat politic. A fost un primar ales \u0219i reales. Acum n-am a face niciun comentariu\u201d, a spus Traian B\u0103sescu.<\/span><\/p>\n<p data-index=\"3\">De altfel, <a href=\"https:\/\/www.digi24.ro\/Stiri\/Digi24\/Actualitate\/Politica\/Traian+Basescu+a+semnat+numirea+lui+Darius+Valcov+ca+ministru+de\" target=\"_blank\" data-skip-linkfix=\"1\" rel=\"noopener\">pre\u0219edintele a semnat ast\u0103zi numirea<\/a> lui Darius V\u00e2lcov \u00een func\u021bia de ministru delegat pentru Buget. Acesta trebuia s\u0103 depun\u0103 jur\u0103m\u00e2ntul ast\u0103zi, la ora 18:00, dar ceremonia <a href=\"https:\/\/www.digi24.ro\/Stiri\/Digi24\/Actualitate\/Politica\/Ceremonia+de+investire+a+lui+Darius+Valcov+se+amana+Presedintia+\" target=\"_blank\" data-skip-linkfix=\"1\" rel=\"noopener\">a fost am\u00e2nat\u0103<\/a> deoarece premierul Victor Ponta nu a mai ajuns la Cotroceni.<\/p>\n<p data-index=\"4\">\u00cen 2004, Darius V\u00e2lcov avea 27 de ani \u015fi era un t\u00e2n\u0103r membru al Partidului Democrat, partidul condus de Traian B\u0103sescu, pe atunci primar al Capitalei. A candidat, promovat de Traian B\u0103sescu, la prim\u0103ria Slatina, c\u00e2\u015ftig\u00e2nd alegerile. <\/p>\n<p data-index=\"5\">Darius V\u00e2lcov a c\u00e2\u015ftigat, \u00een 2008, un al doilea mandat de primar al Slatinei, beneficiind, de asemenea, de sus\u0163inere din partea lui Traian Basescu. Iar la alegerile preziden\u0163iale din 2009, Darius V\u00e2lcov i-a \u00eentors serviciul lui Traian B\u0103sescu, aflat \u00een campania electoral\u0103 pentru al doilea mandat de pre\u015fedinte.<\/p>\n<p data-index=\"6\">Dup\u0103 c\u0103derea Guvernului condus de Emil Boc, \u00een 2012, Darius V\u00e2lcov a demisionat din PDL \u015fi a pierdut mandatul de primar. S-a \u00eenscris \u00een PSD \u015fi a candidat pentru un mandat de senator \u00een noiembrie 2012.<\/p>\n<p data-index=\"7\">\u00cen cei doi ani de c\u00e2nd este senator PSD, a semnat peste 60 de ini\u0163iative legislative. A condus, anul trecut, Comisia pentru proiectul Ro\u015fia Montan\u0103, care a respins proiectul elaborat de Guvern, prin care se legifera \u00eenceperea exploat\u0103rii aurifere.<\/p>\n<\/div>\n<p> Source URL: https:\/\/www.digi24.ro\/stiri\/actualitate\/politica\/portret-darius-valcov-de-la-primar-pdl-la-ministru-desemnat-de-psd-286177<\/p>\n","protected":false},"excerpt":{"rendered":"<p>Traian B\u0103sescu nu a avut nicio obiec\u0163ie la propunerea lui Victor Ponta ca Darius V\u00e2lcov s\u0103 fie ministru delegat pentru Buget, mai ales c\u0103 \u00eel cunoa\u015fte de mai bine de zece ani. \u201eE o propunere pe care Victor Ponta si-o asum\u0103. N-a\u0219 putea spune c\u0103, dac\u0103 V\u00e2lcov a trecut la PSD n-a confirmat politic. A [&hellip;]<\/p>\n","protected":false},"author":1,"featured_media":198518,"comment_status":"open","ping_status":"","sticky":false,"template":"","format":"standard","meta":{"footnotes":""},"categories":[2],"tags":[11],"class_list":["post-198517","post","type-post","status-publish","format-standard","has-post-thumbnail","hentry","category-politics","tag-digi24"],"_links":{"self":[{"href":"https:\/\/analyse.optim.biz\/index.php?rest_route=\/wp\/v2\/posts\/198517","targetHints":{"allow":["GET"]}}],"collection":[{"href":"https:\/\/analyse.optim.biz\/index.php?rest_route=\/wp\/v2\/posts"}],"about":[{"href":"https:\/\/analyse.optim.biz\/index.php?rest_route=\/wp\/v2\/types\/post"}],"author":[{"embeddable":true,"href":"https:\/\/analyse.optim.biz\/index.php?rest_route=\/wp\/v2\/users\/1"}],"replies":[{"embeddable":true,"href":"https:\/\/analyse.optim.biz\/index.php?rest_route=%2Fwp%2Fv2%2Fcomments&post=198517"}],"version-history":[{"count":0,"href":"https:\/\/analyse.optim.biz\/index.php?rest_route=\/wp\/v2\/posts\/198517\/revisions"}],"wp:featuredmedia":[{"embeddable":true,"href":"https:\/\/analyse.optim.biz\/index.php?rest_route=\/wp\/v2\/media\/198518"}],"wp:attachment":[{"href":"https:\/\/analyse.optim.biz\/index.php?rest_route=%2Fwp%2Fv2%2Fmedia&parent=198517"}],"wp:term":[{"taxonomy":"category","embeddable":true,"href":"https:\/\/analyse.optim.biz\/index.php?rest_route=%2Fwp%2Fv2%2Fcategories&post=198517"},{"taxonomy":"post_tag","embeddable":true,"href":"https:\/\/analyse.optim.biz\/index.php?rest_route=%2Fwp%2Fv2%2Ftags&post=198517"}],"curies":[{"name":"wp","href":"https:\/\/api.w.org\/{rel}","templated":true}]}}