{"id":198506,"date":"2014-08-27T18:54:26","date_gmt":"2014-08-27T15:54:26","guid":{"rendered":"https:\/\/analyse.optim.biz\/?p=198506"},"modified":"2014-08-27T18:54:26","modified_gmt":"2014-08-27T15:54:26","slug":"investirea-lui-darius-valcov-la-buget-amanata-c-t-popescu-suntem-din-nou-o-tara-de-clovni-politici","status":"publish","type":"post","link":"https:\/\/analyse.optim.biz\/?p=198506","title":{"rendered":"\u00cenvestirea lui Darius V\u00e2lcov la Buget, am\u00e2nat\u0103. C. T. Popescu: \u201eSuntem din nou o \u021bar\u0103 de clovni politici\u201d"},"content":{"rendered":"<div class=\"entry data-app-meta data-app-meta-article\" data-embed-base-url-canonical=\"https:\/\/www.digi24.ro\/embed\/stiri\/actualitate\/politica\/investirea-lui-darius-valcov-la-buget-amanata-c-t-popescu-suntem-din-nou-o-tara-de-clovni-politici-286180\">\n<p data-index=\"1\">\u201e<span>Rezult\u0103 dou\u0103 lucruri din aceast\u0103 \u00eent\u00e2mplare. Rom\u00e2nia nu are nevoie de un ministru al Bugetului, poate s\u0103 func\u021bioneze foarte bine \u0219i f\u0103r\u0103 acest personaj \u00een scaunul respectiv, pentru c\u0103 domnul Ponta n-a catadicsit s\u0103 vin\u0103 la Cotroceni, a\u0219a cum era firesc, pentru a participa la ceremonuie de \u00eenvestire a ministrului s\u0103u.. Acolo are loc o validare cu un anume protocol \u00een fa\u021ba na\u021biunii. Lipsa premierului nu face dec\u00e2t s\u0103 invalideze \u00een ochii popula\u021biei aceast\u0103 numire pe care \u00eensu\u0219i a numit-o. Pe de alt\u0103 parte, Traian B\u0103sescu ar fi putut s\u0103 fac\u0103 aceast\u0103 ceremonie f\u0103r\u0103 Victor Ponta. Nu e obligatorie, din c\u00e2te \u0219tiu, prezen\u021ba premierului acolo, \u00een ideea c\u0103 este nevoie de un ministru al Bugetului. Rezult\u0103 c\u0103 bugetul Rom\u00e2niei poate s\u0103 mearg\u0103 de unul singur\u201d, a spus Cristian Tudor Popescu.<\/span><\/p>\n<p data-index=\"2\">Jurnalistul a semnalat un alt aspect, \u201ecel mai important, grav \u0219i penibil\u201d.<\/p>\n<p data-index=\"3\">\u201e<span>Suntem din nou o \u021bar\u0103 de clovni politici \u00een ochii \u021b\u0103rilor serioase, \u00een ochii cancelariilor serioase ale UE, pentru c\u0103 e posibil\u0103 o astfel de situa\u021bie de comedie jalnic\u0103\u201d, a subliniat jurnalistul.<\/span><\/p>\n<p data-index=\"4\">Cristian Tudor Popescu a mai spus c\u0103 premierul Victor Ponta putea s\u0103-l delege pe vicepremierul Gabriel Oprea sau pe Liviu Dragnea.<\/p>\n<p data-index=\"5\">\u201e<span>Nu cred c\u0103 domnul B\u0103sescu ar fi putut s\u0103 obiecteze dac\u0103 vicepremierul era prezent acolo, delegat de premier. De ce n-a f\u0103cut asta?\u201d, a men\u021bionat el.<\/span><\/p>\n<p data-index=\"6\">\u201e<span>Deocamdat\u0103 Gabriel Oprea n-a fost acoo, iar Traian B\u0103sescu putea s\u0103 \u021bin\u0103 aceast\u0103 ceremonie chiar motiv\u00e2nd lucrul acesta, spun\u00e2nd chiar dac\u0103 premierul nu este aici, e mai important ca bugetul Rom\u00e2niei s\u0103 aib\u0103 o persoan\u0103 responsabil\u0103, nu ne putem permite astfel de goluri \u00een func\u021bionarea institu\u021biei. Dar ambii sunt preocupa\u00e2\u021bi de aceast\u0103 obstruc\u021bionare, dare la gioale politic\u0103 reciproc\u0103 \u0219i niciunul de interesul Guvernului \u0219i al Rom\u00e2niei\u201d, a concluzionat Cristian Tudor Popescu.<\/span><\/p>\n<\/div>\n<p> Source URL: https:\/\/www.digi24.ro\/stiri\/actualitate\/politica\/investirea-lui-darius-valcov-la-buget-amanata-c-t-popescu-suntem-din-nou-o-tara-de-clovni-politici-286180<\/p>\n","protected":false},"excerpt":{"rendered":"<p>\u201eRezult\u0103 dou\u0103 lucruri din aceast\u0103 \u00eent\u00e2mplare. Rom\u00e2nia nu are nevoie de un ministru al Bugetului, poate s\u0103 func\u021bioneze foarte bine \u0219i f\u0103r\u0103 acest personaj \u00een scaunul respectiv, pentru c\u0103 domnul Ponta n-a catadicsit s\u0103 vin\u0103 la Cotroceni, a\u0219a cum era firesc, pentru a participa la ceremonuie de \u00eenvestire a ministrului s\u0103u.. Acolo are loc o [&hellip;]<\/p>\n","protected":false},"author":1,"featured_media":198507,"comment_status":"open","ping_status":"","sticky":false,"template":"","format":"standard","meta":{"footnotes":""},"categories":[2],"tags":[11],"class_list":["post-198506","post","type-post","status-publish","format-standard","has-post-thumbnail","hentry","category-politics","tag-digi24"],"_links":{"self":[{"href":"https:\/\/analyse.optim.biz\/index.php?rest_route=\/wp\/v2\/posts\/198506","targetHints":{"allow":["GET"]}}],"collection":[{"href":"https:\/\/analyse.optim.biz\/index.php?rest_route=\/wp\/v2\/posts"}],"about":[{"href":"https:\/\/analyse.optim.biz\/index.php?rest_route=\/wp\/v2\/types\/post"}],"author":[{"embeddable":true,"href":"https:\/\/analyse.optim.biz\/index.php?rest_route=\/wp\/v2\/users\/1"}],"replies":[{"embeddable":true,"href":"https:\/\/analyse.optim.biz\/index.php?rest_route=%2Fwp%2Fv2%2Fcomments&post=198506"}],"version-history":[{"count":0,"href":"https:\/\/analyse.optim.biz\/index.php?rest_route=\/wp\/v2\/posts\/198506\/revisions"}],"wp:featuredmedia":[{"embeddable":true,"href":"https:\/\/analyse.optim.biz\/index.php?rest_route=\/wp\/v2\/media\/198507"}],"wp:attachment":[{"href":"https:\/\/analyse.optim.biz\/index.php?rest_route=%2Fwp%2Fv2%2Fmedia&parent=198506"}],"wp:term":[{"taxonomy":"category","embeddable":true,"href":"https:\/\/analyse.optim.biz\/index.php?rest_route=%2Fwp%2Fv2%2Fcategories&post=198506"},{"taxonomy":"post_tag","embeddable":true,"href":"https:\/\/analyse.optim.biz\/index.php?rest_route=%2Fwp%2Fv2%2Ftags&post=198506"}],"curies":[{"name":"wp","href":"https:\/\/api.w.org\/{rel}","templated":true}]}}