{"id":198494,"date":"2014-08-27T18:55:08","date_gmt":"2014-08-27T15:55:08","guid":{"rendered":"https:\/\/analyse.optim.biz\/?p=198494"},"modified":"2014-08-27T18:55:08","modified_gmt":"2014-08-27T15:55:08","slug":"traian-basescu-nu-se-va-desfasura-aceasta-ceremonie-decat-in-fata-premierului","status":"publish","type":"post","link":"https:\/\/analyse.optim.biz\/?p=198494","title":{"rendered":"Traian B\u0103sescu: Nu se va desf\u0103\u0219ura aceast\u0103 ceremonie dec\u00e2t \u00een fa\u021ba premierului!"},"content":{"rendered":"<div class=\"entry data-app-meta data-app-meta-article\" data-embed-base-url-canonical=\"https:\/\/www.digi24.ro\/embed\/stiri\/actualitate\/politica\/traian-basescu-nu-se-va-desfasura-aceasta-ceremonie-decat-in-fata-premierului-286183\">\n<p data-index=\"1\"><img decoding=\"async\" src=\"https:\/\/analyse.optim.biz\/wp-content\/uploads\/2024\/09\/odawjmhhc2g9nwvknjuznwezngm5otvhmtu0mwyxnzkymdyyngi2mgi-thumb_.jpg\" data-skip-htmlfix=\"1\" title=\"odawjmhhc2g9nwvknjuznwezngm5otvhmtu0mwyxnzkymdyyngi2mgi-thumb_\"><\/p>\n<p data-index=\"2\"><strong>Principalele declara\u021bii ale pre\u0219edintelui:<\/strong><\/p>\n<p data-index=\"3\">E prima dat\u0103 c\u00e2nd se \u00eent\u00e2mpl\u0103 \u00een aproape 10 ani ca o ceremonie convenit\u0103 cu prim-ministrul nu se mai \u00eent\u00e2mpl\u0103.<\/p>\n<p data-index=\"4\">Pe 19.08 am primit de la premier propunerea scris\u0103 de nominalizare a lui Darius V\u00e2lcov la Buget.<\/p>\n<p data-index=\"5\">Am solicitat institu\u021biilor statului s\u0103 anun\u021be dac\u0103 sunt probleme cu propunerea.<\/p>\n<p data-index=\"6\">Pe 20 august, seara, a venit la cabinet. Pe 21 august am avut toate inform\u0103rile, drept pentru care pe 25 august, plec\u00e2nd de la premisa c\u0103 toate informa\u021biile primite despre dl. V\u00e2lcov le-a primit \u0219i premierul, i-am transmis o scrisoare \u00een care l-am rugat s\u0103-mi comunice dac\u0103-\u0219i men\u021bine propunerea.<\/p>\n<p data-index=\"7\">Mi-a r\u0103spuns tot pe 25 august.\u00a0Am primit un r\u0103spuns evaziv. Nu a spus: da, \u00eel sus\u021bin, ci mi-a retrimis adresa de pe 19.08. Eu am interpretat-o ca pe o eschiv\u0103.<\/p>\n<p data-index=\"8\">Mi-a st\u00e2rnit dubii, am mai a\u0219teptat dou\u0103 zile iar ast\u0103zi am trimis decretul la MO. Imediat ce s-a publicat, la ora 14.00, a fost contactat\u0103 cancelaria primului ministru pentru a conveni data \u0219i ora petnru ceremonie.<\/p>\n<p data-index=\"9\">Am propus ast\u0103zi, la ora 18:00, de la cabinetul premierului am primit acordul.\u00a0<\/p>\n<p data-index=\"10\">La 17:50 am primit informarea c\u0103 premierul nu poate s\u0103 participe pentru c\u0103 are alt program \u0219i c\u0103 l-a desemnat pe vicepremierul Gabriel Oprea s\u0103 participe.<\/p>\n<p data-index=\"11\">Mi s-a p\u0103rut neserios modul \u00een care am fost anun\u021bat, cu 10 minute \u00eenainte de ceremonie, dar mi s-a p\u0103rut \u0219i un gest de neasumare publica\u0103entru nominalizarea f\u0103cut\u0103, pe care am legat-o de neasumarea nominaliz\u0103rii.<\/p>\n<p data-index=\"12\">Este o chestiune de simbolistic\u0103, de tradi\u021bie. Participarea premierului este o chestiune de solidaritate guvernamental\u0103. R\u0103spunderea guvernmental\u0103 este prev\u0103zut\u0103 \u00een Constitu\u021bie. N-am fost dispus s\u0103 renun\u021b la aceast\u0103 simbolistic\u0103.<\/p>\n<p data-index=\"13\">A\u0219tept un moment la care putem reorganiza ceremonia \u00een prezen\u021ba premierului. Nu se va desf\u0103\u0219ura aceast\u0103 ceremonie dec\u00e2t \u00een fa\u021ba premierului, chiar dac\u0103 \u00een Constitu\u021bie nu este prev\u0103zut\u0103 dec\u00e2t participarea pre\u0219edintelui.<\/p>\n<p data-index=\"14\">Nu este vorba de faptul c\u0103 Darius V\u00e2lcov ar fi urm\u0103rit penal. Unele fapte ale sale ca primar au fost sesizate c\u0103tre Parchet, nu se \u0219tie ce s-a mai \u00eent\u00e2mplat cu aceste sesiz\u0103ri, dar vreau asumarea r\u0103spunderii premierului, are acces la fel ca \u0219i mine la informa\u021bii.<\/p>\n<p data-index=\"15\">Anularea particip\u0103rii \u00een ultimul moment arat\u0103 c\u0103 vrea s\u0103 se situeze pe o fug\u0103 de r\u0103spundere. N-ar fi prima dat\u0103.\u00a0La privatizarea CFR Marf\u0103, cu Gruia Stoica, plecase pe la Miami cu bona \u0219i cerea CSAT s\u0103 \u00eei aprobe c\u00e2\u0219tig\u0103torul licita\u021biei, lucru f\u0103r\u0103 precedent. \u00cen mar\u021bea neagr\u0103 era \u00eent\u00e2mpl\u0103tor \u00een Brazilia \u0219i se tupila dup\u0103 ni\u0219te st\u00e2lpi de rezisten\u021bp s\u0103 \u00eei ias\u0103 \u00een cale lui Obama.<\/p>\n<p data-index=\"16\">Ast\u0103zi nu vine la \u00eenvestirea ministrului care poate avea probleme, ministru pe care mi l-a propus. M\u00e2ine, c\u00e2nd va adopta OUG cu primarii, va fi \u00eent\u00e2mpl\u0103tor \u00een Turcia \u0219i va face altcineva treaba murdar\u0103 \u0219i tot a\u0219a.<\/p>\n<p data-index=\"17\">S-a creat o cutum\u0103 \u00een 25 fde ani, un protocol al statului rom\u00e2n \u0219i al Pre\u0219edin\u021biei, care cer s\u0103 fie respectat p\u00e2n\u0103 \u0219i de Victor Ponta. \u0218i el trebuie s\u0103 respecte statul rom\u00e2n \u0219i simbolurile lui.<\/p>\n<p data-index=\"18\">A\u0219 vrea s\u0103 fac dou\u0103 men\u021biuni.<\/p>\n<p data-index=\"19\">Ordonan\u021ba de urgen\u021b\u0103 care modific\u0103 componen\u021ba BEC se situeaz\u0103 \u00een afara recomand\u0103rilor Comisiei de la Vene\u021bia \u0219i ale CCR. care spun c\u0103 modific\u0103rile procesului electoral nu se pot face cu mai pu\u021bin de \u0219ase luni de data alegerilor.<\/p>\n<p data-index=\"20\">Fac apel la Guvern s\u0103 nu se emit\u0103 ordonan\u021b\u0103 de urgen\u021b\u0103 pentru transferul primarilor.<\/p>\n<p data-index=\"21\">Am vazut argumenta\u021bia lor privind legea din 2006. Majoritatea care a aprobat legea din 2006 are justificarea c\u0103 interzice migrarea. Am \u00eentors la Parlament legea, pentru c\u0103 lucrurile erau la jum\u0103tate, acum este grosier \u0219i are caracter electoral.<\/p>\n<p data-index=\"22\">Arat\u0103 spaima lui Victor Ponta, \u0219tie c\u0103 nu poate c\u00e2\u0219tiga alegerile preziden\u021biale \u0219i \u00eencearc\u0103 s\u0103 c\u00e2\u0219tige avantaje incorecte cu 10 s\u0103pt\u0103m\u00e2ni \u00eenainte de alegeri.<\/p>\n<p data-index=\"23\">Mai fac \u00eenc\u0103 o dat\u0103 apel la Avocatul Poporului, care prin t\u0103cerea sa saboteaza democra\u021bia, s\u0103 atace la Curtea Constitu\u021bional\u0103 ordonan\u021ba de modificare a Legii Educa\u021biei.<\/p>\n<p data-index=\"24\">Dac\u0103 m\u00e2ine, \u00een absen\u021ba lui Victor Ponta, guvernul va fi at\u00e2t de incon\u0219tient \u00eenc\u00e2t s\u0103 aprobe ordonan\u021ba de urgen\u021b\u0103 care\u00a0<span>permite o perioad\u0103 de mercato pentru primari,<\/span>\u00a0\u00eel rog pe Avocatul Poporului s\u0103 o atace \u0219i pe aceasta.<\/p>\n<p data-index=\"25\">_____________________<\/p>\n<p data-index=\"26\">Pre\u0219edin\u021bia a anun\u021bat c\u0103 ceremonia &#8211; prev\u0103zut\u0103 pentru ora 18.00 &#8211; a fost am\u00e2nat\u0103, pentru c\u0103 premierul nu a ajuns la Palatul Cotroceni.<\/p>\n<p data-index=\"27\">Premierul a explicat c\u0103 nu a putut ajunge pentru c\u0103 i s-a decalat programul, ca urmare a acumul\u0103rii unor \u00eent\u00e2rzieri \u00een programul pe care l-a avut miercuri. \u0218eful Guvernului a fost la Chi\u0219in\u0103u, apoi a fost la Reuniunea diploma\u021biei \u0219i s-a \u00eent\u00e2lnit cu Catherine Ashton, \u00cenaltul reprezentant al UE pentru politic\u0103 extern\u0103. Premierul sus\u021bine, \u00eens\u0103, c\u0103 a anun\u021bat Administra\u021bia preziden\u021bial\u0103 c\u0103 nu mai poate veni la ceremonia de la Cotroceni \u0219i c\u0103 \u00eel desemnase pe vicepremierul Gabriel Oprea s\u0103-l \u00eenlocuiasc\u0103.<\/p>\n<p data-index=\"28\">Pre\u0219edintele repro\u0219eaz\u0103 \u00eens\u0103 premierului c\u0103 l-a informat despre aceasta cu numai 10 minute \u00eenainte de ora stabilit\u0103 pentru ceremonie.<\/p>\n<p data-index=\"29\">\u0218eful statului a declarat \u00eentr-un comunicat c\u0103 prin anularea prezen\u021bei premierului \u00een\u021belege c\u0103 Victor Ponta ar putea s\u0103 nu-l mai sus\u021bin\u0103 pe Darius V\u00e2lcov pentru postul de ministru delegat al Bugetului.<\/p>\n<\/div>\n<p> Source URL: https:\/\/www.digi24.ro\/stiri\/actualitate\/politica\/traian-basescu-nu-se-va-desfasura-aceasta-ceremonie-decat-in-fata-premierului-286183<\/p>\n","protected":false},"excerpt":{"rendered":"<p>Principalele declara\u021bii ale pre\u0219edintelui: E prima dat\u0103 c\u00e2nd se \u00eent\u00e2mpl\u0103 \u00een aproape 10 ani ca o ceremonie convenit\u0103 cu prim-ministrul nu se mai \u00eent\u00e2mpl\u0103. Pe 19.08 am primit de la premier propunerea scris\u0103 de nominalizare a lui Darius V\u00e2lcov la Buget. Am solicitat institu\u021biilor statului s\u0103 anun\u021be dac\u0103 sunt probleme cu propunerea. Pe 20 august, [&hellip;]<\/p>\n","protected":false},"author":1,"featured_media":198495,"comment_status":"open","ping_status":"","sticky":false,"template":"","format":"standard","meta":{"footnotes":""},"categories":[2],"tags":[11],"class_list":["post-198494","post","type-post","status-publish","format-standard","has-post-thumbnail","hentry","category-politics","tag-digi24"],"_links":{"self":[{"href":"https:\/\/analyse.optim.biz\/index.php?rest_route=\/wp\/v2\/posts\/198494","targetHints":{"allow":["GET"]}}],"collection":[{"href":"https:\/\/analyse.optim.biz\/index.php?rest_route=\/wp\/v2\/posts"}],"about":[{"href":"https:\/\/analyse.optim.biz\/index.php?rest_route=\/wp\/v2\/types\/post"}],"author":[{"embeddable":true,"href":"https:\/\/analyse.optim.biz\/index.php?rest_route=\/wp\/v2\/users\/1"}],"replies":[{"embeddable":true,"href":"https:\/\/analyse.optim.biz\/index.php?rest_route=%2Fwp%2Fv2%2Fcomments&post=198494"}],"version-history":[{"count":0,"href":"https:\/\/analyse.optim.biz\/index.php?rest_route=\/wp\/v2\/posts\/198494\/revisions"}],"wp:featuredmedia":[{"embeddable":true,"href":"https:\/\/analyse.optim.biz\/index.php?rest_route=\/wp\/v2\/media\/198495"}],"wp:attachment":[{"href":"https:\/\/analyse.optim.biz\/index.php?rest_route=%2Fwp%2Fv2%2Fmedia&parent=198494"}],"wp:term":[{"taxonomy":"category","embeddable":true,"href":"https:\/\/analyse.optim.biz\/index.php?rest_route=%2Fwp%2Fv2%2Fcategories&post=198494"},{"taxonomy":"post_tag","embeddable":true,"href":"https:\/\/analyse.optim.biz\/index.php?rest_route=%2Fwp%2Fv2%2Ftags&post=198494"}],"curies":[{"name":"wp","href":"https:\/\/api.w.org\/{rel}","templated":true}]}}