{"id":198483,"date":"2014-08-27T18:58:23","date_gmt":"2014-08-27T15:58:23","guid":{"rendered":"https:\/\/analyse.optim.biz\/?p=198483"},"modified":"2014-08-27T18:58:23","modified_gmt":"2014-08-27T15:58:23","slug":"victor-ponta-o-sa-solicitam-un-alt-moment-daca-presedintelui-ii-e-atat-de-drag-sa-fiu-la-studioul-de-cinematografie-cotroceni-o-sa-ma-duc","status":"publish","type":"post","link":"https:\/\/analyse.optim.biz\/?p=198483","title":{"rendered":"Victor Ponta: O s\u0103 solicit\u0103m un alt moment, dac\u0103 pre\u0219edintelui \u00eei e at\u00e2t de drag s\u0103 fiu la studioul de cinematografie Cotroceni, o s\u0103 m\u0103 duc"},"content":{"rendered":"<div class=\"entry data-app-meta data-app-meta-article\" data-embed-base-url-canonical=\"https:\/\/www.digi24.ro\/embed\/stiri\/actualitate\/politica\/victor-ponta-o-sa-solicitam-un-alt-moment-daca-presedintelui-ii-e-atat-de-drag-sa-fiu-la-studioul-de-cinematografie-cotroceni-o-sa-ma-duc-286186\">\n<p data-index=\"1\">\u0218eful Guvernului a fost la Chi\u0219in\u0103u, apoi a fost la Reuniunea diploma\u021biei \u0219i s-a \u00eent\u00e2lnit cu <strong>Catherine Ashton<\/strong>, \u00cenaltul reprezentant al UE pentru politic\u0103 extern\u0103. Premierul sus\u021bine, \u00eens\u0103, c\u0103 a anun\u021bat Administra\u021bia preziden\u021bial\u0103 c\u0103 nu mai poate veni la ceremonia de la Cotroceni \u0219i c\u0103 \u00eel desemnase pe vicepremierul <strong>Gabriel Oprea<\/strong> s\u0103-l \u00eenlocuiasc\u0103.<\/p>\n<p data-index=\"2\">Pre\u0219edin\u021bia repro\u0219eaz\u0103, \u00eens\u0103, \u00eentr-un comunicat, c\u0103 <strong>premierul a informat despre modificarea programului cu numai 10 minute \u00eenainte ora stabilit\u0103 ini\u021bial &#8211; 18.00<\/strong>: \u201eZiua \u0219i ora de desf\u0103\u0219urare ale ceremoniei au fost stabilite de comun acord cu Cabinetul Prim-Ministrului Rom\u00e2niei, \u00eens\u0103, miercuri, 27 august a.c., la ora 17.50 Cabinetul Prim-Ministrului Rom\u00e2niei a informat Administra\u021bia Preziden\u021bial\u0103, printr-o adres\u0103, c\u0103 domnul prim-ministru Victor-Viorel Ponta nu particip\u0103 la ceremonie deoarece va lua parte la deschiderea Reuniunii Anuale a Diploma\u021biei Rom\u00e2ne\u201d.<\/p>\n<p class=\"articleLead mceAutoSelect\" data-index=\"3\">\u201eE un lucru serios \u0219i nu-mi place s\u0103 ne juc\u0103m cu astfel de lucruri\u201d, a comentat premierul, care a infirmat <a href=\"https:\/\/www.digi24.ro\/Stiri\/Digi24\/Actualitate\/Politica\/Ceremonia+de+investire+a+lui+Darius+Valcov+se+amana+Presedintia+\" target=\"_blank\" data-skip-linkfix=\"1\" rel=\"noopener\">suspiciunea pre\u0219edintelui c\u0103 nu l-ar mai sus\u021bine pe Darius V\u00e2lcov<\/a> pentru postul pentru care l-a nominalizat. Premierul s-a declarat dispus s\u0103 fac\u0103 pentru a treia oar\u0103 o nominalizare \u00een scris a acestuia.<\/p>\n<p data-index=\"4\">\u201eDin c\u00e2te cunosc, \u00een legi, regulamente, nu exist\u0103 obligativitatea prezen\u021bei premierului. Am considerat c\u0103 e politicos, a\u0219a cum am f\u0103cut \u0219i \u00een alte ocazii, s\u0103 desemnez unul din vicepremieri\u201d, a declarat<strong> Victor Ponta.<\/strong><\/p>\n<p data-index=\"5\">\u201eN-am stat s\u0103 citesc ziarul sau s\u0103 beau cafea. M-am adresat tututor celor care reprezint\u0103 Rom\u00e2nia pe plan interna\u021bional \u0219i am avut o discu\u021bie extrem de util\u0103 cu un \u00eenalt oaspete\u201d, a ad\u0103ugat \u0219eful Executivului.<\/p>\n<p data-index=\"6\">\u00centrebat ce se va \u00eent\u00e2mpla acum, Victor Ponta a spus c\u0103 va solicita Pre\u0219edin\u021biei un alt moment pentru depunerea jur\u0103m\u00e2ntului de c\u0103tre Darius V\u00e2lcov, dar a precizat c\u0103<strong> joi se va afla \u00een Turcia<\/strong> \u0219i a mai spus c\u0103 nu va discuta direct cu pre\u0219edintele, ci vor avea un dialog \u201einstitu\u021bional\u201d, \u00een scris.<\/p>\n<p data-index=\"7\">\u201eO s\u0103 solicit\u0103m alt moment \u0219i dac\u0103 \u00eei e at\u00e2t de drag de mine pre\u0219edintelui s\u0103 merg la studioul de cinematografie Cotroceni, o s\u0103 m\u0103 duc. Nu \u0219tiam c\u0103-i sunt at\u00e2t de drag\u201d, a men\u021bionat ironic Victor Ponta. El s-a referit la precedenta ocazie c\u00e2nd a fost la Cotroceni, \u00eempreun\u0103 cu ministrul de Finan\u021be Ioana Petrescu, c\u00e2nd fusese invitat s\u0103 prezinte sursele de acoperire a deficitului bugetar ca urmare a reducerii CAS la angajatori. Dup\u0103 \u00eentrevedere, premierul a spus c\u0103 pre\u0219edintele a jignit-o pe doamna ministru, iar \u00een replic\u0103, <a href=\"https:\/\/www.digi24.ro\/Stiri\/Digi24\/Actualitate\/Politica\/VIDEO+Discutia+Basescu+Ioana+Petrescu+Victor+Ponta+CAS\" target=\"_blank\" data-skip-linkfix=\"1\" rel=\"noopener\">Pre\u0219edin\u021bia a dat publicit\u0103\u021bii \u00eenregistrarea video a discu\u021biilor.<\/a><\/p>\n<p data-index=\"8\">Imediat dup\u0103 justific\u0103rile premierului cu privire la absen\u021ba sa, miercuri, de la Cotroceni. Administra\u021bia preziden\u021bial\u0103 a anun\u021bat c\u0103<a href=\"https:\/\/www.digi24.ro\/Stiri\/Digi24\/Actualitate\/Politica\/Traian+Basescu+face+declaratii+de+presa+la+19+30\" target=\"_blank\" data-skip-linkfix=\"1\" rel=\"noopener\"> Traian B\u0103sescu va face declara\u021bii de pres\u0103<\/a>.<\/p>\n<\/div>\n<p> Source URL: https:\/\/www.digi24.ro\/stiri\/actualitate\/politica\/victor-ponta-o-sa-solicitam-un-alt-moment-daca-presedintelui-ii-e-atat-de-drag-sa-fiu-la-studioul-de-cinematografie-cotroceni-o-sa-ma-duc-286186<\/p>\n","protected":false},"excerpt":{"rendered":"<p>\u0218eful Guvernului a fost la Chi\u0219in\u0103u, apoi a fost la Reuniunea diploma\u021biei \u0219i s-a \u00eent\u00e2lnit cu Catherine Ashton, \u00cenaltul reprezentant al UE pentru politic\u0103 extern\u0103. Premierul sus\u021bine, \u00eens\u0103, c\u0103 a anun\u021bat Administra\u021bia preziden\u021bial\u0103 c\u0103 nu mai poate veni la ceremonia de la Cotroceni \u0219i c\u0103 \u00eel desemnase pe vicepremierul Gabriel Oprea s\u0103-l \u00eenlocuiasc\u0103. Pre\u0219edin\u021bia repro\u0219eaz\u0103, [&hellip;]<\/p>\n","protected":false},"author":1,"featured_media":198484,"comment_status":"open","ping_status":"","sticky":false,"template":"","format":"standard","meta":{"footnotes":""},"categories":[2],"tags":[11],"class_list":["post-198483","post","type-post","status-publish","format-standard","has-post-thumbnail","hentry","category-politics","tag-digi24"],"_links":{"self":[{"href":"https:\/\/analyse.optim.biz\/index.php?rest_route=\/wp\/v2\/posts\/198483","targetHints":{"allow":["GET"]}}],"collection":[{"href":"https:\/\/analyse.optim.biz\/index.php?rest_route=\/wp\/v2\/posts"}],"about":[{"href":"https:\/\/analyse.optim.biz\/index.php?rest_route=\/wp\/v2\/types\/post"}],"author":[{"embeddable":true,"href":"https:\/\/analyse.optim.biz\/index.php?rest_route=\/wp\/v2\/users\/1"}],"replies":[{"embeddable":true,"href":"https:\/\/analyse.optim.biz\/index.php?rest_route=%2Fwp%2Fv2%2Fcomments&post=198483"}],"version-history":[{"count":0,"href":"https:\/\/analyse.optim.biz\/index.php?rest_route=\/wp\/v2\/posts\/198483\/revisions"}],"wp:featuredmedia":[{"embeddable":true,"href":"https:\/\/analyse.optim.biz\/index.php?rest_route=\/wp\/v2\/media\/198484"}],"wp:attachment":[{"href":"https:\/\/analyse.optim.biz\/index.php?rest_route=%2Fwp%2Fv2%2Fmedia&parent=198483"}],"wp:term":[{"taxonomy":"category","embeddable":true,"href":"https:\/\/analyse.optim.biz\/index.php?rest_route=%2Fwp%2Fv2%2Fcategories&post=198483"},{"taxonomy":"post_tag","embeddable":true,"href":"https:\/\/analyse.optim.biz\/index.php?rest_route=%2Fwp%2Fv2%2Ftags&post=198483"}],"curies":[{"name":"wp","href":"https:\/\/api.w.org\/{rel}","templated":true}]}}