{"id":198472,"date":"2014-08-27T20:31:44","date_gmt":"2014-08-27T17:31:44","guid":{"rendered":"https:\/\/analyse.optim.biz\/?p=198472"},"modified":"2014-08-27T20:31:44","modified_gmt":"2014-08-27T17:31:44","slug":"traian-basescu-fac-apel-la-guvern-sa-nu-aprobe-ordonanta-care-permite-o-perioada-de-mercato-pentru-primari","status":"publish","type":"post","link":"https:\/\/analyse.optim.biz\/?p=198472","title":{"rendered":"Traian B\u0103sescu: \u201eFac apel la Guvern s\u0103 nu aprobe ordonan\u021ba\u201d care permite \u201eo perioad\u0103 de mercato pentru primari\u201d"},"content":{"rendered":"<div class=\"entry data-app-meta data-app-meta-article\" data-embed-base-url-canonical=\"https:\/\/www.digi24.ro\/embed\/stiri\/actualitate\/politica\/traian-basescu-fac-apel-la-guvern-sa-nu-aprobe-ordonanta-care-permite-o-perioada-de-mercato-pentru-primari-286202\">\n<p data-index=\"1\">\u201e<span>Victor Ponta are nevoie ca de aer de ordonan\u021ba de urgen\u021b\u0103 cu primarii migratori ca s\u0103 ias\u0103 pre\u0219edinte. Administra\u021bia local\u0103 este institu\u021bie constitu\u021bional\u0103, ordonan\u021ba lui Liviu Dragnea nu trebuie emis\u0103. Fac apel la Guvern s\u0103 nu emit\u0103 ordonan\u021b\u0103 de urgen\u021b\u0103 pentru transferul primarilor\u201d, a spus pre\u0219edintele \u00een timpul unei <a href=\"https:\/\/www.digi24.ro\/Stiri\/Digi24\/Actualitate\/Politica\/Traian+Basescu+face+declaratii+de+presa+la+19+30\" target=\"_blank\" data-skip-linkfix=\"1\" rel=\"noopener\">declara\u021bii de pres\u0103 de la Cotroceni<\/a>.<\/span><\/p>\n<p data-index=\"2\">El a mai spus c\u0103 aceast\u0103 ordonan\u021b\u0103 \u201earat\u0103 spaima lui Victor Ponta\u201d, care \u201e\u0219tie c\u0103 nu poate c\u00e2\u0219tiga alegerile preziden\u021biale \u0219i \u00eencearc\u0103 s\u0103 c\u00e2\u0219tige avantaje incorecte cu 10 s\u0103pt\u0103m\u00e2ni \u00eenainte de alegeri\u201d.<\/p>\n<p data-index=\"3\">Traian B\u0103sescu a cerut Avocatului Poporului s\u0103 sesizeze Curtea Constitu\u021bional\u0103 \u201edac\u0103 m\u00e2ine, \u00een absen\u021ba lui Victor Ponta, guvernul va fi at\u00e2t de incon\u0219tient \u00eenc\u00e2t s\u0103 aprobe ordonan\u021ba de urgen\u021b\u0103 care permite o perioad\u0103 de mercato pentru primari\u201d.<\/p>\n<p data-index=\"4\"><a href=\"https:\/\/www.digi24.ro\/Stiri\/Digi24\/Actualitate\/Politica\/Proiect+Alesii+locali+au+zece+zile+la+dispozitie+sa+opteze+pentr\" target=\"_blank\" data-skip-linkfix=\"1\" rel=\"noopener\">Textul ordonan\u021bei<\/a> &#8211; ini\u0163iativ\u0103 a lui Liviu Dragnea- se refer\u0103 la primari, la consilieri locali, consilieri jude\u0163eni \u015fi pre\u015fedin\u0163i ai consiliilor jude\u0163ene. Potrivit acesteia, ale\u015fii locali au la dispozi\u0163ie zece zile pentru a opta \u00eentre un partid sau altul.<\/p>\n<p data-index=\"5\">\u201e\u00cen termen de 10 zile de la data intr\u0103rii \u00een vigoare a prezentei ordonan\u0163e de urgen\u0163\u0103 primarii \u015fi pre\u015fedin\u0163ii consiliilor jude\u0163ene, consilierii locali \u015fi consilierii jude\u0163eni, precum \u015fi candida\u0163ii care au fost declara\u0163i suplean\u0163i, isi pot exprima \u00een scris op\u021biunea cu privire la partidul politic din care doresc s\u0103 fac\u0103 parte, f\u0103r\u0103 ca ale\u0219ii locali respectivi s\u0103-\u0219i piard\u0103 calitatea dob\u00e2ndit\u0103 \u00een urma alegerilor.<\/p>\n<p data-index=\"6\">\u00cen prezent, la nivelul legisla\u021biei aplicabile administra\u021biei publice locale sunt eviden\u021biate o serie de disfunc\u021bionalit\u0103\u021bi care genereaz\u0103 dificult\u0103\u021bi \u00een func\u021bionarea eficient\u0103 a autorit\u0103\u021bilor publice de la nivel local\u201d, se arat\u0103 \u00een textul proiectului de ordonan\u0163\u0103 de urgen\u0163\u0103.\u00a0<\/p>\n<\/div>\n<p> Source URL: https:\/\/www.digi24.ro\/stiri\/actualitate\/politica\/traian-basescu-fac-apel-la-guvern-sa-nu-aprobe-ordonanta-care-permite-o-perioada-de-mercato-pentru-primari-286202<\/p>\n","protected":false},"excerpt":{"rendered":"<p>\u201eVictor Ponta are nevoie ca de aer de ordonan\u021ba de urgen\u021b\u0103 cu primarii migratori ca s\u0103 ias\u0103 pre\u0219edinte. Administra\u021bia local\u0103 este institu\u021bie constitu\u021bional\u0103, ordonan\u021ba lui Liviu Dragnea nu trebuie emis\u0103. Fac apel la Guvern s\u0103 nu emit\u0103 ordonan\u021b\u0103 de urgen\u021b\u0103 pentru transferul primarilor\u201d, a spus pre\u0219edintele \u00een timpul unei declara\u021bii de pres\u0103 de la Cotroceni. [&hellip;]<\/p>\n","protected":false},"author":1,"featured_media":198473,"comment_status":"open","ping_status":"","sticky":false,"template":"","format":"standard","meta":{"footnotes":""},"categories":[2],"tags":[11],"class_list":["post-198472","post","type-post","status-publish","format-standard","has-post-thumbnail","hentry","category-politics","tag-digi24"],"_links":{"self":[{"href":"https:\/\/analyse.optim.biz\/index.php?rest_route=\/wp\/v2\/posts\/198472","targetHints":{"allow":["GET"]}}],"collection":[{"href":"https:\/\/analyse.optim.biz\/index.php?rest_route=\/wp\/v2\/posts"}],"about":[{"href":"https:\/\/analyse.optim.biz\/index.php?rest_route=\/wp\/v2\/types\/post"}],"author":[{"embeddable":true,"href":"https:\/\/analyse.optim.biz\/index.php?rest_route=\/wp\/v2\/users\/1"}],"replies":[{"embeddable":true,"href":"https:\/\/analyse.optim.biz\/index.php?rest_route=%2Fwp%2Fv2%2Fcomments&post=198472"}],"version-history":[{"count":0,"href":"https:\/\/analyse.optim.biz\/index.php?rest_route=\/wp\/v2\/posts\/198472\/revisions"}],"wp:featuredmedia":[{"embeddable":true,"href":"https:\/\/analyse.optim.biz\/index.php?rest_route=\/wp\/v2\/media\/198473"}],"wp:attachment":[{"href":"https:\/\/analyse.optim.biz\/index.php?rest_route=%2Fwp%2Fv2%2Fmedia&parent=198472"}],"wp:term":[{"taxonomy":"category","embeddable":true,"href":"https:\/\/analyse.optim.biz\/index.php?rest_route=%2Fwp%2Fv2%2Fcategories&post=198472"},{"taxonomy":"post_tag","embeddable":true,"href":"https:\/\/analyse.optim.biz\/index.php?rest_route=%2Fwp%2Fv2%2Ftags&post=198472"}],"curies":[{"name":"wp","href":"https:\/\/api.w.org\/{rel}","templated":true}]}}