{"id":198461,"date":"2014-08-27T20:50:22","date_gmt":"2014-08-27T17:50:22","guid":{"rendered":"https:\/\/analyse.optim.biz\/?p=198461"},"modified":"2014-08-27T20:50:22","modified_gmt":"2014-08-27T17:50:22","slug":"traian-basescu-ordonanta-de-urgenta-care-modifica-bec-este-neconstitutionala-avocatul-poporului-saboteaza-democratia","status":"publish","type":"post","link":"https:\/\/analyse.optim.biz\/?p=198461","title":{"rendered":"Traian B\u0103sescu: Ordonan\u021ba de urgen\u021b\u0103 care modific\u0103 BEC este neconstitu\u021bional\u0103. Avocatul Poporului saboteaz\u0103 democra\u021bia"},"content":{"rendered":"<div class=\"entry data-app-meta data-app-meta-article\" data-embed-base-url-canonical=\"https:\/\/www.digi24.ro\/embed\/stiri\/actualitate\/politica\/traian-basescu-ordonanta-de-urgenta-care-modifica-bec-este-neconstitutionala-avocatul-poporului-saboteaza-democratia-286208\">\n<p data-index=\"1\">\u201eExisten\u021ba OUG nr 45 din 2014, din 26 iunie, este aceea care modific\u0103 at\u00e2t BEC, c\u00e2t \u0219i reprezentarea \u00een sec\u021biile de votare, precum \u0219i modalitatea de vot\u201d, a precizat pre\u0219edintele.<\/p>\n<p data-index=\"2\">\u201e\u00cel aten\u021bionez pe primul-ministru, care a semnat aceast\u0103 ordonan\u021b\u0103 de urgen\u021b\u0103, c\u0103 at\u00e2t Comisia de la Vene\u021bia, c\u00e2t \u0219i Curtea Constitu\u021bional\u0103 a Rom\u00e2niei au, primii, recomand\u0103ri, Curtea Constitu\u021bional\u0103 hot\u0103r\u00e2ri, care precizeaz\u0103 foarte clar c\u0103 nu trebuie emise astfel de acte normative care modific\u0103 procesul electoral \u00eentr-un interval de la 12 luni p\u00e2n\u0103 la data alegerilor. Deci, ordonan\u021ba 45 este o ordonan\u021b\u0103 care afecteaz\u0103 procesul electoral. Ea este neconstitu\u021bional\u0103\u201d, a punctat Traian B\u0103sescu.<\/p>\n<p data-index=\"3\">Pe de alt\u0103 parte, pre\u0219edintele a avut critici \u0219i la adresa Avocatului Poporului, Victor Ciorbea, cu care a mai avut o controvers\u0103, dup\u0103 ce<a href=\"https:\/\/www.digi24.ro\/Stiri\/Digi24\/Actualitate\/Stiri\/Traian+Basescu+cere+din+nou+Avocatului+Poporului+sa+conteste+la+\" target=\"_blank\" data-skip-linkfix=\"1\" rel=\"noopener\"> i-a cerut s\u0103 atace o OUG la CCR<\/a>, iar acesta a refuzat s\u0103 dea curs solicit\u0103rii.<\/p>\n<p data-index=\"4\">\u201e\u00cemi pare r\u0103u s\u0103 mai fac trimitere la Avocatul Poporului, care pur \u0219i simplu <strong>saboteaz\u0103 democra\u021bia prin inactivitate<\/strong>\u00a0\u0219i-n ceea ce prive\u0219te ordonan\u021ba de urgen\u021b\u0103 45, \u0219i-n ceea ce prive\u0219te OUG care a modificat Legea educa\u021biei \u0219i cu certitudine o va face \u0219i dac\u0103 m\u00e2ine Guvernul emite <a href=\"https:\/\/www.digi24.ro\/Stiri\/Digi24\/Actualitate\/Politica\/Traian+Basescu+Fac+apel+la+Guvern+sa+nu+voteze+ordonanta+care+pe\" target=\"_blank\" data-skip-linkfix=\"1\" rel=\"noopener\"><strong>OUG legat\u0103 de transferul de primari<\/strong><\/a>, de care Victor Ponta<a href=\"https:\/\/www.digi24.ro\/Stiri\/Digi24\/Actualitate\/Politica\/Proiect+Alesii+locali+au+zece+zile+la+dispozitie+sa+opteze+pentr\" target=\"_blank\" data-skip-linkfix=\"1\" rel=\"noopener\"> are nevoie ca aerul<\/a>, pentru c\u0103 altfel nu poate ie\u0219i pre\u0219edinte\u201d, a acuzat pre\u0219edintele.<\/p>\n<p data-index=\"5\">\u201eDe aceea este aceast\u0103 disperare, <a href=\"https:\/\/www.digi24.ro\/Stiri\/Digi24\/Actualitate\/Politica\/Proiect+Alesii+locali+au+zece+zile+la+dispozitie+sa+opteze+pentr\" target=\"_blank\" data-skip-linkfix=\"1\" rel=\"noopener\">s\u0103 se \u00eencalce toate cutumele,<\/a> inclusiv Constitu\u021bia, pentru c\u0103 administra\u021bia local\u0103 este institu\u021bie constitu\u021bional\u0103, este definit\u0103 \u00een Constitu\u021bie\u201d, a conchis pre\u0219edintele.<\/p>\n<\/div>\n<p> Source URL: https:\/\/www.digi24.ro\/stiri\/actualitate\/politica\/traian-basescu-ordonanta-de-urgenta-care-modifica-bec-este-neconstitutionala-avocatul-poporului-saboteaza-democratia-286208<\/p>\n","protected":false},"excerpt":{"rendered":"<p>\u201eExisten\u021ba OUG nr 45 din 2014, din 26 iunie, este aceea care modific\u0103 at\u00e2t BEC, c\u00e2t \u0219i reprezentarea \u00een sec\u021biile de votare, precum \u0219i modalitatea de vot\u201d, a precizat pre\u0219edintele. \u201e\u00cel aten\u021bionez pe primul-ministru, care a semnat aceast\u0103 ordonan\u021b\u0103 de urgen\u021b\u0103, c\u0103 at\u00e2t Comisia de la Vene\u021bia, c\u00e2t \u0219i Curtea Constitu\u021bional\u0103 a Rom\u00e2niei au, primii, [&hellip;]<\/p>\n","protected":false},"author":1,"featured_media":198462,"comment_status":"open","ping_status":"","sticky":false,"template":"","format":"standard","meta":{"footnotes":""},"categories":[2],"tags":[11],"class_list":["post-198461","post","type-post","status-publish","format-standard","has-post-thumbnail","hentry","category-politics","tag-digi24"],"_links":{"self":[{"href":"https:\/\/analyse.optim.biz\/index.php?rest_route=\/wp\/v2\/posts\/198461","targetHints":{"allow":["GET"]}}],"collection":[{"href":"https:\/\/analyse.optim.biz\/index.php?rest_route=\/wp\/v2\/posts"}],"about":[{"href":"https:\/\/analyse.optim.biz\/index.php?rest_route=\/wp\/v2\/types\/post"}],"author":[{"embeddable":true,"href":"https:\/\/analyse.optim.biz\/index.php?rest_route=\/wp\/v2\/users\/1"}],"replies":[{"embeddable":true,"href":"https:\/\/analyse.optim.biz\/index.php?rest_route=%2Fwp%2Fv2%2Fcomments&post=198461"}],"version-history":[{"count":0,"href":"https:\/\/analyse.optim.biz\/index.php?rest_route=\/wp\/v2\/posts\/198461\/revisions"}],"wp:featuredmedia":[{"embeddable":true,"href":"https:\/\/analyse.optim.biz\/index.php?rest_route=\/wp\/v2\/media\/198462"}],"wp:attachment":[{"href":"https:\/\/analyse.optim.biz\/index.php?rest_route=%2Fwp%2Fv2%2Fmedia&parent=198461"}],"wp:term":[{"taxonomy":"category","embeddable":true,"href":"https:\/\/analyse.optim.biz\/index.php?rest_route=%2Fwp%2Fv2%2Fcategories&post=198461"},{"taxonomy":"post_tag","embeddable":true,"href":"https:\/\/analyse.optim.biz\/index.php?rest_route=%2Fwp%2Fv2%2Ftags&post=198461"}],"curies":[{"name":"wp","href":"https:\/\/api.w.org\/{rel}","templated":true}]}}