{"id":198458,"date":"2014-08-27T21:08:58","date_gmt":"2014-08-27T18:08:58","guid":{"rendered":"https:\/\/analyse.optim.biz\/?p=198458"},"modified":"2014-08-27T21:08:58","modified_gmt":"2014-08-27T18:08:58","slug":"ceremonia-de-investire-a-lui-darius-valcov-are-loc-astazi-scrisoarea-lui-v-ponta-catre-t-basescu-si-raspunsul-presedintelui","status":"publish","type":"post","link":"https:\/\/analyse.optim.biz\/?p=198458","title":{"rendered":"Ceremonia de \u00eenvestire a lui Darius V\u00e2lcov are loc ast\u0103zi. Scrisoarea lui V. Ponta c\u0103tre T. B\u0103sescu \u0219i r\u0103spunsul pre\u0219edintelui"},"content":{"rendered":"<div class=\"entry data-app-meta data-app-meta-article\" data-embed-base-url-canonical=\"https:\/\/www.digi24.ro\/embed\/stiri\/actualitate\/politica\/ceremonia-de-investire-a-lui-darius-valcov-are-loc-astazi-scrisoarea-lui-v-ponta-catre-t-basescu-si-raspunsul-presedintelui-286210\">\n<p data-index=\"1\"><img decoding=\"async\" src=\"https:\/\/analyse.optim.biz\/wp-content\/uploads\/2024\/09\/zdvhmdexn2mymgywowm0owyxymiyyzgwzmm3njgzzge-thumb_.jpg\" data-skip-htmlfix=\"1\" title=\"zdvhmdexn2mymgywowm0owyxymiyyzgwzmm3njgzzge-thumb_\"><\/p>\n<p data-index=\"2\"><strong>Actualizare 21.22<\/strong>. Ceremonia de \u00eenvestire a lui Darius V\u00e2lcov a fost programat\u0103 pentru joi la ora 11:00, potrivit unui comunicat al Administra\u021biei Preziden\u021biale.<\/p>\n<p data-index=\"3\">_________________<\/p>\n<p data-index=\"4\">\u201e<span>Stimate domnule Pre\u0219edinte, c<\/span>a urmare a prelungirii evenimentelor prev\u0103zute \u00een agenda de ast\u0103zi, 27 august, peste programul stabilit, v\u0103 rog s\u0103 reprograma\u021bi ceremonia de depunere a jur\u0103m\u00e2ntului pentru dl. Darius-Bogdan V\u00e2lcov \u00een data de 28 august a.c., \u00een intervalul orar 9.00-12.00. Men\u021bionez c\u0103 dup\u0103 ora 12.00 voi fi plecat din \u021bar\u0103\u201d, se arat\u0103 \u00een scrisoarea premierului.<\/p>\n<p data-index=\"5\">Ceremonia, care trebuia s\u0103 aib\u0103 loc \u00een aceast\u0103 sear\u0103, la ora 18:00,<a href=\"https:\/\/www.digi24.ro\/Stiri\/Digi24\/Actualitate\/Politica\/Ceremonia+de+investire+a+lui+Darius+Valcov+se+amana+Presedintia+\" target=\"_blank\" data-skip-linkfix=\"1\" rel=\"noopener\"> a fost am\u00e2nat\u0103<\/a> deoarece premierul nu a ajuns la Cotroceni, deoarece evenimentele la care a participat s-au prelungit. El a spus c\u0103<a href=\"https:\/\/www.digi24.ro\/Stiri\/Digi24\/Actualitate\/Politica\/Victor+Ponta+O+sa+solicitam+un+alt+moment+daca+presedintelui+ii+\" target=\"_blank\" data-skip-linkfix=\"1\" rel=\"noopener\"> l-a desemnat pe vicepremierul Gabriel Oprea<\/a> s\u0103 participe la ceremonie.<\/p>\n<p data-index=\"6\">Pe de alt\u0103 parte, pre\u0219edintele a spus c\u0103 Guvernul a anun\u021bat cu doar 10 minute \u00eenainte de \u00eenceperea ceremoniei c\u0103 premierul nu mai particip\u0103 \u0219i c\u0103 <a href=\"https:\/\/www.digi24.ro\/Stiri\/Digi24\/Actualitate\/Politica\/Traian+Basescu+face+declaratii+de+presa+la+19+30\" target=\"_blank\" data-skip-linkfix=\"1\" rel=\"noopener\">ceremonia nu se va desf\u0103\u0219ura dec\u00e2t \u00een prezen\u021ba lui Victor Ponta<\/a>, deoarece acesta a dat semne c\u0103 nu este convins \u00een leg\u0103tur\u0103 cu numirea noului ministru.<\/p>\n<p data-index=\"7\">\u201e<span>Prin anularea prezen\u0163ei la ceremonia de depunere a jur\u0103m\u00e2ntului de \u00eenvestitur\u0103, domnul pre\u015fedinte Traian B\u0103sescu \u00een\u0163elege c\u0103 domnul prim-ministru Victor-Viorel Ponta ar putea s\u0103 nu mai sus\u0163in\u0103 propunerea domnului Darius-Bogdan V\u00e2lcov pentru func\u0163ia de ministru delegat pentru Buget\u201d, ar\u0103ta un comunicat al Administra\u021biei preziden\u021biale.\u00a0<\/span><\/p>\n<\/div>\n<p> Source URL: https:\/\/www.digi24.ro\/stiri\/actualitate\/politica\/ceremonia-de-investire-a-lui-darius-valcov-are-loc-astazi-scrisoarea-lui-v-ponta-catre-t-basescu-si-raspunsul-presedintelui-286210<\/p>\n","protected":false},"excerpt":{"rendered":"<p>Actualizare 21.22. Ceremonia de \u00eenvestire a lui Darius V\u00e2lcov a fost programat\u0103 pentru joi la ora 11:00, potrivit unui comunicat al Administra\u021biei Preziden\u021biale. _________________ \u201eStimate domnule Pre\u0219edinte, ca urmare a prelungirii evenimentelor prev\u0103zute \u00een agenda de ast\u0103zi, 27 august, peste programul stabilit, v\u0103 rog s\u0103 reprograma\u021bi ceremonia de depunere a jur\u0103m\u00e2ntului pentru dl. Darius-Bogdan V\u00e2lcov [&hellip;]<\/p>\n","protected":false},"author":1,"featured_media":198459,"comment_status":"open","ping_status":"","sticky":false,"template":"","format":"standard","meta":{"footnotes":""},"categories":[2],"tags":[11],"class_list":["post-198458","post","type-post","status-publish","format-standard","has-post-thumbnail","hentry","category-politics","tag-digi24"],"_links":{"self":[{"href":"https:\/\/analyse.optim.biz\/index.php?rest_route=\/wp\/v2\/posts\/198458","targetHints":{"allow":["GET"]}}],"collection":[{"href":"https:\/\/analyse.optim.biz\/index.php?rest_route=\/wp\/v2\/posts"}],"about":[{"href":"https:\/\/analyse.optim.biz\/index.php?rest_route=\/wp\/v2\/types\/post"}],"author":[{"embeddable":true,"href":"https:\/\/analyse.optim.biz\/index.php?rest_route=\/wp\/v2\/users\/1"}],"replies":[{"embeddable":true,"href":"https:\/\/analyse.optim.biz\/index.php?rest_route=%2Fwp%2Fv2%2Fcomments&post=198458"}],"version-history":[{"count":0,"href":"https:\/\/analyse.optim.biz\/index.php?rest_route=\/wp\/v2\/posts\/198458\/revisions"}],"wp:featuredmedia":[{"embeddable":true,"href":"https:\/\/analyse.optim.biz\/index.php?rest_route=\/wp\/v2\/media\/198459"}],"wp:attachment":[{"href":"https:\/\/analyse.optim.biz\/index.php?rest_route=%2Fwp%2Fv2%2Fmedia&parent=198458"}],"wp:term":[{"taxonomy":"category","embeddable":true,"href":"https:\/\/analyse.optim.biz\/index.php?rest_route=%2Fwp%2Fv2%2Fcategories&post=198458"},{"taxonomy":"post_tag","embeddable":true,"href":"https:\/\/analyse.optim.biz\/index.php?rest_route=%2Fwp%2Fv2%2Ftags&post=198458"}],"curies":[{"name":"wp","href":"https:\/\/api.w.org\/{rel}","templated":true}]}}