{"id":198425,"date":"2014-08-28T03:25:39","date_gmt":"2014-08-28T00:25:39","guid":{"rendered":"https:\/\/analyse.optim.biz\/?p=198425"},"modified":"2014-08-28T03:25:39","modified_gmt":"2014-08-28T00:25:39","slug":"emil-boc-respinge-ideea-unei-legi-a-traseismului-situatia-actuala-a-administratiilor-locale","status":"publish","type":"post","link":"https:\/\/analyse.optim.biz\/?p=198425","title":{"rendered":"Emil Boc respinge ideea unei legi a traseismului. Situa\u021bia actual\u0103 a administra\u021biilor locale"},"content":{"rendered":"<div class=\"entry data-app-meta data-app-meta-article\" data-embed-base-url-canonical=\"https:\/\/www.digi24.ro\/embed\/stiri\/actualitate\/politica\/emil-boc-respinge-ideea-unei-legi-a-traseismului-situatia-actuala-a-administratiilor-locale-286246\">\n<p data-index=\"1\">Executivul justific\u0103 aceast\u0103 m\u0103sur\u0103 prin blocajul decizional al autorit\u0103\u0163ilor publice locale. Acestea nu pot forma majorit\u0103\u0163i. Motivul? Desfiin\u0163area Uniunii Social Liberale \u015fi \u00eenfiin\u0163area Alian\u0163ei Cre\u015ftin Liberale. \u00cen document se arat\u0103 c\u0103 &#8220;\u00een termen de 10 zile de la data intr\u0103rii \u00een vigoare a prezentei ordonan\u0163e de urgen\u0163\u0103, primarii \u015fi pre\u015fedin\u0163ii consiliilor jude\u0163ene, consilierii locali \u015fi consilierii jude\u0163eni \u00ee\u015fi pot exprima \u00een scris op\u0163iunea cu privire la partidul politic din care doresc s\u0103 fac\u0103 parte, f\u0103r\u0103 ca ale\u015fii locali respectivi s\u0103 \u00ee\u015fi piard\u0103 calitatea dob\u00e2ndit\u0103 \u00een urma alegerilor&#8221;.<\/p>\n<p data-index=\"2\">Opozi\u0163ia a contestat aceast\u0103 propunere \u015fi<a href=\"https:\/\/www.digi24.ro\/Stiri\/Digi24\/Actualitate\/Politica\/Traseism+legiferat+Opozitia+ameninta+cu+reclamatii+la+Bruxelles\" target=\"_blank\" data-skip-linkfix=\"1\" rel=\"noopener\"> a amenin\u0163at chiar cu sesizarea forurilor interna\u0163ionale.<\/a><\/p>\n<p data-index=\"3\">\u201eAsta e miza acelei ordonan\u0163e: de a putea aduce c\u00e2t mai mul\u021bi primari la PSD \u00een an de campanie electoral\u0103. (Jurnalist: V-ar avantaja? &#8211; n.r). Nu. Nu m\u0103 intereseaz\u0103\u201d, a declarat<strong> Emil Boc<\/strong>.<\/p>\n<p data-index=\"4\">\u201e<span>Deci e o porc\u0103rie aceast\u0103 ordonan\u021b\u0103 de urgen\u021b\u0103 care se preg\u0103te\u0219te, aceast\u0103 idee de a da dou\u0103 s\u0103pt\u0103m\u00e2ni tocmai pentru a se muta la partidul aflat la putere, pentru a primi bani. Solu\u021bia e descentralizare complet\u0103: banii, de la \u00eenceput, la primari!\u201d, spune <strong>Monica Macovei<\/strong>, membru PDL, candidat independent la alegerile preziden\u021biale.<\/span><\/p>\n<p data-index=\"5\">\u015ei al\u0163i consilieri jude\u0163eni, membri ai Alian\u0163ei Cre\u015ftin-Liberale, se declar\u0103 \u00eempotriva unei asemenea m\u0103suri.<\/p>\n<p data-index=\"6\">\u201e<span>Consider c\u0103 este o m\u0103sur\u0103 comunist\u0103. Dac\u0103 e\u0219ti ales consilier jude\u0163ean pe liste \u015fi esti ales de ni\u015fte cet\u0103\u0163eni care te cunosc, trebuie sa-i reprezin\u0163i acolo p\u00e2n\u0103 la cap\u0103t!&#8221;, spune <strong>Vasile Cortea, consilier jude\u021bean de la PNL Br\u0103ila<\/strong>.<\/span><\/p>\n<p data-index=\"7\">\u201e<span>Este o propunere prin care dumnealor \u00eencearc\u0103 s\u0103 fac\u0103 c\u00e2teva majorit\u0103\u0163i. De fapt fac ceea ce au \u00eenv\u0103\u0163at \u2013 fur\u0103\u201d, este de p\u0103rere <strong>Marian S\u00e2rbu, consilier jude\u021bean din partea PDL Br\u0103ila.<\/strong><\/span><\/p>\n<p data-index=\"8\">\u00cen urma alegerilor generale din 2012, Uniunea Social Liberal\u0103 a ob\u0163inut majorit\u0103\u0163i \u00een 38 de consilii jude\u0163ene. Lucrurile s-au schimbat, \u00eens\u0103, \u00een 2014, c\u00e2nd PNL a ie\u015fit de la guvernare. Majorit\u0103\u0163ile Partidului Social Democrat sunt \u00een pericol \u00een cazul a 15 consilii jude\u0163ene.<\/p>\n<p data-index=\"9\">Chiar dac\u0103 prevederea este at\u00e2t de contestat\u0103 de partidele din opozi\u0163ie, proiectul de ordonan\u0163\u0103 urmeaz\u0103 s\u0103 fie discutat \u00een \u015fedin\u0163\u0103 de guvern.<\/p>\n<p data-index=\"10\"><a href=\"https:\/\/www.digi24.ro\/Stiri\/Digi24\/Actualitate\/Politica\/Traian+Basescu+Fac+apel+la+Guvern+sa+nu+voteze+ordonanta+care+pe\" target=\"_blank\" data-skip-linkfix=\"1\" rel=\"noopener\">\u015eeful statului a cerut, miercuri seara, guvernului s\u0103 nu aprobe ordonan\u0163a ini\u0163iat\u0103 de Liviu Dragnea<\/a> care permite primarilor s\u0103 migreze de la un partid la altul f\u0103r\u0103 s\u0103-\u015fi piard\u0103 mandatul. Actul normativ este neconstitu\u0163ional, sus\u0163ine Traian B\u0103sescu.<a href=\"https:\/\/www.digi24.ro\/Stiri\/Digi24\/Actualitate\/Politica\/Proiect+Alesii+locali+au+zece+zile+la+dispozitie+sa+opteze+pentr\" target=\"_blank\" data-skip-linkfix=\"1\" rel=\"noopener\"> Textul ordonan\u0163ei<\/a> a fost publicat de Ministerul Dezvolt\u0103rii, iar surse politice spun c\u0103 ar urma s\u0103 treac\u0103 prin executiv chiar \u00een \u015fedin\u0163a de joi.<\/p>\n<p data-index=\"11\">\u201e<span>Dac\u0103 va fi emis, e un act care arat\u0103 spaima lui Ponta. El \u0219ie c\u0103 nu poate c\u00e2\u0219tiga alegerile preziden\u021biale \u0219i \u00eencearc\u0103 s\u0103 \u00ee\u0219i creeze avantaje incorecte cu zece s\u0103pt\u0103m\u00e2ni \u00eenaite de alegeri\u201d, a acuzat pre\u0219edintele.<\/span><\/p>\n<p data-index=\"12\">\u015eeful statului sus\u0163ine c\u0103 actul normativ care le va permite ale\u015filor locali s\u0103 se mute de la un partid la altul \u00eencalc\u0103 Legea fundamental\u0103. Este motivul pentru care i-a cerut Avocatului Poporului s\u0103 conteste ordonan\u0163a la Curtea Constitu\u0163ional\u0103, dac\u0103 va fi aprobat\u0103 de Executiv. \u00a0<\/p>\n<\/div>\n<p> Source URL: https:\/\/www.digi24.ro\/stiri\/actualitate\/politica\/emil-boc-respinge-ideea-unei-legi-a-traseismului-situatia-actuala-a-administratiilor-locale-286246<\/p>\n","protected":false},"excerpt":{"rendered":"<p>Executivul justific\u0103 aceast\u0103 m\u0103sur\u0103 prin blocajul decizional al autorit\u0103\u0163ilor publice locale. Acestea nu pot forma majorit\u0103\u0163i. Motivul? Desfiin\u0163area Uniunii Social Liberale \u015fi \u00eenfiin\u0163area Alian\u0163ei Cre\u015ftin Liberale. \u00cen document se arat\u0103 c\u0103 &#8220;\u00een termen de 10 zile de la data intr\u0103rii \u00een vigoare a prezentei ordonan\u0163e de urgen\u0163\u0103, primarii \u015fi pre\u015fedin\u0163ii consiliilor jude\u0163ene, consilierii locali \u015fi [&hellip;]<\/p>\n","protected":false},"author":1,"featured_media":198426,"comment_status":"open","ping_status":"","sticky":false,"template":"","format":"standard","meta":{"footnotes":""},"categories":[2],"tags":[11],"class_list":["post-198425","post","type-post","status-publish","format-standard","has-post-thumbnail","hentry","category-politics","tag-digi24"],"_links":{"self":[{"href":"https:\/\/analyse.optim.biz\/index.php?rest_route=\/wp\/v2\/posts\/198425","targetHints":{"allow":["GET"]}}],"collection":[{"href":"https:\/\/analyse.optim.biz\/index.php?rest_route=\/wp\/v2\/posts"}],"about":[{"href":"https:\/\/analyse.optim.biz\/index.php?rest_route=\/wp\/v2\/types\/post"}],"author":[{"embeddable":true,"href":"https:\/\/analyse.optim.biz\/index.php?rest_route=\/wp\/v2\/users\/1"}],"replies":[{"embeddable":true,"href":"https:\/\/analyse.optim.biz\/index.php?rest_route=%2Fwp%2Fv2%2Fcomments&post=198425"}],"version-history":[{"count":0,"href":"https:\/\/analyse.optim.biz\/index.php?rest_route=\/wp\/v2\/posts\/198425\/revisions"}],"wp:featuredmedia":[{"embeddable":true,"href":"https:\/\/analyse.optim.biz\/index.php?rest_route=\/wp\/v2\/media\/198426"}],"wp:attachment":[{"href":"https:\/\/analyse.optim.biz\/index.php?rest_route=%2Fwp%2Fv2%2Fmedia&parent=198425"}],"wp:term":[{"taxonomy":"category","embeddable":true,"href":"https:\/\/analyse.optim.biz\/index.php?rest_route=%2Fwp%2Fv2%2Fcategories&post=198425"},{"taxonomy":"post_tag","embeddable":true,"href":"https:\/\/analyse.optim.biz\/index.php?rest_route=%2Fwp%2Fv2%2Ftags&post=198425"}],"curies":[{"name":"wp","href":"https:\/\/api.w.org\/{rel}","templated":true}]}}