{"id":198414,"date":"2014-08-28T04:21:05","date_gmt":"2014-08-28T01:21:05","guid":{"rendered":"https:\/\/analyse.optim.biz\/?p=198414"},"modified":"2014-08-28T04:21:05","modified_gmt":"2014-08-28T01:21:05","slug":"udmr-vrea-autonomie-dupa-modelul-tirolului-de-sud","status":"publish","type":"post","link":"https:\/\/analyse.optim.biz\/?p=198414","title":{"rendered":"UDMR vrea autonomie dup\u0103 modelul Tirolului de Sud"},"content":{"rendered":"<div class=\"entry data-app-meta data-app-meta-article\" data-embed-base-url-canonical=\"https:\/\/www.digi24.ro\/embed\/stiri\/actualitate\/politica\/udmr-vrea-autonomie-dupa-modelul-tirolului-de-sud-286249\">\n<p data-index=\"1\">\u201e<span>Acest proiect seam\u0103n\u0103 foarte mult cu proiectul din Tirolul de Sud, care func\u021bioneaz\u0103 bine mersi din 1992 \u0219i nu se sperie italienii c\u0103 \u00een Tirolul de Sud exist\u0103 o autonomie. E o a 16-a regiune economic format\u0103 din cele trei jude\u021be. Nu se desfiin\u021beaz\u0103 jude\u021bele, ci formeaz\u0103 o regiune\u201d, a explicat<strong> Laszlo Borbely<\/strong>, membru UDMR.<\/span><\/p>\n<p data-index=\"2\">\u00cen viziunea UDMR, aceast\u0103 regiune ar urma s\u0103 fie condus\u0103 de un guvernator. \u201eEra vorba \u0219i de guvernatori ai regiunilor, da? Deci nu e o inven\u021bie nou\u0103\u201d, a spus Borbely.<\/p>\n<p data-index=\"3\"><strong>Tirolul de Sud<\/strong> este o regiune \u00eentre Austria \u015fi Italia, autoguvernat\u0103, alternativ, de un reprezentant al minorit\u0103\u0163ii de etnie german\u0103, respectiv al celei de etnie italian\u0103. De asemenea, \u00een regiune se aplic\u0103 principiul reprezent\u0103rii propor\u0163ionale a minorit\u0103\u0163ilor lingvistice \u00een administra\u0163ia local\u0103.<\/p>\n<\/div>\n<p> Source URL: https:\/\/www.digi24.ro\/stiri\/actualitate\/politica\/udmr-vrea-autonomie-dupa-modelul-tirolului-de-sud-286249<\/p>\n","protected":false},"excerpt":{"rendered":"<p>\u201eAcest proiect seam\u0103n\u0103 foarte mult cu proiectul din Tirolul de Sud, care func\u021bioneaz\u0103 bine mersi din 1992 \u0219i nu se sperie italienii c\u0103 \u00een Tirolul de Sud exist\u0103 o autonomie. E o a 16-a regiune economic format\u0103 din cele trei jude\u021be. Nu se desfiin\u021beaz\u0103 jude\u021bele, ci formeaz\u0103 o regiune\u201d, a explicat Laszlo Borbely, membru UDMR. [&hellip;]<\/p>\n","protected":false},"author":1,"featured_media":198415,"comment_status":"open","ping_status":"","sticky":false,"template":"","format":"standard","meta":{"footnotes":""},"categories":[2],"tags":[11],"class_list":["post-198414","post","type-post","status-publish","format-standard","has-post-thumbnail","hentry","category-politics","tag-digi24"],"_links":{"self":[{"href":"https:\/\/analyse.optim.biz\/index.php?rest_route=\/wp\/v2\/posts\/198414","targetHints":{"allow":["GET"]}}],"collection":[{"href":"https:\/\/analyse.optim.biz\/index.php?rest_route=\/wp\/v2\/posts"}],"about":[{"href":"https:\/\/analyse.optim.biz\/index.php?rest_route=\/wp\/v2\/types\/post"}],"author":[{"embeddable":true,"href":"https:\/\/analyse.optim.biz\/index.php?rest_route=\/wp\/v2\/users\/1"}],"replies":[{"embeddable":true,"href":"https:\/\/analyse.optim.biz\/index.php?rest_route=%2Fwp%2Fv2%2Fcomments&post=198414"}],"version-history":[{"count":0,"href":"https:\/\/analyse.optim.biz\/index.php?rest_route=\/wp\/v2\/posts\/198414\/revisions"}],"wp:featuredmedia":[{"embeddable":true,"href":"https:\/\/analyse.optim.biz\/index.php?rest_route=\/wp\/v2\/media\/198415"}],"wp:attachment":[{"href":"https:\/\/analyse.optim.biz\/index.php?rest_route=%2Fwp%2Fv2%2Fmedia&parent=198414"}],"wp:term":[{"taxonomy":"category","embeddable":true,"href":"https:\/\/analyse.optim.biz\/index.php?rest_route=%2Fwp%2Fv2%2Fcategories&post=198414"},{"taxonomy":"post_tag","embeddable":true,"href":"https:\/\/analyse.optim.biz\/index.php?rest_route=%2Fwp%2Fv2%2Ftags&post=198414"}],"curies":[{"name":"wp","href":"https:\/\/api.w.org\/{rel}","templated":true}]}}