{"id":198403,"date":"2014-08-28T11:23:49","date_gmt":"2014-08-28T08:23:49","guid":{"rendered":"https:\/\/analyse.optim.biz\/?p=198403"},"modified":"2014-08-28T11:23:49","modified_gmt":"2014-08-28T08:23:49","slug":"traian-basescu-lui-darius-valcov-va-rog-sa-fiti-un-ministru-al-bugetului-romaniei-nu-al-bugetului-unor-interese-electorale","status":"publish","type":"post","link":"https:\/\/analyse.optim.biz\/?p=198403","title":{"rendered":"Traian B\u0103sescu, lui Darius V\u00e2lcov: V\u0103 rog s\u0103 fi\u0163i un ministru al bugetului Rom\u00e2niei, nu al bugetului unor interese electorale"},"content":{"rendered":"<div class=\"entry data-app-meta data-app-meta-article\" data-embed-base-url-canonical=\"https:\/\/www.digi24.ro\/embed\/stiri\/actualitate\/politica\/traian-basescu-lui-darius-valcov-va-rog-sa-fiti-un-ministru-al-bugetului-romaniei-nu-al-bugetului-unor-interese-electorale-286352\">\n<p data-index=\"1\">\u201ePrelua\u0163i un portofoliu extrem de greu, dac\u0103 avem \u00een vedere obliga\u0163iile asumate de Rom\u00e2nia.<\/p>\n<p data-index=\"2\">Ca om care particip\u0103 la CE v\u0103 pot spune c\u0103 speran\u0163ele celor care se g\u00e2ndesc la schimbarea politicii de consolidare fiscal\u0103 \u00een UE sunt de\u015farte. La ultima \u015fedin\u0163\u0103 a CE s-a stabilit clar c\u0103 politicile de consolidare fiscal\u0103 r\u0103m\u00e2n integral valabile pentru toate statele Uniunii Europene. Dezbaterea a fost provocat\u0103 chiar de reprezentan\u0163i ai unor guverne socialiste. Concluzia a fost c\u0103 Europa nu are o alt\u0103 solu\u0163ie dec\u00e2t politicile de consolidare fiscal\u0103.<\/p>\n<p data-index=\"3\">V\u0103 transmit c\u0103teva dintre \u00eengrijor\u0103rile mele. Avem obliga\u0163ii asumate ca urmare a tratatului fiscal ratificat \u00een Parlament \u015fi a programelor de reform\u0103 transmise de guvern c\u0103tre CE \u015fi adoptate de comisie.<\/p>\n<p data-index=\"4\">Avem obliga\u0163ii legate de realizarea criteriilor din tratatul fiscal, m\u0103 refer la MTO, cofinan\u0163area pentru fondurile europene. Toate acestea creeaz\u0103 un sentiment al unui impas \u00een rela\u0163iile dintre rom\u00e2nia \u015fi FMI, \u015fi implicit CE \u015fi BM.<\/p>\n<p data-index=\"5\">Vreau s\u0103 \u015ftiti de la un om care \u015ftie foarte bine acet lucru, dac\u0103 Rom\u00e2nia nu \u00ee\u015fi va respect\u0103 angajamentele, riscul de derapaj eocnomic e major.<\/p>\n<p data-index=\"6\">V\u0103 rog s\u0103 fi\u0163i un ministru al bugetului Rom\u00e2niei, nu un ministru al bugetului unor interese electorale.<\/p>\n<p data-index=\"7\">V\u0103 cunosc de mult, \u015ftiu c\u0103 sunte\u0163i un om hot\u0103r\u00e2t \u015fi sper s\u0103 pune\u0163i interesele Rom\u00e2niei asupra oric\u0103ror altor interese. Dac\u0103 vreodat\u0103 ve\u0163i considera necesar s\u0103 m\u0103 consulta\u0163i cu privire la diverse lucruri care privesc activitatea ministerului dumneavoastr\u0103, face\u0163i-o! \u00cen mod cert ve\u0163i avea ce afla de la mine!\u201d, a transmis Traian B\u0103sescu, la ceremonie.<\/p>\n<\/div>\n<p> Source URL: https:\/\/www.digi24.ro\/stiri\/actualitate\/politica\/traian-basescu-lui-darius-valcov-va-rog-sa-fiti-un-ministru-al-bugetului-romaniei-nu-al-bugetului-unor-interese-electorale-286352<\/p>\n","protected":false},"excerpt":{"rendered":"<p>\u201ePrelua\u0163i un portofoliu extrem de greu, dac\u0103 avem \u00een vedere obliga\u0163iile asumate de Rom\u00e2nia. Ca om care particip\u0103 la CE v\u0103 pot spune c\u0103 speran\u0163ele celor care se g\u00e2ndesc la schimbarea politicii de consolidare fiscal\u0103 \u00een UE sunt de\u015farte. La ultima \u015fedin\u0163\u0103 a CE s-a stabilit clar c\u0103 politicile de consolidare fiscal\u0103 r\u0103m\u00e2n integral valabile [&hellip;]<\/p>\n","protected":false},"author":1,"featured_media":198404,"comment_status":"open","ping_status":"","sticky":false,"template":"","format":"standard","meta":{"footnotes":""},"categories":[2],"tags":[11],"class_list":["post-198403","post","type-post","status-publish","format-standard","has-post-thumbnail","hentry","category-politics","tag-digi24"],"_links":{"self":[{"href":"https:\/\/analyse.optim.biz\/index.php?rest_route=\/wp\/v2\/posts\/198403","targetHints":{"allow":["GET"]}}],"collection":[{"href":"https:\/\/analyse.optim.biz\/index.php?rest_route=\/wp\/v2\/posts"}],"about":[{"href":"https:\/\/analyse.optim.biz\/index.php?rest_route=\/wp\/v2\/types\/post"}],"author":[{"embeddable":true,"href":"https:\/\/analyse.optim.biz\/index.php?rest_route=\/wp\/v2\/users\/1"}],"replies":[{"embeddable":true,"href":"https:\/\/analyse.optim.biz\/index.php?rest_route=%2Fwp%2Fv2%2Fcomments&post=198403"}],"version-history":[{"count":0,"href":"https:\/\/analyse.optim.biz\/index.php?rest_route=\/wp\/v2\/posts\/198403\/revisions"}],"wp:featuredmedia":[{"embeddable":true,"href":"https:\/\/analyse.optim.biz\/index.php?rest_route=\/wp\/v2\/media\/198404"}],"wp:attachment":[{"href":"https:\/\/analyse.optim.biz\/index.php?rest_route=%2Fwp%2Fv2%2Fmedia&parent=198403"}],"wp:term":[{"taxonomy":"category","embeddable":true,"href":"https:\/\/analyse.optim.biz\/index.php?rest_route=%2Fwp%2Fv2%2Fcategories&post=198403"},{"taxonomy":"post_tag","embeddable":true,"href":"https:\/\/analyse.optim.biz\/index.php?rest_route=%2Fwp%2Fv2%2Ftags&post=198403"}],"curies":[{"name":"wp","href":"https:\/\/api.w.org\/{rel}","templated":true}]}}