{"id":198392,"date":"2014-08-28T11:48:27","date_gmt":"2014-08-28T08:48:27","guid":{"rendered":"https:\/\/analyse.optim.biz\/?p=198392"},"modified":"2014-08-28T11:48:27","modified_gmt":"2014-08-28T08:48:27","slug":"video-schimbul-de-priviri-dintre-traian-basescu-si-victor-ponta-la-ceremonia-de-la-cotroceni","status":"publish","type":"post","link":"https:\/\/analyse.optim.biz\/?p=198392","title":{"rendered":"VIDEO. Schimbul de priviri dintre Traian B\u0103sescu \u015fi Victor Ponta, la ceremonia de la Cotroceni"},"content":{"rendered":"<div class=\"entry data-app-meta data-app-meta-article\" data-embed-base-url-canonical=\"https:\/\/www.digi24.ro\/embed\/stiri\/actualitate\/politica\/video-schimbul-de-priviri-dintre-traian-basescu-si-victor-ponta-la-ceremonia-de-la-cotroceni-286368\">\n<p data-index=\"1\">Prezen\u0163a premierului a fost\u00a0<strong><a href=\"https:\/\/www.digi24.ro\/Stiri\/Digi24\/Actualitate\/Politica\/Ceremonia+de+investire+a+lui+Darius+Vacov+Scrisoarea+lui+Victor+\" target=\"_blank\" data-skip-linkfix=\"1\" rel=\"noopener\">solicitat\u0103 ieri de pre\u015fedinte<\/a><a href=\"https:\/\/www.digi24.ro\/Stiri\/Digi24\/Actualitate\/Politica\/Ceremonia+de+investire+a+lui+Darius+Vacov+Scrisoarea+lui+Victor+\" target=\"_blank\" data-skip-linkfix=\"1\" rel=\"noopener\">,<\/a><\/strong> care a subliniat c\u0103 ceremonia nu se va desf\u0103\u015fura dec\u00e2t \u00een condi\u0163iile \u00een care \u015fi Victor Ponta va fi de fa\u0163\u0103.<\/p>\n<p data-index=\"2\">\u201eO s\u0103 solicit\u0103m alt moment \u0219i dac\u0103 \u00eei e at\u00e2t de drag de mine pre\u0219edintelui s\u0103 merg la studioul de cinematografie Cotroceni, o s\u0103 m\u0103 duc. <a href=\"https:\/\/www.digi24.ro\/Stiri\/Digi24\/Actualitate\/Politica\/Victor+Ponta+O+sa+solicitam+un+alt+moment+daca+presedintelui+ii+\" target=\"_blank\" data-skip-linkfix=\"1\" rel=\"noopener\"><strong>Nu \u0219tiam c\u0103-i sunt at\u00e2t de drag<\/strong><\/a>\u201d, a fost r\u0103spunsul ironic al lui Victor Ponta.<\/p>\n<p data-index=\"3\">\u201e<span>Stimate domnule Pre\u0219edinte, c<\/span>a urmare a prelungirii evenimentelor prev\u0103zute \u00een agenda de ast\u0103zi, 27 august, peste programul stabilit, v\u0103 rog s\u0103 reprograma\u021bi ceremonia de depunere a jur\u0103m\u00e2ntului pentru dl. Darius-Bogdan V\u00e2lcov \u00een data de 28 august a.c., \u00een intervalul orar 9.00-12.00. Men\u021bionez c\u0103 dup\u0103 ora 12.00 voi fi plecat din \u021bar\u0103\u201d, se arat\u0103 \u00een scrisoarea premierului.<\/p>\n<p data-index=\"4\">Ceremonia, care trebuia s\u0103 aib\u0103 loc \u00een aceast\u0103 sear\u0103, la ora 18:00, a fost am\u00e2nat\u0103deoarece premierul nu a ajuns la Cotroceni, deoarece evenimentele la care a participat s-au prelungit. El a spus c\u0103\u00a0l-a desemnat pe vicepremierul Gabriel Oprea s\u0103 participe la ceremonie.<\/p>\n<p data-index=\"5\">Pe de alt\u0103 parte, pre\u0219edintele a spus c\u0103 Guvernul a anun\u021bat cu doar 10 minute \u00eenainte de \u00eenceperea ceremoniei c\u0103 premierul nu mai particip\u0103 \u0219i c\u0103 ceremonia nu se va desf\u0103\u0219ura dec\u00e2t \u00een prezen\u021ba lui Victor Ponta, deoarece acesta a dat semne c\u0103 nu este convins \u00een leg\u0103tur\u0103 cu numirea noului ministru.<\/p>\n<\/div>\n<p> Source URL: https:\/\/www.digi24.ro\/stiri\/actualitate\/politica\/video-schimbul-de-priviri-dintre-traian-basescu-si-victor-ponta-la-ceremonia-de-la-cotroceni-286368<\/p>\n","protected":false},"excerpt":{"rendered":"<p>Prezen\u0163a premierului a fost\u00a0solicitat\u0103 ieri de pre\u015fedinte, care a subliniat c\u0103 ceremonia nu se va desf\u0103\u015fura dec\u00e2t \u00een condi\u0163iile \u00een care \u015fi Victor Ponta va fi de fa\u0163\u0103. \u201eO s\u0103 solicit\u0103m alt moment \u0219i dac\u0103 \u00eei e at\u00e2t de drag de mine pre\u0219edintelui s\u0103 merg la studioul de cinematografie Cotroceni, o s\u0103 m\u0103 duc. Nu [&hellip;]<\/p>\n","protected":false},"author":1,"featured_media":198393,"comment_status":"open","ping_status":"","sticky":false,"template":"","format":"standard","meta":{"footnotes":""},"categories":[2],"tags":[11],"class_list":["post-198392","post","type-post","status-publish","format-standard","has-post-thumbnail","hentry","category-politics","tag-digi24"],"_links":{"self":[{"href":"https:\/\/analyse.optim.biz\/index.php?rest_route=\/wp\/v2\/posts\/198392","targetHints":{"allow":["GET"]}}],"collection":[{"href":"https:\/\/analyse.optim.biz\/index.php?rest_route=\/wp\/v2\/posts"}],"about":[{"href":"https:\/\/analyse.optim.biz\/index.php?rest_route=\/wp\/v2\/types\/post"}],"author":[{"embeddable":true,"href":"https:\/\/analyse.optim.biz\/index.php?rest_route=\/wp\/v2\/users\/1"}],"replies":[{"embeddable":true,"href":"https:\/\/analyse.optim.biz\/index.php?rest_route=%2Fwp%2Fv2%2Fcomments&post=198392"}],"version-history":[{"count":0,"href":"https:\/\/analyse.optim.biz\/index.php?rest_route=\/wp\/v2\/posts\/198392\/revisions"}],"wp:featuredmedia":[{"embeddable":true,"href":"https:\/\/analyse.optim.biz\/index.php?rest_route=\/wp\/v2\/media\/198393"}],"wp:attachment":[{"href":"https:\/\/analyse.optim.biz\/index.php?rest_route=%2Fwp%2Fv2%2Fmedia&parent=198392"}],"wp:term":[{"taxonomy":"category","embeddable":true,"href":"https:\/\/analyse.optim.biz\/index.php?rest_route=%2Fwp%2Fv2%2Fcategories&post=198392"},{"taxonomy":"post_tag","embeddable":true,"href":"https:\/\/analyse.optim.biz\/index.php?rest_route=%2Fwp%2Fv2%2Ftags&post=198392"}],"curies":[{"name":"wp","href":"https:\/\/api.w.org\/{rel}","templated":true}]}}