{"id":198381,"date":"2014-08-28T12:26:47","date_gmt":"2014-08-28T09:26:47","guid":{"rendered":"https:\/\/analyse.optim.biz\/?p=198381"},"modified":"2014-08-28T12:26:47","modified_gmt":"2014-08-28T09:26:47","slug":"oug-privind-migratia-primarilor-a-fost-adoptata-victor-ponta-primarii-si-consilierii-nu-sunt-sclavi-pe-mosia-lui-blaga-si-iohannis-pot-sa-fie-liberi","status":"publish","type":"post","link":"https:\/\/analyse.optim.biz\/?p=198381","title":{"rendered":"OUG privind migra\u0163ia primarilor a fost adoptat\u0103.\u00a0Victor Ponta: \u201ePrimarii \u0219i consilierii nu sunt sclavi pe mo\u0219ia lui Blaga \u0219i Iohannis, pot s\u0103 fie liberi\u201d"},"content":{"rendered":"<div class=\"entry data-app-meta data-app-meta-article\" data-embed-base-url-canonical=\"https:\/\/www.digi24.ro\/embed\/stiri\/actualitate\/politica\/oug-privind-migratia-primarilor-a-fost-adoptata-victor-ponta-primarii-si-consilierii-nu-sunt-sclavi-pe-mosia-lui-blaga-si-iohannis-pot-sa-fie-liberi-286393\">\n<p data-index=\"1\"><strong>Actualizare 13:00:<\/strong> Ordonan\u021ba de Urgen\u021b\u0103 care permite migra\u0163ia ale\u015filor locali pentru 45 de zile f\u0103r\u0103 ca ace\u015ftia s\u0103-\u015fi piard\u0103 mandatul a fost adoptat\u0103 de Guvern.\u00a0<\/p>\n<hr>\n<p data-index=\"2\">\u201eAvem azi \u0219i ordonan\u021ba cu ale\u0219ii locali. Eu \u00eemi asum. Cred c\u0103 trebuie s\u0103 debloc\u0103m activitatea autorit\u0103\u021bilor locale \u0219i mai trebuie s\u0103 facem \u0219i un pic de dreptate, c\u0103 nu cine strig\u0103 mai tare are dreptate. To\u021bi ale\u0219ii locali din Rom\u00e2nia, \u00een 2012, au fost ale\u0219i USL cu Crin Antonescu \u0219i Victor Ponta l\u00e2ng\u0103 ei \u0219i azi s-au trezit cu PDL-i\u0219i cu Blaga \u0219i cu Iohannis\u201d, a declarat Victor Ponta \u00een \u0219edin\u021ba de Guvern.<\/p>\n<p data-index=\"3\">\u201eC\u00e2t o s\u0103 fie termenul? Exact ca \u00een legea lor, 45 de zile. (Primarii) pot s\u0103 fie independen\u021bi, pot s\u0103 r\u0103m\u00e2n\u0103 unde sunt sau pot s\u0103 \u00ee\u0219i respecte aleg\u0103torii. Important e c\u0103 vreau s\u0103 debloc\u0103m activitatea autorit\u0103\u021bilor locale \u0219i, repet, vreau s\u0103 facem \u0219i un pic de dreptate \u201d, a men\u021bionat \u0219eful Executivului.<\/p>\n<p data-index=\"4\">\u201eNu sunt sclavii, primarii \u0219i consilierii nu sunt sclavi pe mo\u0219ia lui Blaga \u0219i Iohannis, pot s\u0103 fie liberi \u0219i pot s\u0103-\u0219i serveasc\u0103 doar aleg\u0103rorii \u0219i nimic altceva\u201d, a mai spus Victor Ponta.<\/p>\n<p data-index=\"5\">\u00cen proiectul ini\u021bial al OUG, termenul pentru ca primarii s\u0103 poate s\u0103 schimbe partidul f\u0103r\u0103 sanc\u021biuni era de 10 zile.<\/p>\n<h5><a href=\"https:\/\/www.digi24.ro\/Stiri\/Digi24\/Actualitate\/Politica\/Traian+Basescu+Ordonanta+de+urgenta+care+modifica+BEC+este+necon\" data-skip-linkfix=\"1\">Traian B\u0103sescu: Ordonan\u021ba de urgen\u021b\u0103 care modific\u0103 BEC este neconstitu\u021bional\u0103. Avocatul Poporului saboteaz\u0103 democra\u021bia<\/a><\/h5>\n<p data-index=\"6\">Traian B\u0103sescu a f\u0103cut, ieri, un apel prin care a \u00eendemnat Guvernul la responsabilitate \u0219i, prin urmare, s\u0103 nu emit\u0103 ordonan\u0163a de urgen\u0163\u0103 referitoare la transferul primarilor. De asmenea, \u0219eful statului a cerut Avocatului Poporului, pe care l-a acuzat de \u201esabotarea democra\u0163iei\u201d, s\u0103 o atace la Curtea Constitu\u021bional\u0103 dac\u0103 ordonan\u0163a va fi aprobat\u0103.<\/p>\n<h5><a href=\"https:\/\/www.digi24.ro\/Stiri\/Digi24\/Actualitate\/Stiri\/Ambasada+SUA+critica+ordonanta+traseismului+alesilor+locali+Sunt\" data-skip-linkfix=\"1\">Ambasada SUA: \u201eSuntem \u00eengrijora\u0163i \u00een leg\u0103tur\u0103 cu momentul ales\u201d<\/a><\/h5>\n<p data-index=\"7\">\u201eAm auzit argumente pro \u015fi contra ordonan\u0163ei propuse cu privire la ale\u015fii locali. Suntem \u00eengrijora\u0163i \u00een leg\u0103tur\u0103 cu momentul ales. Ne-am exprimat \u00een trecut \u00eengrijorarea privind legiferarea unor chestiuni complexe prin ordonan\u0163e de urgen\u0163\u0103 \u015fi credem c\u0103 m\u0103surile de acest fel ar trebui discutate \u00een cadrul unui proces legislativ deschis \u015fi transparent care permite organizarea unei dezbateri la care s\u0103 poat\u0103 participa liber toate partidele politice, societatea civil\u0103 \u015fi toate p\u0103r\u0163ile interesate\u201d, se arat\u0103 \u00eentr-un comunicat transmis de Ambasada SUA.<\/p>\n<h5><a href=\"https:\/\/www.digi24.ro\/Stiri\/Digi24\/Actualitate\/Politica\/Manifestatie+a+Aliantei+Crestin-Liberale+fata+de+legalizarea+tra\" data-skip-linkfix=\"1\">Protestul Alian\u021bei Cre\u0219tin-Liberale\u00a0<\/a><\/h5>\n<p data-index=\"8\">Aproximativ 250 de persoane, \u00eentre care liderii PNL \u015fi PDL, \u00een frunte cu Klaus Iohhanis \u015fi\u00a0Vasile Blaga, au participat ast\u0103zi la un miting organizat de ACL \u00een Pia\u0163a Victoriei, \u00een semn de protest fa\u0163\u0103 de Ordonan\u0163a de Urgen\u0163\u0103 a Guvernului privind migra\u0163ia ale\u015filor locali.\u00a0 Pre\u015fedintele PNL,\u00a0Klaus Iohannis, a declarat c\u0103 adoptarea OUG privind migra\u0163ia primarilor avantajeaz\u0103 PSD la preziden\u0163iale, preciz\u00e2nd c\u0103 e o \u201eb\u0103taie de joc\u201d fa\u0163\u0103 de votul dat la alegerile locale, unde s-a ales pe criterii politice \u015fi nu de \u201efrizur\u0103\u201d.<\/p>\n<h5><a href=\"https:\/\/www.digi24.ro\/Stiri\/Digi24\/Actualitate\/Politica\/Ordonanta+traseismului+adoptata+Politolog+Se+spune+cat+se+poate+\" data-skip-linkfix=\"1\">Politologul Andrei \u021a\u0103ranu: \u201eSe spune c\u00e2t se poate de cinic: oferim bani doar celor care sunt \u00een barca noastr\u0103\u201d<\/a><\/h5>\n<p data-index=\"9\">Anali\u0219tii politici critic\u0103 adoptarea ordonan\u021bei de urgen\u021b\u0103\u00a0care legalizeaz\u0103 traseismul politic la nivelul primarilor \u0219i al pre\u0219edin\u021bilor de consilii jude\u021bene. Andrei \u021a\u0103ranu a spus c\u0103 acum se ofer\u0103 pe fa\u021b\u0103 mai mul\u021bi bani celor care sunt \u201e\u00een barca noastr\u0103\u201d. Ion Bogdan Lefter a precizat c\u0103 cei \u00een cauz\u0103 fac calcule \u0219i despre o \u00eenfr\u00e2ngere a lui Victor Ponta la preziden\u021biale, apoi vor decide dac\u0103 vor schimba partidul.<\/p>\n<h5><a href=\"https:\/\/www.digi24.ro\/Stiri\/Digi24\/Actualitate\/Politica\/VIDEO+Avocatul+Poporului+prins+pe+picior+gresit+Victor+Ciorbea+N\" data-skip-linkfix=\"1\">VIDEO. Avocatul Poporului, prins pe picior gre\u015fit. Victor Ciorbea: Nu \u015ftiam c\u0103 OUG privind ale\u015fii locali a fost adoptat\u0103<\/a><\/h5>\n<p data-index=\"10\">Avocatul Poporului, Victor Ciorbea, a declarat ast\u0103zi c\u0103 a\u015fteapt\u0103 s\u0103 vad\u0103 textul ordonan\u0163ei privind traseismul politic al ale\u015filor locali. Ciorbea nu \u015ftia c\u0103\u00a0textul fusese adoptat\u00a0\u00een urm\u0103 cu mai bine de o or\u0103 \u00eenainte ca el s\u0103 dea declara\u0163ii jurnali\u015ftilor.<\/p>\n<h5><a href=\"https:\/\/www.digi24.ro\/Stiri\/Digi24\/Actualitate\/Politica\/Traseism+politic+legalizat+de+Guvern+Liviu+Dragnea+Nu+este+absol\" data-skip-linkfix=\"1\">Liviu Dragnea: \u201eNu este absolut nimic nedemocratic \u00een aceast\u0103 ordonan\u021b\u0103\u201d<\/a><\/h5>\n<p data-index=\"11\">Liviu Dragnea a declarat \u00eentr-o conferin\u021b\u0103 de pres\u0103 c\u0103 \u201enu este absolut nimic nedemocratic\u201d \u00een ordonan\u021ba de urgen\u021b\u0103 prin care a fost legalizat traseismul la nivelul administra\u021biei publice locale. Vicepremierul a oferit c\u00e2teva exemplu \u00een care, din cauza schimb\u0103rilor din consilii locale sau jude\u021bene, unele poriecte nu au mai putut fi aprobate.<\/p>\n<\/div>\n<p> Source URL: https:\/\/www.digi24.ro\/stiri\/actualitate\/politica\/oug-privind-migratia-primarilor-a-fost-adoptata-victor-ponta-primarii-si-consilierii-nu-sunt-sclavi-pe-mosia-lui-blaga-si-iohannis-pot-sa-fie-liberi-286393<\/p>\n","protected":false},"excerpt":{"rendered":"<p>Actualizare 13:00: Ordonan\u021ba de Urgen\u021b\u0103 care permite migra\u0163ia ale\u015filor locali pentru 45 de zile f\u0103r\u0103 ca ace\u015ftia s\u0103-\u015fi piard\u0103 mandatul a fost adoptat\u0103 de Guvern.\u00a0 \u201eAvem azi \u0219i ordonan\u021ba cu ale\u0219ii locali. Eu \u00eemi asum. Cred c\u0103 trebuie s\u0103 debloc\u0103m activitatea autorit\u0103\u021bilor locale \u0219i mai trebuie s\u0103 facem \u0219i un pic de dreptate, c\u0103 nu [&hellip;]<\/p>\n","protected":false},"author":1,"featured_media":198382,"comment_status":"open","ping_status":"","sticky":false,"template":"","format":"standard","meta":{"footnotes":""},"categories":[2],"tags":[11],"class_list":["post-198381","post","type-post","status-publish","format-standard","has-post-thumbnail","hentry","category-politics","tag-digi24"],"_links":{"self":[{"href":"https:\/\/analyse.optim.biz\/index.php?rest_route=\/wp\/v2\/posts\/198381","targetHints":{"allow":["GET"]}}],"collection":[{"href":"https:\/\/analyse.optim.biz\/index.php?rest_route=\/wp\/v2\/posts"}],"about":[{"href":"https:\/\/analyse.optim.biz\/index.php?rest_route=\/wp\/v2\/types\/post"}],"author":[{"embeddable":true,"href":"https:\/\/analyse.optim.biz\/index.php?rest_route=\/wp\/v2\/users\/1"}],"replies":[{"embeddable":true,"href":"https:\/\/analyse.optim.biz\/index.php?rest_route=%2Fwp%2Fv2%2Fcomments&post=198381"}],"version-history":[{"count":0,"href":"https:\/\/analyse.optim.biz\/index.php?rest_route=\/wp\/v2\/posts\/198381\/revisions"}],"wp:featuredmedia":[{"embeddable":true,"href":"https:\/\/analyse.optim.biz\/index.php?rest_route=\/wp\/v2\/media\/198382"}],"wp:attachment":[{"href":"https:\/\/analyse.optim.biz\/index.php?rest_route=%2Fwp%2Fv2%2Fmedia&parent=198381"}],"wp:term":[{"taxonomy":"category","embeddable":true,"href":"https:\/\/analyse.optim.biz\/index.php?rest_route=%2Fwp%2Fv2%2Fcategories&post=198381"},{"taxonomy":"post_tag","embeddable":true,"href":"https:\/\/analyse.optim.biz\/index.php?rest_route=%2Fwp%2Fv2%2Ftags&post=198381"}],"curies":[{"name":"wp","href":"https:\/\/api.w.org\/{rel}","templated":true}]}}