{"id":198370,"date":"2014-08-28T12:59:08","date_gmt":"2014-08-28T09:59:08","guid":{"rendered":"https:\/\/analyse.optim.biz\/?p=198370"},"modified":"2014-08-28T12:59:08","modified_gmt":"2014-08-28T09:59:08","slug":"manifestatie-a-aliantei-crestin-liberale-fata-de-legalizarea-traseismului-politic-a-primarilor","status":"publish","type":"post","link":"https:\/\/analyse.optim.biz\/?p=198370","title":{"rendered":"Manifesta\u021bie a Alian\u021bei Cre\u0219tin-Liberale fa\u021b\u0103 de legalizarea traseismului politic a primarilor"},"content":{"rendered":"<div class=\"entry data-app-meta data-app-meta-article\" data-embed-base-url-canonical=\"https:\/\/www.digi24.ro\/embed\/stiri\/actualitate\/politica\/manifestatie-a-aliantei-crestin-liberale-fata-de-legalizarea-traseismului-politic-a-primarilor-286415\">\n<p data-index=\"1\">Reprezentan\u021bii opozi\u021biei au spus c\u0103 aceast\u0103 ordonan\u021b\u0103 va face r\u0103u Rom\u00e2niei \u0219i c\u0103 Victor Ponta se preg\u0103te\u0219te s\u0103 fraudeze alegerile preziden\u021biale din aceast\u0103 toamn\u0103.\u00a0De asemenea, ei au spus c\u0103 au informat ambasadele occidentale.<\/p>\n<p data-index=\"2\">Mitingul nu a fost lipsit de confort, manifestan\u021bii au stat pe scaune \u0219i, \u00een mod ironic, a fost adus\u0103 \u0219i o ma\u0219in\u0103 de f\u0103cut popcorn, asta doarece premierul a declarat <a href=\"https:\/\/www.digi24.ro\/Stiri\/Digi24\/Actualitate\/Politica\/Victor+Ponta+primul+tur+dezbateri+popcorn+racoritoare\" target=\"_blank\" data-skip-linkfix=\"1\" rel=\"noopener\">\u00een urm\u0103 cu c\u00e2teva zile<\/a> c\u0103 nu va participa la dezbaterile din primul tur \u0219i c\u0103 se va uita la ele cu popcorn \u0219i cu o r\u0103coritare.\u00a0<\/p>\n<p data-index=\"3\">\u201e<span>Eu sunt foarte \u00eengrijorat, discut\u00e2nd cu primarii, aflu de noi \u015fi noi cazuri \u00een care se fac presiuni asupra lor, aceast\u0103 presiune dublat\u0103 de legalizarea traseismului este un real pericol pentru stabilizarea administra\u021biei locale. Este o b\u0103taie de joc la adresa votului dat \u00een administra\u021biile locale\u201d, a declarat <strong>Klaus Iohannis<\/strong>, pre\u015fedintele PNL.<\/span><\/p>\n<h5><a href=\"https:\/\/www.digi24.ro\/Stiri\/Digi24\/Actualitate\/Politica\/Victor+Ponta+OUG+migratie+primari\" data-skip-linkfix=\"1\"><span>Victor Ponta: \u201ePrimarii \u0219i consilierii nu sunt sclavi pe mo\u0219ia lui Blaga \u0219i Iohannis, pot s\u0103 fie liberi\u201d<\/span><\/a><\/h5>\n<p data-index=\"4\">Victor Ponta a declarat la \u00eenceputul \u015fedin\u0163ei Guvernului c\u0103 \u00ee\u015fi asum\u0103 Ordonan\u021ba de Urgen\u021b\u0103 privind migra\u0163ia primarilor, pentru c\u0103 \u201etrebuie s\u0103 facem un pic de dreptate\u201d. Premierul a precizat c\u0103 termenul \u00een care ale\u015fii locali \u00ee\u015fi pot alege partidul va fi de 45 de zile.<\/p>\n<\/div>\n<p> Source URL: https:\/\/www.digi24.ro\/stiri\/actualitate\/politica\/manifestatie-a-aliantei-crestin-liberale-fata-de-legalizarea-traseismului-politic-a-primarilor-286415<\/p>\n","protected":false},"excerpt":{"rendered":"<p>Reprezentan\u021bii opozi\u021biei au spus c\u0103 aceast\u0103 ordonan\u021b\u0103 va face r\u0103u Rom\u00e2niei \u0219i c\u0103 Victor Ponta se preg\u0103te\u0219te s\u0103 fraudeze alegerile preziden\u021biale din aceast\u0103 toamn\u0103.\u00a0De asemenea, ei au spus c\u0103 au informat ambasadele occidentale. Mitingul nu a fost lipsit de confort, manifestan\u021bii au stat pe scaune \u0219i, \u00een mod ironic, a fost adus\u0103 \u0219i o ma\u0219in\u0103 [&hellip;]<\/p>\n","protected":false},"author":1,"featured_media":198371,"comment_status":"open","ping_status":"","sticky":false,"template":"","format":"standard","meta":{"footnotes":""},"categories":[2],"tags":[11],"class_list":["post-198370","post","type-post","status-publish","format-standard","has-post-thumbnail","hentry","category-politics","tag-digi24"],"_links":{"self":[{"href":"https:\/\/analyse.optim.biz\/index.php?rest_route=\/wp\/v2\/posts\/198370","targetHints":{"allow":["GET"]}}],"collection":[{"href":"https:\/\/analyse.optim.biz\/index.php?rest_route=\/wp\/v2\/posts"}],"about":[{"href":"https:\/\/analyse.optim.biz\/index.php?rest_route=\/wp\/v2\/types\/post"}],"author":[{"embeddable":true,"href":"https:\/\/analyse.optim.biz\/index.php?rest_route=\/wp\/v2\/users\/1"}],"replies":[{"embeddable":true,"href":"https:\/\/analyse.optim.biz\/index.php?rest_route=%2Fwp%2Fv2%2Fcomments&post=198370"}],"version-history":[{"count":0,"href":"https:\/\/analyse.optim.biz\/index.php?rest_route=\/wp\/v2\/posts\/198370\/revisions"}],"wp:featuredmedia":[{"embeddable":true,"href":"https:\/\/analyse.optim.biz\/index.php?rest_route=\/wp\/v2\/media\/198371"}],"wp:attachment":[{"href":"https:\/\/analyse.optim.biz\/index.php?rest_route=%2Fwp%2Fv2%2Fmedia&parent=198370"}],"wp:term":[{"taxonomy":"category","embeddable":true,"href":"https:\/\/analyse.optim.biz\/index.php?rest_route=%2Fwp%2Fv2%2Fcategories&post=198370"},{"taxonomy":"post_tag","embeddable":true,"href":"https:\/\/analyse.optim.biz\/index.php?rest_route=%2Fwp%2Fv2%2Ftags&post=198370"}],"curies":[{"name":"wp","href":"https:\/\/api.w.org\/{rel}","templated":true}]}}