{"id":198291,"date":"2014-08-28T17:58:05","date_gmt":"2014-08-28T14:58:05","guid":{"rendered":"https:\/\/analyse.optim.biz\/?p=198291"},"modified":"2014-08-28T17:58:05","modified_gmt":"2014-08-28T14:58:05","slug":"sute-de-primari-isi-schimba-partidul-in-functie-de-guvernare","status":"publish","type":"post","link":"https:\/\/analyse.optim.biz\/?p=198291","title":{"rendered":"Sute de primari\u00a0\u00ee\u0219i schimb\u0103 partidul \u00een func\u021bie de guvernare"},"content":{"rendered":"<div class=\"entry data-app-meta data-app-meta-article\" data-embed-base-url-canonical=\"https:\/\/www.digi24.ro\/embed\/stiri\/actualitate\/politica\/sute-de-primari-isi-schimba-partidul-in-functie-de-guvernare-286611\">\n<p data-index=\"1\"><strong>Aurel Enache este primarul Comunei Comana,<\/strong> jude\u0163ul Giurgiu, din 2008. A fost ini\u0163ial membru PSD, a trecut apoi la PDL, la PNL, iar la \u00eenceputul anului s-a \u00eentors \u00een tab\u0103ra social-democra\u0163ilor. Edilul este cunoscut pentru alegerile sale politice.\u00a0<\/p>\n<p data-index=\"2\">Comuna nu are canalizare \u015fi nici gaze. Are \u00een schimb <strong>camere de supraveghere<\/strong>, iar trotuarele sunt din dale. Primarului \u00eei merge bine. Are un supermarket \u00een centrul comunei \u015fi un restaurant la intrarea \u00een localitate.\u00a0<\/p>\n<p data-index=\"3\">La doar 30 de k<span lang=\"en-US\">olometri<\/span> distan\u0163\u0103, \u00een ora\u015ful Mih\u0103ile\u015fti, Mihai Dobre este la c\u00e2rma prim\u0103riei din anul 2000. A fost membru PD, PDL, \u00een 2012 s-a \u00eenscris \u00een PNL, apoi&#8230;.\u00a0<\/p>\n<p data-index=\"4\">\u201e<span>Am func\u0163ionat \u00een USL, da, \u015fi-am r\u0103mas acum la PSD\u201d, a spus <strong>Mihai Dobre, primarul comunei Mih\u0103ile\u0219ti.<\/strong><\/span><strong>\u00a0<\/strong><\/p>\n<p data-index=\"5\">Motiva\u0163ia e simpl\u0103. \u201eNu e\u015fti la partidul care e la guvernare, nu ai nici bani s\u0103 faci treab\u0103 \u00een localitatea pe care o p\u0103store\u015fti\u201d, <span lang=\"en-US\">a ad<\/span>\u0103ugat primarul.\u00a0<\/p>\n<p data-index=\"6\">C\u00e2nd vine vorba de migra\u0163ia politic\u0103, primarul Mihai Dobre \u00ee\u015fi schimb\u0103 discursul. De\u015fi ini\u0163ial ne-a declarat c\u0103 e membru PSD, la sf\u00e2r\u015fitul interviului spune altceva.\u00a0<\/p>\n<p data-index=\"7\">\u201cCe spune\u0163i dumneavoastr\u0103 cu migra\u0163ia, eu nu sunt membru PSD. Eu sunt acum acum membru PNL, nu am plecat la&#8230;am r\u0103mas \u00een USL\u201d, <span lang=\"en-US\">a spus Mihai Dobre<\/span>.\u00a0<\/p>\n<p data-index=\"8\">Situa\u0163ia din jude\u0163ul Giurgiu nu e unic\u0103 \u00een \u0163ar\u0103. <strong>Mih\u0103i\u0163\u0103 M\u0103ncil\u0103 este primar din partea PP-DD \u00een comuna g\u0103l\u0103\u0163ean\u0103 Pechea<\/strong>. Este la primul mandat \u015fi cocheteaz\u0103 cu alt partid.<\/p>\n<p data-index=\"9\">\u00a0\u201eLa noi \u00een comun\u0103, majoritatea cet\u0103\u0163enilor sunt cu PSD. \u015ei dumneavoastr\u0103 o s\u0103 merge\u0163i tot la PSD? O s\u0103 merg acolo unde merg cet\u0103\u0163enii\u201d, <span lang=\"en-US\">a spus <\/span>Mih\u0103i\u0163\u0103 M\u0103ncil\u0103.<\/p>\n<p data-index=\"10\">Nici \u00een jude\u0163ul Bra\u015fov situa\u0163ia nu e diferit\u0103. \u00cen 2012 primarul localit\u0103\u0163ii <strong>Prejmer<\/strong> a trecut de la PSD la PDL. \u201e<span>Asta cu trecerea de la un partid la altul este o \u00eentrebare destul de delicat\u0103 c\u00e2nd o adresezi unui primar \u00een func\u0163ie\u201d, <\/span><span lang=\"en-US\">a spus <\/span><strong><span>\u0218erban Todoric\u0103-Constantin, primarul localit\u0103\u021bii.<\/span>\u00a0<\/strong><\/p>\n<p data-index=\"11\">Acum, spune c\u0103 este presat s\u0103 treac\u0103 de partea PSD.\u201e\u00cen urm\u0103 cu mai pu\u0163in de zece zile, am fost amendat cu 60.000 de lei pentru c\u0103, undeva \u00een localitatea Prejmer, canalizarea s-a stricat \u015fi a venit Garda de Mediu care este un PSD-ist a primit dispozi\u0163ii ca s\u0103 m\u0103 motiveze cu ghilimelele de rigoare, doar doar voi face un anumit pas \u00eenapoi\u201d, <span lang=\"en-US\">a spus <\/span>\u015eerban Todoric\u0103-Constantin.\u00a0<\/p>\n<p data-index=\"12\">\u00cen Constan\u0163a, comuna Independen\u0163a este condus\u0103 de 14 ani de acela\u015fi primar: <a href=\"https:\/\/www.digi24.ro\/Stiri\/Digi24\/Actualitate\/Politica\/Filozofia+traseismului+politic+Cel+mai+longeviv+primar+Care+mi-a\" target=\"_blank\" data-skip-linkfix=\"1\" rel=\"noopener\"><strong>Cristian G\u00e2scan<\/strong><\/a>. Este unul dintre cei mai vechi primari din Rom\u00e2nia \u015fi traseismul politic este ceva absolut firesc pentru el.\u00a0<\/p>\n<p data-index=\"13\">\u201e<span>Eu pot s\u0103 particip la ce partid vreau. Pe nea<\/span><span lang=\"en-US\">&#8216;<\/span><span> Ion \u015fi pe nea<\/span><span lang=\"en-US\">&#8216;<\/span><span> Gheorghe nu-l intereseaz\u0103 la ce partid sunt eu (&#8230;) Deci eu, da, sunt exemplu viu, m-am mutat la toare partidele care mi-au dat bani s\u0103 fac treab\u0103, am semnat adeziunea. Care e problema? <\/span><span lang=\"en-US\">A<\/span><span>m \u00eenceput cu PDAR-ul care s-a desfiin\u0163at, am fost la PD, am fost la PDL, am fost la liberali, am \u00eenceput cu FSN-ul \u015fi care a fost la guvernare \u015fi mi-a dat bani s\u0103 fac treab\u0103, cu \u0103la m-am dus\u201d, <\/span><span lang=\"en-US\">a spus <\/span><span>Cristian G\u00e2scan.<\/span><\/p>\n<\/div>\n<p> Source URL: https:\/\/www.digi24.ro\/stiri\/actualitate\/politica\/sute-de-primari-isi-schimba-partidul-in-functie-de-guvernare-286611<\/p>\n","protected":false},"excerpt":{"rendered":"<p>Aurel Enache este primarul Comunei Comana, jude\u0163ul Giurgiu, din 2008. A fost ini\u0163ial membru PSD, a trecut apoi la PDL, la PNL, iar la \u00eenceputul anului s-a \u00eentors \u00een tab\u0103ra social-democra\u0163ilor. Edilul este cunoscut pentru alegerile sale politice.\u00a0 Comuna nu are canalizare \u015fi nici gaze. Are \u00een schimb camere de supraveghere, iar trotuarele sunt din [&hellip;]<\/p>\n","protected":false},"author":1,"featured_media":198292,"comment_status":"open","ping_status":"","sticky":false,"template":"","format":"standard","meta":{"footnotes":""},"categories":[2],"tags":[11],"class_list":["post-198291","post","type-post","status-publish","format-standard","has-post-thumbnail","hentry","category-politics","tag-digi24"],"_links":{"self":[{"href":"https:\/\/analyse.optim.biz\/index.php?rest_route=\/wp\/v2\/posts\/198291","targetHints":{"allow":["GET"]}}],"collection":[{"href":"https:\/\/analyse.optim.biz\/index.php?rest_route=\/wp\/v2\/posts"}],"about":[{"href":"https:\/\/analyse.optim.biz\/index.php?rest_route=\/wp\/v2\/types\/post"}],"author":[{"embeddable":true,"href":"https:\/\/analyse.optim.biz\/index.php?rest_route=\/wp\/v2\/users\/1"}],"replies":[{"embeddable":true,"href":"https:\/\/analyse.optim.biz\/index.php?rest_route=%2Fwp%2Fv2%2Fcomments&post=198291"}],"version-history":[{"count":0,"href":"https:\/\/analyse.optim.biz\/index.php?rest_route=\/wp\/v2\/posts\/198291\/revisions"}],"wp:featuredmedia":[{"embeddable":true,"href":"https:\/\/analyse.optim.biz\/index.php?rest_route=\/wp\/v2\/media\/198292"}],"wp:attachment":[{"href":"https:\/\/analyse.optim.biz\/index.php?rest_route=%2Fwp%2Fv2%2Fmedia&parent=198291"}],"wp:term":[{"taxonomy":"category","embeddable":true,"href":"https:\/\/analyse.optim.biz\/index.php?rest_route=%2Fwp%2Fv2%2Fcategories&post=198291"},{"taxonomy":"post_tag","embeddable":true,"href":"https:\/\/analyse.optim.biz\/index.php?rest_route=%2Fwp%2Fv2%2Ftags&post=198291"}],"curies":[{"name":"wp","href":"https:\/\/api.w.org\/{rel}","templated":true}]}}