{"id":198273,"date":"2014-08-28T20:23:42","date_gmt":"2014-08-28T17:23:42","guid":{"rendered":"https:\/\/analyse.optim.biz\/?p=198273"},"modified":"2014-08-28T20:23:42","modified_gmt":"2014-08-28T17:23:42","slug":"traian-basescu-csat-va-fi-pe-3-septembrie-nu-are-ca-obiectiv-ucraina-ci-e-premergator-summit-ului-nato","status":"publish","type":"post","link":"https:\/\/analyse.optim.biz\/?p=198273","title":{"rendered":"Traian B\u0103sescu: CSAT va fi pe 3 septembrie. Nu are ca obiectiv Ucraina, ci e premerg\u0103tor Summit-ului NATO"},"content":{"rendered":"<div class=\"entry data-app-meta data-app-meta-article\" data-embed-base-url-canonical=\"https:\/\/www.digi24.ro\/embed\/stiri\/actualitate\/politica\/traian-basescu-csat-va-fi-pe-3-septembrie-nu-are-ca-obiectiv-ucraina-ci-e-premergator-summit-ului-nato-286641\">\n<p data-index=\"1\"><img decoding=\"async\" src=\"https:\/\/analyse.optim.biz\/wp-content\/uploads\/2024\/09\/jmhhc2g9ywrjnmrkmthhy2izzmnjmtqwywuyztkznjnjzjhizjq-thumb_.jpg\" data-skip-htmlfix=\"1\" title=\"jmhhc2g9ywrjnmrkmthhy2izzmnjmtqwywuyztkznjnjzjhizjq-thumb_\"><\/p>\n<p data-index=\"2\">\u201e<span>Consiliul Suprem de Ap\u0103rare al \u0162\u0103rii va avea loc pe 3 septembrie, dar nu are ca obiectiv Ucraina. Este un CSAT premerg\u0103tor Summit-ului NATO din 4-5 septembrie. Fa\u0163\u0103 de situa\u0163ia actual\u0103, nu se impune convocarea CSAT, este for\u0163at\u0103\u201d, a precizat pre\u015fedintele Traian B\u0103sescu.<\/span><\/p>\n<p data-index=\"3\">\u00centrebat dac\u0103 va mai avea \u015fedin\u0163e de lucru pe tema Ucrainei, \u015feful statului a men\u0163ionat c\u0103 va mai avea astfel de \u015fedin\u0163e, \u00een componen\u0163a reuniunii de joi, potrivit Mediafax.<\/p>\n<p data-index=\"4\">Ministrul de Externe,<a href=\"https:\/\/www.digi24.ro\/Stiri\/Digi24\/Actualitate\/Stiri\/Titus+Corlatean+Situatia+din+Ucraina+este+indeajuns+de+grava+S-a\" target=\"_blank\" data-skip-linkfix=\"1\" rel=\"noopener\">Titus Corl\u0103\u0163ean, a declarat ast\u0103zi<\/a> c\u0103 s-ar impune convocarea CSAT \u00een contextul ultimelor evenimente din Ucraina, dar a subliniat c\u0103 acesta este atributul pre\u015fedintelui.<\/p>\n<p data-index=\"5\">\u00centrebat dac\u0103 se impune convocarea CSAT \u00een urma evenimentelor din estul Ucrainei, Titus Corl\u0103\u0163ean a precizat c\u0103, de\u015fi nu este un risc de securitate direct la adresa Rom\u00e2niei, \u201es-ar impune\u201d o convocare a CSAT.<\/p>\n<p data-index=\"6\">\u201eE atributul pre\u015fedintelui, e cazul s\u0103 anun\u0163e Pre\u015fedin\u0163ia\u201d, a mai spus Corl\u0103\u0163ean.<\/p>\n<\/div>\n<p> Source URL: https:\/\/www.digi24.ro\/stiri\/actualitate\/politica\/traian-basescu-csat-va-fi-pe-3-septembrie-nu-are-ca-obiectiv-ucraina-ci-e-premergator-summit-ului-nato-286641<\/p>\n","protected":false},"excerpt":{"rendered":"<p>\u201eConsiliul Suprem de Ap\u0103rare al \u0162\u0103rii va avea loc pe 3 septembrie, dar nu are ca obiectiv Ucraina. Este un CSAT premerg\u0103tor Summit-ului NATO din 4-5 septembrie. Fa\u0163\u0103 de situa\u0163ia actual\u0103, nu se impune convocarea CSAT, este for\u0163at\u0103\u201d, a precizat pre\u015fedintele Traian B\u0103sescu. \u00centrebat dac\u0103 va mai avea \u015fedin\u0163e de lucru pe tema Ucrainei, \u015feful [&hellip;]<\/p>\n","protected":false},"author":1,"featured_media":198274,"comment_status":"open","ping_status":"","sticky":false,"template":"","format":"standard","meta":{"footnotes":""},"categories":[2],"tags":[11],"class_list":["post-198273","post","type-post","status-publish","format-standard","has-post-thumbnail","hentry","category-politics","tag-digi24"],"_links":{"self":[{"href":"https:\/\/analyse.optim.biz\/index.php?rest_route=\/wp\/v2\/posts\/198273","targetHints":{"allow":["GET"]}}],"collection":[{"href":"https:\/\/analyse.optim.biz\/index.php?rest_route=\/wp\/v2\/posts"}],"about":[{"href":"https:\/\/analyse.optim.biz\/index.php?rest_route=\/wp\/v2\/types\/post"}],"author":[{"embeddable":true,"href":"https:\/\/analyse.optim.biz\/index.php?rest_route=\/wp\/v2\/users\/1"}],"replies":[{"embeddable":true,"href":"https:\/\/analyse.optim.biz\/index.php?rest_route=%2Fwp%2Fv2%2Fcomments&post=198273"}],"version-history":[{"count":0,"href":"https:\/\/analyse.optim.biz\/index.php?rest_route=\/wp\/v2\/posts\/198273\/revisions"}],"wp:featuredmedia":[{"embeddable":true,"href":"https:\/\/analyse.optim.biz\/index.php?rest_route=\/wp\/v2\/media\/198274"}],"wp:attachment":[{"href":"https:\/\/analyse.optim.biz\/index.php?rest_route=%2Fwp%2Fv2%2Fmedia&parent=198273"}],"wp:term":[{"taxonomy":"category","embeddable":true,"href":"https:\/\/analyse.optim.biz\/index.php?rest_route=%2Fwp%2Fv2%2Fcategories&post=198273"},{"taxonomy":"post_tag","embeddable":true,"href":"https:\/\/analyse.optim.biz\/index.php?rest_route=%2Fwp%2Fv2%2Ftags&post=198273"}],"curies":[{"name":"wp","href":"https:\/\/api.w.org\/{rel}","templated":true}]}}